{"id":14392,"date":"2017-02-17T11:13:25","date_gmt":"2017-02-17T10:13:25","guid":{"rendered":"http:\/\/miradordeatarfe.es\/?p=14392"},"modified":"2017-02-16T23:16:42","modified_gmt":"2017-02-16T22:16:42","slug":"atarfe-la-policia-local-intensificara-el-control-en-los-aparcamientos","status":"publish","type":"post","link":"https:\/\/miradordeatarfe.es\/?p=14392","title":{"rendered":"ATARFE: La Polic\u00eda Local intensificar\u00e1 el control en los aparcamientos"},"content":{"rendered":"<p><span class=\"contenidos_subtitulo\">El Ayuntamiento inicia una campa\u00f1a informativa para que se respeten los estacionamientos reservados a autobuses, discapacitados, carga y descarga y los pasos de peatones.<br \/>\n<\/span><br \/>\n<!--more--><\/p>\n<div><\/div>\n<div>El Ayuntamiento de Atarfe y la Polic\u00eda Local han puesto en marcha una <strong>campa\u00f1a informativa para evitar que los veh\u00edculos no autorizados aparquen en las zonas de carga y descarga, paradas de autobuses, estacionamiento reservado para discapacitados, aceras y paso de peatones<\/strong>.<\/div>\n<div><\/div>\n<div>Dicha campa\u00f1a conlleva intensificar los controles en el centro del municipio para que no se entorpezca la circulaci\u00f3n tanto de veh\u00edculos como de peatones.<\/div>\n<div><\/div>\n<div>Como primera medida se han instalado una serie de carteles en dos de las paradas de la Avenida de Andaluc\u00eda o calle Real, donde se informa a los conductores del inicio de la campa\u00f1a y de la necesidad de respetar la ordenanza de tr\u00e1fico en los lugares reservados para las paradas de autobuses y zonas de carga y descarga.<\/div>\n<div><\/div>\n<div>La vigilancia de la Polic\u00eda Local se centrar\u00e1 la pr\u00f3xima semana en los estacionamientos reservados para personas con alg\u00fan tipo de discapacidad, estacionamientos en aceras y obstaculizaci\u00f3n de pasos de peatones.<\/div>\n<div><\/div>\n<div>La infracci\u00f3n de la norma conllevar\u00e1 multas en funci\u00f3n de su gravedad. Estacionar en una parada de autob\u00fas se contempla en la ordenanza municipal como una infracci\u00f3n grave que se sanciona con 200 euros, lo mismo que aparcar en un lugar reservado para personas con discapacidad. En dicha ordenanza figuran como infracciones leves el incumplimiento de la norma en zonas de carga y descarga, aceras y pasos de peatones; y se castigan con el pago de 100 euros.<\/div>\n<div><\/div>\n<div>Desde la Concejal\u00eda de Tr\u00e1fico y Polic\u00eda Local se hace un llamamiento a la responsabilidad de los conductores para que tengan en cuenta que el cumplimiento de las normas es una obligaci\u00f3n de todos.<\/div>\n<div><\/div>\n<div><img data-recalc-dims=\"1\" loading=\"lazy\" decoding=\"async\" src=\"https:\/\/i0.wp.com\/www.ciudadatarfe.com\/data\/fotos_contenidos_web\/1675_1993_20170215123200.jpg?resize=442%2C295\" width=\"442\" height=\"295\" border=\"0\" \/><\/div>\n<div><\/div>\n<p>&nbsp;<\/p>\n","protected":false},"excerpt":{"rendered":"<p>El Ayuntamiento inicia una campa\u00f1a informativa para que se respeten los estacionamientos reservados a autobuses,&#8230;<\/p>\n","protected":false},"author":1,"featured_media":14394,"comment_status":"closed","ping_status":"closed","sticky":false,"template":"","format":"standard","meta":{"_coblocks_attr":"","_coblocks_dimensions":"","_coblocks_responsive_height":"","_coblocks_accordion_ie_support":"","jetpack_post_was_ever_published":false,"_jetpack_newsletter_access":"","_jetpack_dont_email_post_to_subs":false,"_jetpack_newsletter_tier_id":0,"_jetpack_memberships_contains_paywalled_content":false,"_jetpack_memberships_contains_paid_content":false,"footnotes":"","jetpack_publicize_message":"","jetpack_publicize_feature_enabled":true,"jetpack_social_post_already_shared":false,"jetpack_social_options":{"image_generator_settings":{"template":"highway","default_image_id":0,"enabled":false},"version":2}},"categories":[2,1161,186,9,44,15],"tags":[2874,81,683],"class_list":["post-14392","post","type-post","status-publish","format-standard","has-post-thumbnail","hentry","category-atarfe","category-ciudadania","category-instituciones","category-medio-ambiente","category-noticias-de-hoy","category-ultimas-noticias","tag-aparcamientos","tag-atarfe","tag-policia-local"],"jetpack_publicize_connections":[],"jetpack_featured_media_url":"https:\/\/i0.wp.com\/miradordeatarfe.es\/wp-content\/uploads\/2017\/02\/1675_1992_20170215115440.jpg?fit=442%2C295&ssl=1","jetpack_likes_enabled":true,"jetpack_sharing_enabled":true,"_links":{"self":[{"href":"https:\/\/miradordeatarfe.es\/index.php?rest_route=\/wp\/v2\/posts\/14392","targetHints":{"allow":["GET"]}}],"collection":[{"href":"https:\/\/miradordeatarfe.es\/index.php?rest_route=\/wp\/v2\/posts"}],"about":[{"href":"https:\/\/miradordeatarfe.es\/index.php?rest_route=\/wp\/v2\/types\/post"}],"author":[{"embeddable":true,"href":"https:\/\/miradordeatarfe.es\/index.php?rest_route=\/wp\/v2\/users\/1"}],"replies":[{"embeddable":true,"href":"https:\/\/miradordeatarfe.es\/index.php?rest_route=%2Fwp%2Fv2%2Fcomments&post=14392"}],"version-history":[{"count":1,"href":"https:\/\/miradordeatarfe.es\/index.php?rest_route=\/wp\/v2\/posts\/14392\/revisions"}],"predecessor-version":[{"id":14393,"href":"https:\/\/miradordeatarfe.es\/index.php?rest_route=\/wp\/v2\/posts\/14392\/revisions\/14393"}],"wp:featuredmedia":[{"embeddable":true,"href":"https:\/\/miradordeatarfe.es\/index.php?rest_route=\/wp\/v2\/media\/14394"}],"wp:attachment":[{"href":"https:\/\/miradordeatarfe.es\/index.php?rest_route=%2Fwp%2Fv2%2Fmedia&parent=14392"}],"wp:term":[{"taxonomy":"category","embeddable":true,"href":"https:\/\/miradordeatarfe.es\/index.php?rest_route=%2Fwp%2Fv2%2Fcategories&post=14392"},{"taxonomy":"post_tag","embeddable":true,"href":"https:\/\/miradordeatarfe.es\/index.php?rest_route=%2Fwp%2Fv2%2Ftags&post=14392"}],"curies":[{"name":"wp","href":"https:\/\/api.w.org\/{rel}","templated":true}]}}