{"id":14489,"date":"2017-02-22T10:26:34","date_gmt":"2017-02-22T09:26:34","guid":{"rendered":"http:\/\/miradordeatarfe.es\/?p=14489"},"modified":"2017-02-21T11:29:32","modified_gmt":"2017-02-21T10:29:32","slug":"por-un-acuerdo-educativo-estable-y-eficaz-en-espana","status":"publish","type":"post","link":"https:\/\/miradordeatarfe.es\/?p=14489","title":{"rendered":"Por un acuerdo educativo estable y eficaz en Espa\u00f1a"},"content":{"rendered":"<div class=\"row content cols-30-70\">\n<aside class=\"aside-tools byline-tools\">\n<aside class=\"aside-tools js_fixed\">\n<p style=\"text-align: justify;\">El pacto pol\u00edtico y social para conseguir un sistema educativo estable y eficiente en Espa\u00f1a es una necesidad ineludible. Son ya muchos a\u00f1os de experiencia en los que <strong>los cambios legislativos constantes han impedido desarrollar un modelo equiparable en resultados a los de la mayor\u00eda de los pa\u00edses de nuestro entorno<\/strong> y, sobre todo, capaz de aportar progreso a la sociedad.<\/p>\n<p style=\"text-align: justify;\">\n<p style=\"text-align: justify;\">As\u00ed lo manifest\u00f3 Jos\u00e9 Manuel Cendoya, vicepresidente del Banco Santander, durante su participaci\u00f3n en el foro <em>Educaci\u00f3n, esa asignatura pendiente<\/em>, organizado por EL MUNDO y <em>Expansi\u00f3n<\/em>, al afirmar que la \u00abprosperidad de las sociedades depende de la fortaleza y la calidad de sus sistemas educativos\u00bb.<\/p>\n<\/aside>\n<\/aside>\n<p style=\"text-align: justify;\">El foro ha contado con la participaci\u00f3n de cuatro de los ministros de Educaci\u00f3n de la democracia: <strong>Gustavo Su\u00e1rez Pertierra<\/strong> y <strong>\u00c1ngel Gabilondo<\/strong>, por el PSOE, y <strong>Esperanza Aguirre<\/strong> y <strong>Pilar del Castillo<\/strong>, por el PP. Los cuatro pol\u00edticos se mostraron de acuerdo en que la composici\u00f3n actual del Parlamento puede ayudar a plantearse a fondo esa reforma del sistema educativo. Y a lo largo de sus intervenciones se vio que ahora, al menos, el punto de partida est\u00e1 m\u00e1s claro que nunca: hay \u00abvoluntad\u00bb de llegar a un acuerdo, como reconocieron todos, dejando al margen cuestiones ideol\u00f3gicas que en otras ocasiones hab\u00edan impedido cualquier acercamiento.<\/p>\n<p style=\"text-align: justify;\">Los ex ministros reconocieron que ese pacto educativo debe sustentarse sobre tres pilares: primero, <strong>el acuerdo debe contar con la sociedad<\/strong>, con todos los agentes implicados en el proceso educativo, sobre todo con las familias. Segundo, <strong>el sistema de ense\u00f1anza debe rendir cuentas<\/strong> -\u00ablo que no se eval\u00faa se deval\u00faa\u00bb, dijo Gabilondo- y se debe avanzar en la autonom\u00eda de los centros. Tercero, <strong>hay que plantear una profunda reforma del modelo de acceso a la carrera docente<\/strong> y de la formaci\u00f3n continua del profesorado, porque \u00ablos profesores son el factor cr\u00edtico\u00bb en la ense\u00f1anza, como afirm\u00f3 Del Castillo en su intervenci\u00f3n. Tambi\u00e9n hubo un cierto consenso en la necesidad de \u00abconstruir un sistema estable, orientado a la excelencia y que garantice la igualdad de oportunidades\u00bb, como dijo Gabilondo. Una cuesti\u00f3n con la que estamos de acuerdo porque sin exigencia a los alumnos y a los docentes es implanteable un sistema educativo de calidad.<\/p>\n<p style=\"text-align: justify;\">Pero aunque parezca que el PP y el PSOE est\u00e1n de acuerdo en las l\u00edneas b\u00e1sicas, <strong>avanzar en ese pacto por la Educaci\u00f3n va a ser m\u00e1s dif\u00edcil de lo que parece, porque las competencias educativas est\u00e1n totalmente descentralizadas<\/strong>. \u00abLa cuesti\u00f3n territorial es un problema de primera magnitud\u00bb, dijo con raz\u00f3n Su\u00e1rez Pertierra. Tras recordar que el 86% de los presupuestos de la ense\u00f1anza est\u00e1n gestionados por las autonom\u00edas, a\u00f1adi\u00f3 que el modelo \u00abno funcionar\u00e1 si no hay un pacto con las autonom\u00edas que permita y desarrolle las competencias de cada administraci\u00f3n educativa\u00bb.<\/p>\n<p style=\"text-align: justify;\">En este sentido, hay que recordar que la constituci\u00f3n de la subcomisi\u00f3n parlamentaria que va a estudiar el pacto por la Educaci\u00f3n, en diciembre, cont\u00f3 con la <strong>abstenci\u00f3n de los principales partidos nacionalistas<\/strong>, PNV, PdeCat, ERC y Bildu, ante el miedo a que se legisle \u00abpensando en una \u00fanica Espa\u00f1a\u00bb. Y de estos partidos depende que ese pacto -si llega alguna vez- se aplique en los territorios que gobiernan. Porque lo que est\u00e1 claro es que el principio b\u00e1sico del gran acuerdo debe partir del principio de igualdad de todos los espa\u00f1oles.<\/p>\n<p style=\"text-align: justify;\">Con todo, hemos de felicitarnos porque, por primera vez en la democracia, <strong>los dos grandes partidos est\u00e9n de acuerdo en empezar a andar conjuntamente el camino hacia la reforma del sistema educativo<\/strong>. Labor de todos es ahora que llegue a buen t\u00e9rmino. La \u00abprosperidad\u00bb futura del pa\u00eds est\u00e1 en juego.<\/p>\n<\/div>\n<p><a href=\"http:\/\/www.elmundo.es\/opinion\/2017\/02\/21\/58ab44c946163faa1b8b45f5.html\">http:\/\/www.elmundo.es\/opinion\/2017\/02\/21\/58ab44c946163faa1b8b45f5.html<\/a><\/p>\n","protected":false},"excerpt":{"rendered":"<p>El pacto pol\u00edtico y social para conseguir un sistema educativo estable y eficiente en Espa\u00f1a&#8230;<\/p>\n","protected":false},"author":1,"featured_media":14490,"comment_status":"closed","ping_status":"closed","sticky":false,"template":"","format":"standard","meta":{"_coblocks_attr":"","_coblocks_dimensions":"","_coblocks_responsive_height":"","_coblocks_accordion_ie_support":"","jetpack_post_was_ever_published":false,"_jetpack_newsletter_access":"","_jetpack_dont_email_post_to_subs":false,"_jetpack_newsletter_tier_id":0,"_jetpack_memberships_contains_paywalled_content":false,"_jetpack_memberships_contains_paid_content":false,"footnotes":"","jetpack_publicize_message":"","jetpack_publicize_feature_enabled":true,"jetpack_social_post_already_shared":false,"jetpack_social_options":{"image_generator_settings":{"template":"highway","default_image_id":0,"enabled":false},"version":2}},"categories":[1161,44,15],"tags":[153,27,1731],"class_list":["post-14489","post","type-post","status-publish","format-standard","has-post-thumbnail","hentry","category-ciudadania","category-noticias-de-hoy","category-ultimas-noticias","tag-autonomias","tag-educacion","tag-pacto"],"jetpack_publicize_connections":[],"jetpack_featured_media_url":"https:\/\/i0.wp.com\/miradordeatarfe.es\/wp-content\/uploads\/2017\/02\/14876192635822.jpg?fit=660%2C407&ssl=1","jetpack_likes_enabled":true,"jetpack_sharing_enabled":true,"_links":{"self":[{"href":"https:\/\/miradordeatarfe.es\/index.php?rest_route=\/wp\/v2\/posts\/14489","targetHints":{"allow":["GET"]}}],"collection":[{"href":"https:\/\/miradordeatarfe.es\/index.php?rest_route=\/wp\/v2\/posts"}],"about":[{"href":"https:\/\/miradordeatarfe.es\/index.php?rest_route=\/wp\/v2\/types\/post"}],"author":[{"embeddable":true,"href":"https:\/\/miradordeatarfe.es\/index.php?rest_route=\/wp\/v2\/users\/1"}],"replies":[{"embeddable":true,"href":"https:\/\/miradordeatarfe.es\/index.php?rest_route=%2Fwp%2Fv2%2Fcomments&post=14489"}],"version-history":[{"count":1,"href":"https:\/\/miradordeatarfe.es\/index.php?rest_route=\/wp\/v2\/posts\/14489\/revisions"}],"predecessor-version":[{"id":14491,"href":"https:\/\/miradordeatarfe.es\/index.php?rest_route=\/wp\/v2\/posts\/14489\/revisions\/14491"}],"wp:featuredmedia":[{"embeddable":true,"href":"https:\/\/miradordeatarfe.es\/index.php?rest_route=\/wp\/v2\/media\/14490"}],"wp:attachment":[{"href":"https:\/\/miradordeatarfe.es\/index.php?rest_route=%2Fwp%2Fv2%2Fmedia&parent=14489"}],"wp:term":[{"taxonomy":"category","embeddable":true,"href":"https:\/\/miradordeatarfe.es\/index.php?rest_route=%2Fwp%2Fv2%2Fcategories&post=14489"},{"taxonomy":"post_tag","embeddable":true,"href":"https:\/\/miradordeatarfe.es\/index.php?rest_route=%2Fwp%2Fv2%2Ftags&post=14489"}],"curies":[{"name":"wp","href":"https:\/\/api.w.org\/{rel}","templated":true}]}}