{"id":145,"date":"2015-02-11T09:14:21","date_gmt":"2015-02-11T09:14:21","guid":{"rendered":"http:\/\/miradordeatarfe.es\/?p=145"},"modified":"2015-03-11T09:18:04","modified_gmt":"2015-03-11T09:18:04","slug":"presentacion-del-proyecto-camina-pedalea-y-corre","status":"publish","type":"post","link":"https:\/\/miradordeatarfe.es\/?p=145","title":{"rendered":"PRESENTACI\u00d3N DEL \u201cPROYECTO CAMINA, PEDALEA Y CORRE\u201d,"},"content":{"rendered":"<div id=\"post-body-7664159470053396355\" class=\"post-body entry-content\">\n<h4><a href=\"http:\/\/www.acidesa.es\/data\/ficherosadjuntos_contenidosweb\/contenidos_538_609_20150305114830.pdf\" target=\"_blank\">\u00a0LUNES 9 DE MARZO A LAS 18.00 h.<\/a> EN EL CENTRO CULTURAL MEDINA ELVIRA<\/h4>\n<\/div>\n<p><!--more--><a href=\"http:\/\/www.acidesa.es\/data\/ficherosadjuntos_contenidosweb\/contenidos_538_609_20150305114830.pdf\" target=\"_blank\">Os invitamos a la presentaci\u00f3n del\u00a0 \u201cProyecto Camina, Pedalea y Corre\u201d, el pr\u00f3ximo lunes\u00a0 9 de Marzo a las 18.00 h, en el Centro Cultural Medina Elvira.Este proyecto\u00a0 ha sido elaborado por un equipo multidisciplinar y cuyo principal objetivo es el fomento de la actividad f\u00edsica al aire libre en el municipio de Atarfe, aprovechando el paisaje natural y cuidando la alimentaci\u00f3n.Como resultado se han dise\u00f1ado 5 rutas, cada una con una tem\u00e1tica diferente y en las cuales se han medido una serie de par\u00e1metros como: el tiempo, la distancia y el gasto energ\u00e9tico.Para complementar este proyecto y darle un uso pedag\u00f3gico tambi\u00e9n se han realizado dos cuadernos de campo de distintos parques de Atarfe, con el fin de aunar deporte, naturaleza y diversi\u00f3n.<\/a><\/p>\n<p>Por esta ruta pasar\u00e1s por casi todos los parques de tu localidad. \u00a1Con\u00f3celos!<\/p>\n<p><a href=\"https:\/\/i0.wp.com\/miradordeatarfe.es\/wp-content\/uploads\/2015\/03\/10388561_1539843316279225_848750863058466684_n.jpg?ssl=1\"><img data-recalc-dims=\"1\" loading=\"lazy\" decoding=\"async\" class=\"alignnone size-full wp-image-146\" src=\"https:\/\/i0.wp.com\/miradordeatarfe.es\/wp-content\/uploads\/2015\/03\/10388561_1539843316279225_848750863058466684_n.jpg?resize=640%2C480&#038;ssl=1\" alt=\"10388561_1539843316279225_848750863058466684_n\" width=\"640\" height=\"480\" \/><\/a><\/p>\n","protected":false},"excerpt":{"rendered":"<p>\u00a0LUNES 9 DE MARZO A LAS 18.00 h. EN EL CENTRO CULTURAL MEDINA ELVIRA<\/p>\n","protected":false},"author":1,"featured_media":0,"comment_status":"closed","ping_status":"closed","sticky":false,"template":"","format":"standard","meta":{"_coblocks_attr":"","_coblocks_dimensions":"","_coblocks_responsive_height":"","_coblocks_accordion_ie_support":"","jetpack_post_was_ever_published":false,"_jetpack_newsletter_access":"","_jetpack_dont_email_post_to_subs":false,"_jetpack_newsletter_tier_id":0,"_jetpack_memberships_contains_paywalled_content":false,"_jetpack_memberships_contains_paid_content":false,"footnotes":"","jetpack_publicize_message":"","jetpack_publicize_feature_enabled":true,"jetpack_social_post_already_shared":false,"jetpack_social_options":{"image_generator_settings":{"template":"highway","default_image_id":0,"enabled":false},"version":2}},"categories":[2],"tags":[82,83,84],"class_list":["post-145","post","type-post","status-publish","format-standard","hentry","category-atarfe","tag-camina","tag-corre","tag-pedalea"],"jetpack_publicize_connections":[],"jetpack_featured_media_url":"","jetpack_likes_enabled":true,"jetpack_sharing_enabled":true,"_links":{"self":[{"href":"https:\/\/miradordeatarfe.es\/index.php?rest_route=\/wp\/v2\/posts\/145","targetHints":{"allow":["GET"]}}],"collection":[{"href":"https:\/\/miradordeatarfe.es\/index.php?rest_route=\/wp\/v2\/posts"}],"about":[{"href":"https:\/\/miradordeatarfe.es\/index.php?rest_route=\/wp\/v2\/types\/post"}],"author":[{"embeddable":true,"href":"https:\/\/miradordeatarfe.es\/index.php?rest_route=\/wp\/v2\/users\/1"}],"replies":[{"embeddable":true,"href":"https:\/\/miradordeatarfe.es\/index.php?rest_route=%2Fwp%2Fv2%2Fcomments&post=145"}],"version-history":[{"count":1,"href":"https:\/\/miradordeatarfe.es\/index.php?rest_route=\/wp\/v2\/posts\/145\/revisions"}],"predecessor-version":[{"id":147,"href":"https:\/\/miradordeatarfe.es\/index.php?rest_route=\/wp\/v2\/posts\/145\/revisions\/147"}],"wp:attachment":[{"href":"https:\/\/miradordeatarfe.es\/index.php?rest_route=%2Fwp%2Fv2%2Fmedia&parent=145"}],"wp:term":[{"taxonomy":"category","embeddable":true,"href":"https:\/\/miradordeatarfe.es\/index.php?rest_route=%2Fwp%2Fv2%2Fcategories&post=145"},{"taxonomy":"post_tag","embeddable":true,"href":"https:\/\/miradordeatarfe.es\/index.php?rest_route=%2Fwp%2Fv2%2Ftags&post=145"}],"curies":[{"name":"wp","href":"https:\/\/api.w.org\/{rel}","templated":true}]}}