{"id":14506,"date":"2017-02-23T10:25:17","date_gmt":"2017-02-23T09:25:17","guid":{"rendered":"http:\/\/miradordeatarfe.es\/?p=14506"},"modified":"2017-02-21T12:28:24","modified_gmt":"2017-02-21T11:28:24","slug":"otra-epoca-otro-lugar-la-misma-historia","status":"publish","type":"post","link":"https:\/\/miradordeatarfe.es\/?p=14506","title":{"rendered":"Otra \u00e9poca, otro lugar, la misma historia"},"content":{"rendered":"<p class=\"articulo-subtitulo\">El documental \u2018La ni\u00f1a bonita\u2019 destaca que la frustraci\u00f3n y el desamparo de las personas refugiadas son los mismos en cuaquier latitud o momento hist\u00f3rico<!--more--><\/p>\n<div id=\"cuerpo_noticia\" class=\"articulo-cuerpo\">\n<p dir=\"ltr\">La ni\u00f1a bonita protagonista del documental del mismo nombre dirigido por Julieta Cherep es Hala, de la provincia siria de Homs. La ni\u00f1a bonita tambi\u00e9n es F\u00e1tima, de nueve a\u00f1os, que recoge en su cuaderno de dibujos las pesadillas acumuladas a lo largo de un conflicto que est\u00e1 a punto de cumplir su sexto a\u00f1o. La ni\u00f1a bonita es cualquiera de los 6,6 millones de civiles sirios que han tenido que abandonar sus hogares y desplazarse a otro lugar a medida que la guerra les ha ido asediando.<\/p>\n<p dir=\"ltr\">En la actualidad, hay 65,3 millones de desplazados en el mundo, casi la misma poblaci\u00f3n que tiene Francia. Casi la mitad son menores. La historia narrada por el documental es la de cualquier ni\u00f1o o ni\u00f1a obligados a crecer de golpe, en cualquier latitud y en cualquier \u00e9poca, como tambi\u00e9n le ocurri\u00f3 a Mirta Drago, hoy directora de comunicaci\u00f3n de Mediaset Espa\u00f1a, que fue a un campo de refugiados en Lagadikia (Grecia) para encontrar a Hala y su familia.<\/p>\n<p dir=\"ltr\">Drago no es siria, pero a los 15 a\u00f1os tuvo que dejar su hogar en Santiago de Chile debido al golpe de Estado liderado por el general Augusto Pinochet y vivir como refugiada en el extranjero. M\u00e1s de cuatro d\u00e9cadas despu\u00e9s, la historia se repite. Hala ten\u00eda 12 a\u00f1os cuando empez\u00f3 la guerra en Siria. Hasta entonces su vida hab\u00eda estado marcada por los juegos entre amigos, los estudios y el sue\u00f1o de convertirse en ingeniera inform\u00e1tica. Lo \u00fanico que conserva de esa \u00e9poca es una peque\u00f1a mochila en la que guarda algunas pertenencias. Su hogar en Homs ya no existe: fue saqueado, quemado y finalmente destruido.<\/p>\n<p dir=\"ltr\">\u00abLo que m\u00e1s tem\u00edamos de la guerra era perder nuestra casa. Y la perdimos. Tem\u00edamos perder nuestros estudios y los perdimos. Lo que m\u00e1s miedo me daba era perder a alguien de mi familia o que le pasara algo. Mi t\u00edo fue asesinado y mi padre se tuvo que alejar de nosotros por culpa de la guerra. Todo lo que tem\u00eda me ha pasado\u00bb, dice con una seriedad normalmente impropia de las chicas de su edad.<\/p>\n<p dir=\"ltr\">Como ella, los otros j\u00f3venes que viven el campo sue\u00f1an con tener una habitaci\u00f3n que no sea una tienda de campa\u00f1a, volver a estudiar y llevar una vida normal, como la que les arrebat\u00f3 el conflicto. \u00abLo que nos sobra aqu\u00ed es tiempo\u00bb, explica Hala, insistiendo en la frustraci\u00f3n de ver los meses pasar sin nada que hacer adem\u00e1s de esperar un visado para empezar desde cero en un nuevo pa\u00eds. \u00abNo solo somos n\u00fameros, somos gente que piensa\u00bb.<\/p>\n<p dir=\"ltr\">El documental, realizado por 12 Meses y el comit\u00e9 espa\u00f1ol de Acnur, la Agencia de la ONU para los Refugiados, quiere poner en evidencia que, a pesar del sufrimiento y el miedo, no hay que perder la esperanza en un futuro mejor. El trabajo puede verse en la plataforma Mitele y en la web de 12 Meses.<\/p>\n<p dir=\"ltr\">Durante la grabaci\u00f3n de <em>La ni\u00f1a bonita<\/em>, Hala, su madre y sus dos hermanos lograron el permiso para viajar a Alemania y reunirse con su padre despu\u00e9s de un a\u00f1o. Sin embargo, m\u00e1s de 62.000 refugiados siguen hoy bloqueados en Grecia. Acnur estima que cada minuto 24 personas son forzadas a huir en todo el mundo. Es decir que en los 27 minutos de duraci\u00f3n del documental 648 personas tuvieron que abandonar sus casas. Y siguen.<\/p>\n<\/div>\n<p><a href=\"http:\/\/elpais.com\/elpais\/2017\/02\/13\/migrados\/1486988764_434686.html\">http:\/\/elpais.com\/elpais\/2017\/02\/13\/migrados\/1486988764_434686.html<\/a><\/p>\n<section id=\"articulo-tags\" class=\"articulo-tags\"><\/section>\n","protected":false},"excerpt":{"rendered":"<p>El documental \u2018La ni\u00f1a bonita\u2019 destaca que la frustraci\u00f3n y el desamparo de las personas&#8230;<\/p>\n","protected":false},"author":1,"featured_media":14507,"comment_status":"closed","ping_status":"closed","sticky":false,"template":"","format":"standard","meta":{"_coblocks_attr":"","_coblocks_dimensions":"","_coblocks_responsive_height":"","_coblocks_accordion_ie_support":"","jetpack_post_was_ever_published":false,"_jetpack_newsletter_access":"","_jetpack_dont_email_post_to_subs":false,"_jetpack_newsletter_tier_id":0,"_jetpack_memberships_contains_paywalled_content":false,"_jetpack_memberships_contains_paid_content":false,"footnotes":"","jetpack_publicize_message":"","jetpack_publicize_feature_enabled":true,"jetpack_social_post_already_shared":false,"jetpack_social_options":{"image_generator_settings":{"template":"highway","default_image_id":0,"enabled":false},"version":2}},"categories":[1161,186,44,15],"tags":[3573,679],"class_list":["post-14506","post","type-post","status-publish","format-standard","has-post-thumbnail","hentry","category-ciudadania","category-instituciones","category-noticias-de-hoy","category-ultimas-noticias","tag-ciudadnia","tag-refugiados"],"jetpack_publicize_connections":[],"jetpack_featured_media_url":"https:\/\/i0.wp.com\/miradordeatarfe.es\/wp-content\/uploads\/2017\/02\/1486988764_434686_1487000884_noticia_normal.jpg?fit=980%2C556&ssl=1","jetpack_likes_enabled":true,"jetpack_sharing_enabled":true,"_links":{"self":[{"href":"https:\/\/miradordeatarfe.es\/index.php?rest_route=\/wp\/v2\/posts\/14506","targetHints":{"allow":["GET"]}}],"collection":[{"href":"https:\/\/miradordeatarfe.es\/index.php?rest_route=\/wp\/v2\/posts"}],"about":[{"href":"https:\/\/miradordeatarfe.es\/index.php?rest_route=\/wp\/v2\/types\/post"}],"author":[{"embeddable":true,"href":"https:\/\/miradordeatarfe.es\/index.php?rest_route=\/wp\/v2\/users\/1"}],"replies":[{"embeddable":true,"href":"https:\/\/miradordeatarfe.es\/index.php?rest_route=%2Fwp%2Fv2%2Fcomments&post=14506"}],"version-history":[{"count":1,"href":"https:\/\/miradordeatarfe.es\/index.php?rest_route=\/wp\/v2\/posts\/14506\/revisions"}],"predecessor-version":[{"id":14508,"href":"https:\/\/miradordeatarfe.es\/index.php?rest_route=\/wp\/v2\/posts\/14506\/revisions\/14508"}],"wp:featuredmedia":[{"embeddable":true,"href":"https:\/\/miradordeatarfe.es\/index.php?rest_route=\/wp\/v2\/media\/14507"}],"wp:attachment":[{"href":"https:\/\/miradordeatarfe.es\/index.php?rest_route=%2Fwp%2Fv2%2Fmedia&parent=14506"}],"wp:term":[{"taxonomy":"category","embeddable":true,"href":"https:\/\/miradordeatarfe.es\/index.php?rest_route=%2Fwp%2Fv2%2Fcategories&post=14506"},{"taxonomy":"post_tag","embeddable":true,"href":"https:\/\/miradordeatarfe.es\/index.php?rest_route=%2Fwp%2Fv2%2Ftags&post=14506"}],"curies":[{"name":"wp","href":"https:\/\/api.w.org\/{rel}","templated":true}]}}