{"id":14519,"date":"2017-02-26T10:46:05","date_gmt":"2017-02-26T09:46:05","guid":{"rendered":"http:\/\/miradordeatarfe.es\/?p=14519"},"modified":"2017-02-24T18:42:37","modified_gmt":"2017-02-24T17:42:37","slug":"los-expertos-de-fedea-calculan-que-los-pensionistas-de-hoy-perderan-un-25-de-su-poder-adquisitivo","status":"publish","type":"post","link":"https:\/\/miradordeatarfe.es\/?p=14519","title":{"rendered":"Los expertos de Fedea calculan que los pensionistas de hoy perder\u00e1n un 25% de su poder adquisitivo"},"content":{"rendered":"<p>El \u00faltimo informe de la fundaci\u00f3n alerta de que el principal riesgo para el sistema en las pr\u00f3ximas d\u00e9cadas es la p\u00e9rdida de poder adquisitivo de las pensiones una vez concedidas. Proponen medidas para \u00abpaliar\u00bb los efectos de la \u00faltima reforma de pensiones, pero sin desmantelarla, como ligar solo la pensi\u00f3n m\u00ednima al IPC<!--more--><\/p>\n<p class=\"mce\" style=\"text-align: justify;\">Una persona que se jubilara en 2015 con una pensi\u00f3n de 16.000 euros anuales perder\u00e1 en los pr\u00f3ximos 20 a\u00f1os el 25% de su poder adquisitivo, hasta una prestaci\u00f3n de algo menos de 12.000 euros. Los expertos de la Fundaci\u00f3n de Estudios de Econom\u00eda Aplicada (Fedea) han elaborado un estudio sobre la salud financiera del sistema p\u00fablico de pensiones en el que advierten de que el principal riesgo para el sistema en las pr\u00f3ximas d\u00e9cadas es que las pensiones sufran una p\u00e9rdida \u00absignificativa\u00bb de poder de compra una vez concedidas. Dicen, eso s\u00ed, que volver a ligarlas al IPC no es una soluci\u00f3n viable.<\/p>\n<p class=\"mce\" style=\"text-align: justify;\">Las proyecciones hechas por Fedea muestran que el \u00edndice de revalorizaci\u00f3n de las pensiones (el IRP, que sustituy\u00f3 al IPC en la \u00faltima reforma, que aprob\u00f3 el Gobierno sin consenso de los agentes sociales) har\u00e1 que la p\u00e9rdida de poder adquisitivo se prolongue durante d\u00e9cadas. As\u00ed, las pensiones podr\u00edan revalorizarse solo un 0,25% (el suelo m\u00ednimo contemplado por el IRP) hasta 2060.<\/p>\n<section id=\"edi-ad-slot-intext\" class=\"md-advertisement md hspace no-adv-socios\" data-google-query-id=\"CLmA4-GOodICFVITGwodbkwDGA\">\n<div id=\"google_ads_iframe_\/34616581\/eldiario.es\/noticia_intext_0__container__\"><iframe id=\"google_ads_iframe_\/34616581\/eldiario.es\/noticia_intext_0\" title=\"3rd party ad content\" name=\"google_ads_iframe_\/34616581\/eldiario.es\/noticia_intext_0\" width=\"1\" height=\"1\" frameborder=\"0\" marginwidth=\"0\" marginheight=\"0\" scrolling=\"no\" data-mce-fragment=\"1\"><\/iframe><\/div>\n<\/section>\n<p class=\"mce\" style=\"text-align: justify;\">Esto supone que una pensi\u00f3n inicial hoy de 16.000 euros brutos anuales (la pensi\u00f3n media) bajar\u00eda en veinte a\u00f1os vista a suponer algo menos de 12.000 euros en t\u00e9rminos de poder de compra. Esto es, con los 16.000 euros de 2015 se podr\u00eda comprar el equivalente a 12.000 euros en dos d\u00e9cadas vista, en 2035, lo que deja claro la p\u00e9rdida de poder adquistivo.<\/p>\n<p class=\"mce\" style=\"text-align: justify;\">Sin embargo, los expertos de la fundaci\u00f3n no son partidarios de volver al IPC como indicador para revalorizar las pensiones. Apuestan, en cambio, por otras \u00abmedidas paliativas\u00bb que sirvan para mitigar el efecto de la \u00faltima reforma, aunque dentro de un acuerdo \u00abm\u00e1s amplio\u00bb sobre las pensiones.<\/p>\n<p class=\"mce\" style=\"text-align: justify;\">Fedea propone, por ejemplo, ligar al IPC solo las pensiones m\u00ednimas, de forma que quien cobra menos s\u00ed aumente su poder de compra en l\u00ednea con la inflaci\u00f3n. Se trata de una propuesta que har\u00eda que el sistema fuera menos contributivo: los que m\u00e1s contribuyen no lo ver\u00edan reflejado en sus pensiones, mientras que los que menos lo hacen s\u00ed. \u00abNinguna propuesta es completamente perfecta. Estamos eligiendo entre varios males\u00bb, dice \u00c1ngel de la Fuente, director de FEDEA.<\/p>\n<p class=\"mce\" style=\"text-align: justify;\">El coste de esta medida (ligar las m\u00ednimas al IPC) ser\u00eda de unos 4.000 millones de euros anuales, que equivalen a cuatro d\u00e9cimas de PIB al a\u00f1o. En caso de financiarse con impuestos, supondr\u00eda un aumento de la recaudaci\u00f3n de IRPF del 6%. Por contra, volver a ligar todas las pensiones al IPC implicar\u00eda un coste de 2,7 puntos de PIB al a\u00f1o, que equivale a un 36% m\u00e1s de IRPF. \u00abNo se puede pagar\u00bb, concluye Fedea.<\/p>\n<h3 style=\"text-align: justify;\">No a pagar viudedad con impuestos<\/h3>\n<p class=\"mce\" style=\"text-align: justify;\">Tampoco son partidarios de pagar con impuestos las pensiones de viudedad y orfandad, una de las propuestas sobre la mesa del Gobierno. Ser\u00eda, dicen, \u00abtrasladar\u00bb el problema desde la Seguridad Social a los presupuestos generales. \u00abGenerar\u00eda serios problemas de credibilidad\u00bb, subrayan. Quitar a estas pensiones de la financiaci\u00f3n de la Seguridad Social implicar\u00eda algo m\u00e1s de margen para subir el resto de pensiones a largo plazo. Para Fedea se tratar\u00eda de un truco para no aplicar el \u00edndice de revalorizaci\u00f3n de pensiones y generar\u00eda dudas sobre la capacidad de Espa\u00f1a de aplicarlo en el futuro.<\/p>\n<p class=\"mce\" style=\"text-align: justify;\">Fedea ha estimado cu\u00e1nto costar\u00eda revertir las dos \u00faltimas reformas de pensiones. La \u00faltima, hecha en 2013 por el Gobierno del PP sin acuerdo con agentes sociales o partidos, implicar\u00eda elevar el gasto en pensiones en 3,1 puntos de PIB, es decir, 30.100 millones de euros al a\u00f1o. La de 2011, que aprob\u00f3 el Ejecutivo de Zapatero con consenso de patronal y sindicatos, costar\u00eda 2,2 puntos, 20.200 millones anuales. Juntas ser\u00edan 5,3 puntos de PIB m\u00e1s de gasto anual en pensiones, que equivaldr\u00eda, dice Fedea, a una subida del 70% en el IRPF. Sin embargo, es la \u00faltima reforma de 2013 la m\u00e1s controvertida y la que los sindicatos piden revertir.<\/p>\n","protected":false},"excerpt":{"rendered":"<p>El \u00faltimo informe de la fundaci\u00f3n alerta de que el principal riesgo para el sistema&#8230;<\/p>\n","protected":false},"author":1,"featured_media":14520,"comment_status":"closed","ping_status":"closed","sticky":false,"template":"","format":"standard","meta":{"_coblocks_attr":"","_coblocks_dimensions":"","_coblocks_responsive_height":"","_coblocks_accordion_ie_support":"","jetpack_post_was_ever_published":false,"_jetpack_newsletter_access":"","_jetpack_dont_email_post_to_subs":false,"_jetpack_newsletter_tier_id":0,"_jetpack_memberships_contains_paywalled_content":false,"_jetpack_memberships_contains_paid_content":false,"footnotes":"","jetpack_publicize_message":"","jetpack_publicize_feature_enabled":true,"jetpack_social_post_already_shared":false,"jetpack_social_options":{"image_generator_settings":{"template":"highway","default_image_id":0,"enabled":false},"version":2}},"categories":[186,44,15],"tags":[836,1947,3176],"class_list":["post-14519","post","type-post","status-publish","format-standard","has-post-thumbnail","hentry","category-instituciones","category-noticias-de-hoy","category-ultimas-noticias","tag-impuestos","tag-pensionistas","tag-viudedad"],"jetpack_publicize_connections":[],"jetpack_featured_media_url":"https:\/\/i0.wp.com\/miradordeatarfe.es\/wp-content\/uploads\/2017\/02\/Fedea-advierte-pensiones-deficit-PIB_EDIIMA20170123_0183_19.jpg?fit=643%2C362&ssl=1","jetpack_likes_enabled":true,"jetpack_sharing_enabled":true,"_links":{"self":[{"href":"https:\/\/miradordeatarfe.es\/index.php?rest_route=\/wp\/v2\/posts\/14519","targetHints":{"allow":["GET"]}}],"collection":[{"href":"https:\/\/miradordeatarfe.es\/index.php?rest_route=\/wp\/v2\/posts"}],"about":[{"href":"https:\/\/miradordeatarfe.es\/index.php?rest_route=\/wp\/v2\/types\/post"}],"author":[{"embeddable":true,"href":"https:\/\/miradordeatarfe.es\/index.php?rest_route=\/wp\/v2\/users\/1"}],"replies":[{"embeddable":true,"href":"https:\/\/miradordeatarfe.es\/index.php?rest_route=%2Fwp%2Fv2%2Fcomments&post=14519"}],"version-history":[{"count":1,"href":"https:\/\/miradordeatarfe.es\/index.php?rest_route=\/wp\/v2\/posts\/14519\/revisions"}],"predecessor-version":[{"id":14521,"href":"https:\/\/miradordeatarfe.es\/index.php?rest_route=\/wp\/v2\/posts\/14519\/revisions\/14521"}],"wp:featuredmedia":[{"embeddable":true,"href":"https:\/\/miradordeatarfe.es\/index.php?rest_route=\/wp\/v2\/media\/14520"}],"wp:attachment":[{"href":"https:\/\/miradordeatarfe.es\/index.php?rest_route=%2Fwp%2Fv2%2Fmedia&parent=14519"}],"wp:term":[{"taxonomy":"category","embeddable":true,"href":"https:\/\/miradordeatarfe.es\/index.php?rest_route=%2Fwp%2Fv2%2Fcategories&post=14519"},{"taxonomy":"post_tag","embeddable":true,"href":"https:\/\/miradordeatarfe.es\/index.php?rest_route=%2Fwp%2Fv2%2Ftags&post=14519"}],"curies":[{"name":"wp","href":"https:\/\/api.w.org\/{rel}","templated":true}]}}