{"id":14554,"date":"2017-02-27T10:20:46","date_gmt":"2017-02-27T09:20:46","guid":{"rendered":"http:\/\/miradordeatarfe.es\/?p=14554"},"modified":"2017-02-27T10:21:09","modified_gmt":"2017-02-27T09:21:09","slug":"un-inesperado-incendio-llamado-bebidas-energeticas","status":"publish","type":"post","link":"https:\/\/miradordeatarfe.es\/?p=14554","title":{"rendered":"Un inesperado incendio llamado \u2018bebidas energ\u00e9ticas\u2019"},"content":{"rendered":"<div id=\"articulo-titulares\" class=\"articulo-titulares\">\n<p class=\"articulo-subtitulo\">El autor alerta de los riesgos que el consumo de estos productos supone para la salud<\/p>\n<\/div>\n<p><!--more--><\/p>\n<div id=\"articulo_contenedor\" class=\"articulo__contenedor\">\n<div id=\"cuerpo_noticia\" class=\"articulo-cuerpo\">\n<p dir=\"ltr\" style=\"text-align: justify;\">Las autodenominadas \u201cbebidas energ\u00e9ticas\u201d (entre comillas) se han colado en nuestras vidas con la misma rapidez con la que se expande un peligroso incendio. Hay varios motivos por los que conviene entrecomillarlas, como hace la Autoridad Europea de Seguridad Alimentaria (EFSA). El m\u00e1s importante es el siguiente: pese a que es una acepci\u00f3n que nos hace creer que nos proporciona energ\u00eda, lo cierto es que la EFSA no permite, desde 2011, que los fabricantes de estas bebidas les atribuyan la capacidad de mejorar el rendimiento mental, el tiempo de reacci\u00f3n, la alerta o la memoria, o de \u201cenergizar\u201d. Pese a ello, su publicidad insin\u00faa que pueden \u201cenergizar\u201d o \u201cpotenciar\u201d a sus consumidores. Cuando lo \u00fanico que hacen es aumentar nuestro riesgo de sufrir diversos trastornos.<\/p>\n<section id=\"sumario_1|html\" class=\"sumario_html derecha\">\n<div class=\"sumario__interior\">\n<div class=\"sumario-texto\">\n<p class=\"texto_grande\">Aumentan el riesgo de sufrir diversos trastornos por tomar demasiada az\u00facar, demasiada cafe\u00edna y porque se acompa\u00f1an con alcohol<\/p>\n<\/div>\n<\/div>\n<\/section>\n<div id=\"elpais_gpt-INTEXT\" style=\"text-align: justify;\" data-google-query-id=\"CNb4zJCUptICFSSlUQodaqYLgQ\"><\/div>\n<p dir=\"ltr\" style=\"text-align: justify;\">Hay quien confunde a estas bebidas con las dise\u00f1adas para deportistas, conocidas como bebidas isot\u00f3nicas. Ambas tienen puntos en com\u00fan, como la presencia de elevadas cantidades de az\u00facar, pero las bebidas energ\u00e9ticas contienen mucha cafe\u00edna (entre 70 y 400 miligramos por litro, y a veces m\u00e1s), algo que no ocurre en las primeras. Casi todas las bebidas \u201cenerg\u00e9ticas\u201d contienen una sustancia llamada taurina (un amino\u00e1cido que nuestro cuerpo fabrica por s\u00ed mismo y al que la EFSA proh\u00edbe acompa\u00f1ar de declaraciones de salud) y en bastantes ocasiones innecesarias vitaminas y rocambolescas combinaciones de extractos de plantas.<\/p>\n<p dir=\"ltr\" style=\"text-align: justify;\">Datos de 2014 apuntaban que sus ventas aumentan a escala mundial como m\u00ednimo a un ritmo un 10% cada a\u00f1o anual, aunque es probable que la cifra se quede corta: en el Reino Unido, las ventas de estas bebidas aumentaron un 155% entre 2006 y 2014.<\/p>\n<p dir=\"ltr\" style=\"text-align: justify;\">Por desgracia, de manera paralela a sus ventas aumentan los problemas que provocan en los consumidores, sobre todo si son ni\u00f1os o adolescentes, que son precisamente el p\u00fablico diana de sus estrategias de mercadotecnia. El consumo de estas bebidas supone asumir numerosos riesgos, que podemos agrupar en tres grupos. El primero es el de tomar demasiado az\u00facar: en algunas latas de bebidas \u201cenerg\u00e9ticas\u201d llegamos a encontrar el equivalente a 20 cucharaditas de az\u00facar, con los problemas que ello genera (como caries, obesidad o diabetes tipo 2). El segundo problema es tomar demasiada cafe\u00edna, algo que puede provocar trastornos como peor calidad del sue\u00f1o, alteraciones de la tensi\u00f3n arterial, palpitaciones card\u00edacas, n\u00e1useas, v\u00f3mitos o incluso convulsiones. Una investigaci\u00f3n publicada en marzo de 2016 en la revista <em>International Journal of Cardiology<\/em> detall\u00f3 que su consumo aumenta el riesgo de padecer diversas complicaciones cardiovasculares incluso en adultos sanos.<\/p>\n<section id=\"sumario_2|html\" class=\"sumario_html derecha\">\n<div class=\"sumario__interior\">\n<div class=\"sumario-texto\">\n<p class=\"texto_grande\">Dos de cada diez menores de diez a\u00f1os toman dos litros al mes, y el 68% de los adolescentes toma estos productos casi a diario<\/p>\n<\/div>\n<\/div>\n<\/section>\n<p dir=\"ltr\" style=\"text-align: justify;\">Y el tercer problema, el m\u00e1s preocupante, es que estos productos a menudo se combinan con alcohol. Esta costumbre es muy peligrosa, sobre todo en menores de edad, dado que la elevada cantidad de cafe\u00edna que contienen las bebidas \u201cenerg\u00e9ticas\u201d enmascara los efectos depresores del alcohol sobre el sistema nervioso central. Cuando tales efectos tardan en aparecer (se camuflan por el efecto estimulante de la cafe\u00edna) el individuo puede seguir consumiendo bebidas alcoh\u00f3licas sin encontrarse mal, algo potencialmente letal. Quien mezcla alcohol con estas bebidas es tres veces m\u00e1s propenso a beber excesivamente, lo que aumenta las posibilidades de sufrir una intoxicaci\u00f3n et\u00edlica.<\/p>\n<p dir=\"ltr\" style=\"text-align: justify;\">La gravedad de todo lo anterior es mayor si sabemos que dos de cada diez menores de diez a\u00f1os toman dos litros de bebidas \u201cenerg\u00e9ticas\u201d al mes, que el 68% de los adolescentes toma estos productos casi a diario y que la mitad de ellos los mezcla con alcohol, seg\u00fan una investigaci\u00f3n publicada por la doctora Shelina Visram y sus colaboradores en 2016 en la revista <em>BMJ Open<\/em>.<\/p>\n<p style=\"text-align: justify;\">Estos productos aparecieron en Jap\u00f3n en 1960 y llegaron a Europa en 1987, pero hasta el a\u00f1o 2012 no se recogi\u00f3 la acepci\u00f3n \u201cBebida energ\u00e9tica\u201d en el tesauro de Medline, lo que puede justificar, al menos en parte, que a sanitarios e investigadores les haya pillado por sorpresa el \u201cincendio\u201d. En todo caso, urge que las autoridades sanitarias tomen medidas para apagarlo lo antes posible. No hacerlo es permitir que se expanda.<\/p>\n<p class=\"nota_pie\" style=\"text-align: justify;\"><strong>Julio Basulto<\/strong> es un Dietista-Nutricionista que intenta convencer al mundo de que comer mal no se compensa con una zanahoria. Tambi\u00e9n imparte conferencias, ejerce como docente en varias instituciones acad\u00e9micas, colabora con diferentes medios de comunicaci\u00f3n y es autor de numerosas publicaciones cient\u00edficas y divulgativas (www.juliobasulto.com).<\/p>\n<p class=\"nota_pie\" style=\"text-align: justify;\"><strong>NUTRIR CON CIENCIA<\/strong> es una secci\u00f3n sobre alimentaci\u00f3n basada en evidencias cient\u00edficas y en el conocimiento contrastado por especialistas. Comer es mucho m\u00e1s que un placer y una necesidad: la dieta y los h\u00e1bitos alimenticios son ahora mismo el factor de salud p\u00fablica que m\u00e1s puede ayudarnos a prevenir numerosas enfermedades, desde muchos tipos de c\u00e1ncer hasta la diabetes. Un equipo de dietistas-nutricionistas nos ayudar\u00e1 a conocer mejor la importancia de la alimentaci\u00f3n y a derribar, gracias a la ciencia, los mitos que nos llevan a comer mal.<\/p>\n<\/div>\n<\/div>\n","protected":false},"excerpt":{"rendered":"<p>El autor alerta de los riesgos que el consumo de estos productos supone para la&#8230;<\/p>\n","protected":false},"author":1,"featured_media":14555,"comment_status":"closed","ping_status":"closed","sticky":false,"template":"","format":"standard","meta":{"_coblocks_attr":"","_coblocks_dimensions":"","_coblocks_responsive_height":"","_coblocks_accordion_ie_support":"","jetpack_post_was_ever_published":false,"_jetpack_newsletter_access":"","_jetpack_dont_email_post_to_subs":false,"_jetpack_newsletter_tier_id":0,"_jetpack_memberships_contains_paywalled_content":false,"_jetpack_memberships_contains_paid_content":false,"footnotes":"","jetpack_publicize_message":"","jetpack_publicize_feature_enabled":true,"jetpack_social_post_already_shared":false,"jetpack_social_options":{"image_generator_settings":{"template":"highway","default_image_id":0,"enabled":false},"version":2}},"categories":[1161,44,15,10],"tags":[3580,3252,55],"class_list":["post-14554","post","type-post","status-publish","format-standard","has-post-thumbnail","hentry","category-ciudadania","category-noticias-de-hoy","category-ultimas-noticias","category-salud","tag-bebidas-energeticas","tag-habitos-saludables","tag-salud"],"jetpack_publicize_connections":[],"jetpack_featured_media_url":"https:\/\/i0.wp.com\/miradordeatarfe.es\/wp-content\/uploads\/2017\/02\/1487238163_191841_1487589961_noticia_fotograma.jpg?fit=980%2C552&ssl=1","jetpack_likes_enabled":true,"jetpack_sharing_enabled":true,"_links":{"self":[{"href":"https:\/\/miradordeatarfe.es\/index.php?rest_route=\/wp\/v2\/posts\/14554","targetHints":{"allow":["GET"]}}],"collection":[{"href":"https:\/\/miradordeatarfe.es\/index.php?rest_route=\/wp\/v2\/posts"}],"about":[{"href":"https:\/\/miradordeatarfe.es\/index.php?rest_route=\/wp\/v2\/types\/post"}],"author":[{"embeddable":true,"href":"https:\/\/miradordeatarfe.es\/index.php?rest_route=\/wp\/v2\/users\/1"}],"replies":[{"embeddable":true,"href":"https:\/\/miradordeatarfe.es\/index.php?rest_route=%2Fwp%2Fv2%2Fcomments&post=14554"}],"version-history":[{"count":1,"href":"https:\/\/miradordeatarfe.es\/index.php?rest_route=\/wp\/v2\/posts\/14554\/revisions"}],"predecessor-version":[{"id":14556,"href":"https:\/\/miradordeatarfe.es\/index.php?rest_route=\/wp\/v2\/posts\/14554\/revisions\/14556"}],"wp:featuredmedia":[{"embeddable":true,"href":"https:\/\/miradordeatarfe.es\/index.php?rest_route=\/wp\/v2\/media\/14555"}],"wp:attachment":[{"href":"https:\/\/miradordeatarfe.es\/index.php?rest_route=%2Fwp%2Fv2%2Fmedia&parent=14554"}],"wp:term":[{"taxonomy":"category","embeddable":true,"href":"https:\/\/miradordeatarfe.es\/index.php?rest_route=%2Fwp%2Fv2%2Fcategories&post=14554"},{"taxonomy":"post_tag","embeddable":true,"href":"https:\/\/miradordeatarfe.es\/index.php?rest_route=%2Fwp%2Fv2%2Ftags&post=14554"}],"curies":[{"name":"wp","href":"https:\/\/api.w.org\/{rel}","templated":true}]}}