{"id":14604,"date":"2017-02-28T11:49:04","date_gmt":"2017-02-28T10:49:04","guid":{"rendered":"http:\/\/miradordeatarfe.es\/?p=14604"},"modified":"2017-02-28T19:33:41","modified_gmt":"2017-02-28T18:33:41","slug":"antonina-rodrigo-medalla-de-andalucia","status":"publish","type":"post","link":"https:\/\/miradordeatarfe.es\/?p=14604","title":{"rendered":"ANTONINA RODRIGO MEDALLA DE ANDALUCIA"},"content":{"rendered":"<p class=\"\" style=\"text-align: justify;\"><strong>Antonina Rodrigo recibe ma\u00f1ana la medalla de Andaluc\u00eda\u00a0Granadina ha dedicado su vida a estudiar a las mujeres siendo sus libros m\u00e1s relevante \u00a0la trilog\u00eda dedicada a las mujeres de la Segunda Rep\u00fablica, la Guerra Civil y el exilio<\/strong><!--more--><\/p>\n<p class=\"\" style=\"text-align: justify;\">De padre manchego y madre granadina, Antonina Rodrigo Garc\u00eda naci\u00f3 en el barrio del Albaic\u00edn (Granada) en 1935. Mujer comprometida, de formaci\u00f3n autodidacta y esp\u00edritu solidario, es una figura central de la literatura feminista del siglo XX, conocida sobre todo por sus ensayos y estudios hist\u00f3ricos y biogr\u00e1ficos. Su af\u00e1n investigador y su exhaustivo trabajo han permitido mejorar el conocimiento de mujeres como Federica Montseny, Mar\u00eda Malla, Margarita Xirg\u00fa, Mar\u00eda Lej\u00e1rrega o Mariana Pineda.<\/p>\n<p class=\"\" style=\"text-align: justify;\">Antonina Rodrigo comenz\u00f3 colaborando en los diarios locales Patria e Ideal, donde publicaba reportajes en los que combinaba la investigaci\u00f3n y la historia. Posteriormente trabaj\u00f3 en medios como Diario de Granada, Triunfo, Historia y Vida, Norma, Caracol e \u00cdnsula. A su primera obra como escritora, &#8216;Retablo de Nochebuena&#8217; (1960), le siguieron otras centradas en protagonistas femeninas de teatro: &#8216;Almagro y su corral de comedias&#8217; (1970); &#8216;Mar\u00eda Antonia la Caramba: el genio de la tonadillera en el Madrid goyesco&#8217; (1972) o &#8216;Margarita Xirg\u00fa y su teatro&#8217; (1974). Despu\u00e9s de este \u00faltimo libro focaliz\u00f3 sus esfuerzos en investigar sobre Federico Garc\u00eda Lorca, personaje al que ha dedicado m\u00e1s tiempo, recursos y p\u00e1ginas.<\/p>\n<p class=\"\" style=\"text-align: justify;\">La fina sensibilidad, el rigor cient\u00edfico y la minuciosidad de su trabajo se percibe en textos como &#8216;Mariana Pineda, hero\u00edna de la libertad&#8217; (1977), su primer y principal \u00e9xito y una de las pocas monograf\u00edas que existen sobre la hist\u00f3rica mujer granadina. No obstante, su t\u00edtulo m\u00e1s relevante es la trilog\u00eda dedicada a las mujeres de la Segunda Rep\u00fablica, la Guerra Civil y el exilio, en la que rescata a protagonistas conocidas o an\u00f3nimas de estos periodos hist\u00f3ricos.<\/p>\n<p class=\"\" style=\"text-align: justify;\">Residente en Barcelona desde 1970, Antonina Rodrigo fue distinguida con la Cruz de Sant Jordi de la Generalitat de Catalu\u00f1a en 2006 y tiene en su haber numerosos reconocimientos como el premio Manuel de Falla de Periodismo (1975); el internacional Acad\u00e9mie Europ\u00e9ene des Arts (1988); el Aldaba (1989), o el Meridiana del Instituto Andaluz de la Mujer (2005). Es adem\u00e1s Medalla de Oro al M\u00e9rito de la Ciudad de Granada (2015) y premio Pozo de Plata de la Diputaci\u00f3n Provincial granadina (2016).<\/p>\n<p class=\"\" style=\"text-align: justify;\"><a href=\"https:\/\/i0.wp.com\/miradordeatarfe.es\/wp-content\/uploads\/2017\/02\/20160304_210801.jpg?ssl=1\"><img data-recalc-dims=\"1\" loading=\"lazy\" decoding=\"async\" class=\"alignnone  wp-image-14605\" src=\"https:\/\/i0.wp.com\/miradordeatarfe.es\/wp-content\/uploads\/2017\/02\/20160304_210801.jpg?resize=640%2C419&#038;ssl=1\" alt=\"\" width=\"640\" height=\"419\" srcset=\"https:\/\/i0.wp.com\/miradordeatarfe.es\/wp-content\/uploads\/2017\/02\/20160304_210801.jpg?w=2801&amp;ssl=1 2801w, https:\/\/i0.wp.com\/miradordeatarfe.es\/wp-content\/uploads\/2017\/02\/20160304_210801.jpg?resize=300%2C197&amp;ssl=1 300w, https:\/\/i0.wp.com\/miradordeatarfe.es\/wp-content\/uploads\/2017\/02\/20160304_210801.jpg?resize=768%2C503&amp;ssl=1 768w, https:\/\/i0.wp.com\/miradordeatarfe.es\/wp-content\/uploads\/2017\/02\/20160304_210801.jpg?resize=1024%2C671&amp;ssl=1 1024w, https:\/\/i0.wp.com\/miradordeatarfe.es\/wp-content\/uploads\/2017\/02\/20160304_210801.jpg?resize=600%2C393&amp;ssl=1 600w, https:\/\/i0.wp.com\/miradordeatarfe.es\/wp-content\/uploads\/2017\/02\/20160304_210801.jpg?w=1280&amp;ssl=1 1280w, https:\/\/i0.wp.com\/miradordeatarfe.es\/wp-content\/uploads\/2017\/02\/20160304_210801.jpg?w=1920&amp;ssl=1 1920w\" sizes=\"auto, (max-width: 640px) 100vw, 640px\" \/><\/a><\/p>\n<p><a href=\"https:\/\/i0.wp.com\/miradordeatarfe.es\/wp-content\/uploads\/2017\/02\/IMG_20170228_143641_1.jpg?ssl=1\"><img data-recalc-dims=\"1\" loading=\"lazy\" decoding=\"async\" class=\" wp-image-14663\" src=\"https:\/\/i0.wp.com\/miradordeatarfe.es\/wp-content\/uploads\/2017\/02\/IMG_20170228_143641_1.jpg?resize=640%2C853&#038;ssl=1\" alt=\"\" width=\"640\" height=\"853\" srcset=\"https:\/\/i0.wp.com\/miradordeatarfe.es\/wp-content\/uploads\/2017\/02\/IMG_20170228_143641_1.jpg?w=2976&amp;ssl=1 2976w, https:\/\/i0.wp.com\/miradordeatarfe.es\/wp-content\/uploads\/2017\/02\/IMG_20170228_143641_1.jpg?resize=225%2C300&amp;ssl=1 225w, https:\/\/i0.wp.com\/miradordeatarfe.es\/wp-content\/uploads\/2017\/02\/IMG_20170228_143641_1.jpg?resize=768%2C1024&amp;ssl=1 768w, https:\/\/i0.wp.com\/miradordeatarfe.es\/wp-content\/uploads\/2017\/02\/IMG_20170228_143641_1.jpg?resize=600%2C800&amp;ssl=1 600w, https:\/\/i0.wp.com\/miradordeatarfe.es\/wp-content\/uploads\/2017\/02\/IMG_20170228_143641_1.jpg?w=1280&amp;ssl=1 1280w, https:\/\/i0.wp.com\/miradordeatarfe.es\/wp-content\/uploads\/2017\/02\/IMG_20170228_143641_1.jpg?w=1920&amp;ssl=1 1920w\" sizes=\"auto, (max-width: 640px) 100vw, 640px\" \/><\/a><\/p>\n<figure id=\"attachment_14664\" aria-describedby=\"caption-attachment-14664\" style=\"width: 755px\" class=\"wp-caption alignnone\"><a href=\"https:\/\/i0.wp.com\/miradordeatarfe.es\/wp-content\/uploads\/2017\/02\/IMG_20170228_192423.jpg?ssl=1\"><img data-recalc-dims=\"1\" loading=\"lazy\" decoding=\"async\" class=\" wp-image-14664\" src=\"https:\/\/i0.wp.com\/miradordeatarfe.es\/wp-content\/uploads\/2017\/02\/IMG_20170228_192423.jpg?resize=640%2C718&#038;ssl=1\" alt=\"\" width=\"640\" height=\"718\" srcset=\"https:\/\/i0.wp.com\/miradordeatarfe.es\/wp-content\/uploads\/2017\/02\/IMG_20170228_192423.jpg?w=1878&amp;ssl=1 1878w, https:\/\/i0.wp.com\/miradordeatarfe.es\/wp-content\/uploads\/2017\/02\/IMG_20170228_192423.jpg?resize=267%2C300&amp;ssl=1 267w, https:\/\/i0.wp.com\/miradordeatarfe.es\/wp-content\/uploads\/2017\/02\/IMG_20170228_192423.jpg?resize=768%2C862&amp;ssl=1 768w, https:\/\/i0.wp.com\/miradordeatarfe.es\/wp-content\/uploads\/2017\/02\/IMG_20170228_192423.jpg?resize=913%2C1024&amp;ssl=1 913w, https:\/\/i0.wp.com\/miradordeatarfe.es\/wp-content\/uploads\/2017\/02\/IMG_20170228_192423.jpg?resize=600%2C673&amp;ssl=1 600w, https:\/\/i0.wp.com\/miradordeatarfe.es\/wp-content\/uploads\/2017\/02\/IMG_20170228_192423.jpg?w=1280&amp;ssl=1 1280w\" sizes=\"auto, (max-width: 640px) 100vw, 640px\" \/><\/a><figcaption id=\"caption-attachment-14664\" class=\"wp-caption-text\">sdr<\/figcaption><\/figure>\n","protected":false},"excerpt":{"rendered":"<p>Antonina Rodrigo recibe ma\u00f1ana la medalla de Andaluc\u00eda\u00a0Granadina ha dedicado su vida a estudiar a&#8230;<\/p>\n","protected":false},"author":1,"featured_media":14665,"comment_status":"closed","ping_status":"closed","sticky":false,"template":"","format":"standard","meta":{"_coblocks_attr":"","_coblocks_dimensions":"","_coblocks_responsive_height":"","_coblocks_accordion_ie_support":"","jetpack_post_was_ever_published":false,"_jetpack_newsletter_access":"","_jetpack_dont_email_post_to_subs":false,"_jetpack_newsletter_tier_id":0,"_jetpack_memberships_contains_paywalled_content":false,"_jetpack_memberships_contains_paid_content":false,"footnotes":"","jetpack_publicize_message":"","jetpack_publicize_feature_enabled":true,"jetpack_social_post_already_shared":false,"jetpack_social_options":{"image_generator_settings":{"template":"highway","default_image_id":0,"enabled":false},"version":2}},"categories":[12,14,44,15],"tags":[129,3598,166],"class_list":["post-14604","post","type-post","status-publish","format-standard","has-post-thumbnail","hentry","category-cultura","category-feminismo","category-noticias-de-hoy","category-ultimas-noticias","tag-granada","tag-medalla-de-andalucia","tag-premios"],"jetpack_publicize_connections":[],"jetpack_featured_media_url":"https:\/\/i0.wp.com\/miradordeatarfe.es\/wp-content\/uploads\/2017\/02\/IMG-20170228-WA0050.jpg?fit=1600%2C1200&ssl=1","jetpack_likes_enabled":true,"jetpack_sharing_enabled":true,"_links":{"self":[{"href":"https:\/\/miradordeatarfe.es\/index.php?rest_route=\/wp\/v2\/posts\/14604","targetHints":{"allow":["GET"]}}],"collection":[{"href":"https:\/\/miradordeatarfe.es\/index.php?rest_route=\/wp\/v2\/posts"}],"about":[{"href":"https:\/\/miradordeatarfe.es\/index.php?rest_route=\/wp\/v2\/types\/post"}],"author":[{"embeddable":true,"href":"https:\/\/miradordeatarfe.es\/index.php?rest_route=\/wp\/v2\/users\/1"}],"replies":[{"embeddable":true,"href":"https:\/\/miradordeatarfe.es\/index.php?rest_route=%2Fwp%2Fv2%2Fcomments&post=14604"}],"version-history":[{"count":3,"href":"https:\/\/miradordeatarfe.es\/index.php?rest_route=\/wp\/v2\/posts\/14604\/revisions"}],"predecessor-version":[{"id":14669,"href":"https:\/\/miradordeatarfe.es\/index.php?rest_route=\/wp\/v2\/posts\/14604\/revisions\/14669"}],"wp:featuredmedia":[{"embeddable":true,"href":"https:\/\/miradordeatarfe.es\/index.php?rest_route=\/wp\/v2\/media\/14665"}],"wp:attachment":[{"href":"https:\/\/miradordeatarfe.es\/index.php?rest_route=%2Fwp%2Fv2%2Fmedia&parent=14604"}],"wp:term":[{"taxonomy":"category","embeddable":true,"href":"https:\/\/miradordeatarfe.es\/index.php?rest_route=%2Fwp%2Fv2%2Fcategories&post=14604"},{"taxonomy":"post_tag","embeddable":true,"href":"https:\/\/miradordeatarfe.es\/index.php?rest_route=%2Fwp%2Fv2%2Ftags&post=14604"}],"curies":[{"name":"wp","href":"https:\/\/api.w.org\/{rel}","templated":true}]}}