{"id":14626,"date":"2017-02-28T11:09:16","date_gmt":"2017-02-28T10:09:16","guid":{"rendered":"http:\/\/miradordeatarfe.es\/?p=14626"},"modified":"2017-04-16T16:24:18","modified_gmt":"2017-04-16T14:24:18","slug":"la-verdad-y-la-mentira-del-dia-de-andalucia-por-alberto-granados","status":"publish","type":"post","link":"https:\/\/miradordeatarfe.es\/?p=14626","title":{"rendered":"\u00abLa verdad y la mentira del D\u00eda de Andaluc\u00eda\u00bb por Alberto Granados"},"content":{"rendered":"<div dir=\"auto\" style=\"text-align: justify;\">Conmemorar el d\u00eda de los andaluces, en mi opini\u00f3n, es algo mucho m\u00e1s serio que unas declaraciones oficiales, una menci\u00f3n de pasada en los centros educativos y en las instituciones, una reiterativa serie de discursos y una verbena llena de sevillanas y alimentos populares.<\/div>\n<div dir=\"auto\" style=\"text-align: justify;\"><\/div>\n<div dir=\"auto\" style=\"text-align: justify;\">Si la conmemoraci\u00f3n se queda solo en eso, creo solo se alcanza una de esas alegr\u00edas a plazo fijo que, como en el caso de las navidades, nos regala un puente, un cierto aire de fiesta y poco m\u00e1s.<\/div>\n<div dir=\"auto\" style=\"text-align: justify;\"><\/div>\n<div dir=\"auto\" style=\"text-align: justify;\">\u00a0Conmemorar nuestra fiesta implica algo mucho m\u00e1s serio: una reflexi\u00f3n sobre el significado de Andaluc\u00eda a lo largo del pasado, en el momento actual y la posible proyecci\u00f3n hacia el futuro de las potencialidades andaluzas.<\/div>\n<div dir=\"auto\" style=\"text-align: justify;\"><\/div>\n<div dir=\"auto\" style=\"text-align: justify;\">Pero eso es harina de otro costal, pues somos un pueblo resignado ante la adversidad, el paro, el atraso, la escasa cultura pr\u00e1ctica y la falta de recursos que nos sit\u00faan desde hace siglos en la zona m\u00e1s baja de todas las estad\u00edsticas posibles. Y ser\u00eda de agradecer que las instituciones y los partidos pol\u00edticos hicieran un riguroso an\u00e1lisis.<\/div>\n<div dir=\"auto\" style=\"text-align: justify;\"><\/div>\n<div dir=\"auto\" style=\"text-align: justify;\">La Historia hace tiempo que lo ha hecho, \u00a0pero parece que ni el gobierno de Madrid ni el de Sevilla han sabido interpretar las causas profundas de nuestro atraso en el supuesto de que hayan le\u00eddo algo al respecto. Parece que nos resulta suficiente mirarnos el ombligo, recurrir a la riqueza de nuestro folclore, al flamenco y las dichosas e invasivas sevillanas, a Alberti, Lorca, G\u00f3ngora, Murillo, Picasso, etc., a nuestro important\u00edsimo patrimonio art\u00edstico, a nuestros variados elementos tur\u00edsticos&#8230;<\/div>\n<div dir=\"auto\" style=\"text-align: justify;\"><\/div>\n<div dir=\"auto\" style=\"text-align: justify;\">Sin restarles un \u00e1pice de trascendencia a semejantes glorias incuestionables, creo que Andaluc\u00eda debe dar un golpe de tim\u00f3n y plantearse muy seriamente en qu\u00e9 \u00a0fallamos (el pueblo de a pie, la oligarqu\u00eda y el empresariado, los dirigentes y la oposici\u00f3n, el mundo de la cultura, la ciudadan\u00eda&#8230;) porque, pese a los discursos oficiales de autobombo, la realidad deja mucho que desear. No nos puede bastar con los millones de turistas si no somos competitivos; ni es suficiente nuestra historia si el presente se acerca a lo desolador; ni bastan las sevillanas o la voz de Camar\u00f3n si el \u00edndice de analfabetismo, de uso de bibliotecas o asistencia a espacios culturales resulta desolador.<\/div>\n<div dir=\"auto\" style=\"text-align: justify;\"><\/div>\n<div dir=\"auto\" style=\"text-align: justify;\">Repetimos un esquema que no sirve y que excluye de la actualidad a un amplio grupo humano, que perpet\u00faa los viejos esquemas pretendidamente identitarios (toros, flamenco, gastronom\u00eda, simpat\u00eda con los visitantes for\u00e1neos, cofrad\u00edas, casetas de feria, feria del Roc\u00edo, etc.) como si con eso bastara. Pero con eso no llegamos al mundo de excelencia que se pretende en la estructura de nuestro mundo global.<\/div>\n<div dir=\"auto\" style=\"text-align: justify;\"><\/div>\n<div dir=\"auto\" style=\"text-align: justify;\">Si en la crisis del 98 se ped\u00eda doble vuelta de llave al cerrojo de la tumba del Cid, la modernidad nos demanda que cerremos una identidad andaluza as\u00ed de castiza, tan de oropeles, tan oficial, y nos pongamos a ganarnos nuestro futuro, sin maquillajes de colores pol\u00edticos, ni reminiscencias sevillanas, ni cantos de absurdo triunfalismo, ni&#8230; Andaluc\u00eda est\u00e1 ah\u00ed, con mil lacras que nos hemos ganado entre todos con nuestro conformismo, pero tambi\u00e9n con el inmenso potencial que llevamos dentro.<\/div>\n<div dir=\"auto\" style=\"text-align: justify;\"><\/div>\n<div dir=\"auto\" style=\"text-align: justify;\">Pero no se puede acelerar a base de permanente guerra entre partidos, de discursos oficiales que son fuego cruzado y est\u00e9ril desmotivaci\u00f3n de la gente. Alguien tendr\u00e1 que conducirnos (ese es al significado de la palabra l\u00edder) \u00a0hacia el ma\u00f1ana con energ\u00eda, con carisma y con ganas de dejar atr\u00e1s tanta m\u00edstica andaluza, tanto atraso y tanto vac\u00edo<\/div>\n<div dir=\"auto\" style=\"text-align: justify;\"><\/div>\n","protected":false},"excerpt":{"rendered":"<p>Conmemorar el d\u00eda de los andaluces, en mi opini\u00f3n, es algo mucho m\u00e1s serio que&#8230;<\/p>\n","protected":false},"author":1,"featured_media":14627,"comment_status":"closed","ping_status":"closed","sticky":false,"template":"","format":"standard","meta":{"_coblocks_attr":"","_coblocks_dimensions":"","_coblocks_responsive_height":"","_coblocks_accordion_ie_support":"","jetpack_post_was_ever_published":false,"_jetpack_newsletter_access":"","_jetpack_dont_email_post_to_subs":false,"_jetpack_newsletter_tier_id":0,"_jetpack_memberships_contains_paywalled_content":false,"_jetpack_memberships_contains_paid_content":false,"footnotes":"","jetpack_publicize_message":"","jetpack_publicize_feature_enabled":true,"jetpack_social_post_already_shared":false,"jetpack_social_options":{"image_generator_settings":{"template":"highway","default_image_id":0,"enabled":false},"version":2}},"categories":[39,12,1161,186,9,44,15],"tags":[172,3603,1348],"class_list":["post-14626","post","type-post","status-publish","format-standard","has-post-thumbnail","hentry","category-opinion-de-alberto-granados","category-cultura","category-ciudadania","category-instituciones","category-medio-ambiente","category-noticias-de-hoy","category-ultimas-noticias","tag-andalucia","tag-discursos","tag-modernidad"],"jetpack_publicize_connections":[],"jetpack_featured_media_url":"https:\/\/i0.wp.com\/miradordeatarfe.es\/wp-content\/uploads\/2017\/02\/images-1-2.jpeg?fit=292%2C173&ssl=1","jetpack_likes_enabled":true,"jetpack_sharing_enabled":true,"_links":{"self":[{"href":"https:\/\/miradordeatarfe.es\/index.php?rest_route=\/wp\/v2\/posts\/14626","targetHints":{"allow":["GET"]}}],"collection":[{"href":"https:\/\/miradordeatarfe.es\/index.php?rest_route=\/wp\/v2\/posts"}],"about":[{"href":"https:\/\/miradordeatarfe.es\/index.php?rest_route=\/wp\/v2\/types\/post"}],"author":[{"embeddable":true,"href":"https:\/\/miradordeatarfe.es\/index.php?rest_route=\/wp\/v2\/users\/1"}],"replies":[{"embeddable":true,"href":"https:\/\/miradordeatarfe.es\/index.php?rest_route=%2Fwp%2Fv2%2Fcomments&post=14626"}],"version-history":[{"count":1,"href":"https:\/\/miradordeatarfe.es\/index.php?rest_route=\/wp\/v2\/posts\/14626\/revisions"}],"predecessor-version":[{"id":14628,"href":"https:\/\/miradordeatarfe.es\/index.php?rest_route=\/wp\/v2\/posts\/14626\/revisions\/14628"}],"wp:featuredmedia":[{"embeddable":true,"href":"https:\/\/miradordeatarfe.es\/index.php?rest_route=\/wp\/v2\/media\/14627"}],"wp:attachment":[{"href":"https:\/\/miradordeatarfe.es\/index.php?rest_route=%2Fwp%2Fv2%2Fmedia&parent=14626"}],"wp:term":[{"taxonomy":"category","embeddable":true,"href":"https:\/\/miradordeatarfe.es\/index.php?rest_route=%2Fwp%2Fv2%2Fcategories&post=14626"},{"taxonomy":"post_tag","embeddable":true,"href":"https:\/\/miradordeatarfe.es\/index.php?rest_route=%2Fwp%2Fv2%2Ftags&post=14626"}],"curies":[{"name":"wp","href":"https:\/\/api.w.org\/{rel}","templated":true}]}}