{"id":14639,"date":"2017-02-27T10:39:55","date_gmt":"2017-02-27T09:39:55","guid":{"rendered":"http:\/\/miradordeatarfe.es\/?p=14639"},"modified":"2017-02-27T10:39:55","modified_gmt":"2017-02-27T09:39:55","slug":"el-parque-de-las-ciencias-abre-durante-el-puente-con-entrada-libre-el-dia-de-andalucia","status":"publish","type":"post","link":"https:\/\/miradordeatarfe.es\/?p=14639","title":{"rendered":"El Parque de las Ciencias abre durante el Puente, con entrada libre el D\u00eda de Andaluc\u00eda"},"content":{"rendered":"<p class=\"titular\" style=\"text-align: justify;\">El museo abre este lunes, de 10.00 a 19.00 horas, y el 28 de Febrero tendr\u00e1 jornada de puertas abiertas en horario de 10.00 a 15.00 horas<!--more--><\/p>\n<p style=\"text-align: justify;\">\n<div class=\"contenedor\">\n<p style=\"text-align: justify;\">El <strong>Parque de las Ciencias de Granada<\/strong> abrir\u00e1 todas sus instalaciones durante el Puente del D\u00eda de Andaluc\u00eda, siendo el martes 28 de febrero, d\u00eda de la festividad andaluza, cuando se establezca la entrada libre entre las 10.00 y las 15.00 horas.<\/p>\n<p style=\"text-align: justify;\">Seg\u00fan informa el centro en una nota, el lunes 27 de febrero se dispondr\u00e1 el horario habitual de 10.00 a 19.00 horas, y en el D\u00eda de Andaluc\u00eda, el museo tiene previsto un programa cultural para todos los p\u00fablicos. De esta manera, el BioDomo, el planetario y la exposici\u00f3n \u2018WoW. Maravillas de la Vida Salvaje\u2019 son algunos de las atractivos m\u00e1s destacados de estos d\u00edas.<\/p>\n<p style=\"text-align: justify;\">En este sentido, ser\u00e1 la primera jornada de puertas abiertas para el BioDomo, el nuevo pabell\u00f3n dedicado a la biodiversidad del planeta, que recrea h\u00e1bitats de la franja tropical y que alberga m\u00e1s de 250 especies entre animales y plantas. La entrada para este espacio tambi\u00e9n ser\u00e1 libre, pero tendr\u00e1 un aforo limitado para garantizar un ambiente adecuado para el bienestar de las especies que lo habitan.<\/p>\n<p style=\"text-align: justify;\">De igual modo, la asistencia a los programas de planetario para ese d\u00eda tambi\u00e9n ser\u00e1n gratuitos, pero estar\u00e1 limitada al n\u00famero de sesiones y a la capacidad de la sala.<\/p>\n<p style=\"text-align: justify;\">Tambi\u00e9n ser\u00e1 \u201cuna buena oportunidad\u201d para conocer la exposici\u00f3n \u2018WoW. Maravillas de la Vida Salvaje\u2019, una exposici\u00f3n producida en colaboraci\u00f3n con el Museo de Historia Natural de Bruselas, que muestra diferentes aspectos del comportamiento animal. A trav\u00e9s de diez \u201cespectaculares\u201d escenas, con m\u00e1s de 100 animales naturalizados, se muestra c\u00f3mo es el movimiento de los animales al correr, saltar, huir o cazar.<\/p>\n<p style=\"text-align: justify;\">La Ventana a la Ciencia, dedicada a la \u2018Automatizaci\u00f3n en la elaboraci\u00f3n del aceite de oliva\u2019 que investiga la Universidad de Ja\u00e9n, se suma a la oferta temporal que cuenta con contenidos permanentes como los pabellones \u2018Viaje al Cuerpo Humano\u2019, \u2018Cultura de la Prevenci\u00f3n\u2019, la carpa de gimnasia mental, el mariposario, la Torre de Observaci\u00f3n o las salas \u2018Eureka\u2019, \u2018Biosfera\u2019 y \u2018Percepci\u00f3n\u2019.<\/p>\n<p style=\"text-align: justify;\">Talleres de anatom\u00eda, rapaces en vuelo, recorridos bot\u00e1nicos, historia en el dolmen neol\u00edtico o el patrimonio industrial en la almazara, completan una oferta muy variada de actividades organizadas para la diversi\u00f3n y el entretenimiento del p\u00fablico para este puente, seg\u00fan destacan desde el Parque de las Ciencias.<\/p>\n<\/div>\n","protected":false},"excerpt":{"rendered":"<p>El museo abre este lunes, de 10.00 a 19.00 horas, y el 28 de Febrero&#8230;<\/p>\n","protected":false},"author":1,"featured_media":14640,"comment_status":"closed","ping_status":"closed","sticky":false,"template":"","format":"standard","meta":{"_coblocks_attr":"","_coblocks_dimensions":"","_coblocks_responsive_height":"","_coblocks_accordion_ie_support":"","jetpack_post_was_ever_published":false,"_jetpack_newsletter_access":"","_jetpack_dont_email_post_to_subs":false,"_jetpack_newsletter_tier_id":0,"_jetpack_memberships_contains_paywalled_content":false,"_jetpack_memberships_contains_paid_content":false,"footnotes":"","jetpack_publicize_message":"","jetpack_publicize_feature_enabled":true,"jetpack_social_post_already_shared":false,"jetpack_social_options":{"image_generator_settings":{"template":"highway","default_image_id":0,"enabled":false},"version":2}},"categories":[12,186,44,15],"tags":[2257,129,133,56],"class_list":["post-14639","post","type-post","status-publish","format-standard","has-post-thumbnail","hentry","category-cultura","category-instituciones","category-noticias-de-hoy","category-ultimas-noticias","tag-dia-de-andalucia","tag-granada","tag-parque-de-las-ciencias","tag-turismo"],"jetpack_publicize_connections":[],"jetpack_featured_media_url":"https:\/\/i0.wp.com\/miradordeatarfe.es\/wp-content\/uploads\/2017\/02\/images-3-1.jpeg?fit=353%2C143&ssl=1","jetpack_likes_enabled":true,"jetpack_sharing_enabled":true,"_links":{"self":[{"href":"https:\/\/miradordeatarfe.es\/index.php?rest_route=\/wp\/v2\/posts\/14639","targetHints":{"allow":["GET"]}}],"collection":[{"href":"https:\/\/miradordeatarfe.es\/index.php?rest_route=\/wp\/v2\/posts"}],"about":[{"href":"https:\/\/miradordeatarfe.es\/index.php?rest_route=\/wp\/v2\/types\/post"}],"author":[{"embeddable":true,"href":"https:\/\/miradordeatarfe.es\/index.php?rest_route=\/wp\/v2\/users\/1"}],"replies":[{"embeddable":true,"href":"https:\/\/miradordeatarfe.es\/index.php?rest_route=%2Fwp%2Fv2%2Fcomments&post=14639"}],"version-history":[{"count":1,"href":"https:\/\/miradordeatarfe.es\/index.php?rest_route=\/wp\/v2\/posts\/14639\/revisions"}],"predecessor-version":[{"id":14641,"href":"https:\/\/miradordeatarfe.es\/index.php?rest_route=\/wp\/v2\/posts\/14639\/revisions\/14641"}],"wp:featuredmedia":[{"embeddable":true,"href":"https:\/\/miradordeatarfe.es\/index.php?rest_route=\/wp\/v2\/media\/14640"}],"wp:attachment":[{"href":"https:\/\/miradordeatarfe.es\/index.php?rest_route=%2Fwp%2Fv2%2Fmedia&parent=14639"}],"wp:term":[{"taxonomy":"category","embeddable":true,"href":"https:\/\/miradordeatarfe.es\/index.php?rest_route=%2Fwp%2Fv2%2Fcategories&post=14639"},{"taxonomy":"post_tag","embeddable":true,"href":"https:\/\/miradordeatarfe.es\/index.php?rest_route=%2Fwp%2Fv2%2Ftags&post=14639"}],"curies":[{"name":"wp","href":"https:\/\/api.w.org\/{rel}","templated":true}]}}