{"id":14642,"date":"2017-02-28T08:43:28","date_gmt":"2017-02-28T07:43:28","guid":{"rendered":"http:\/\/miradordeatarfe.es\/?p=14642"},"modified":"2017-02-27T10:50:24","modified_gmt":"2017-02-27T09:50:24","slug":"los-granadinos-mas-representativos-ante-el-28f","status":"publish","type":"post","link":"https:\/\/miradordeatarfe.es\/?p=14642","title":{"rendered":"Los granadinos m\u00e1s representativos ante el 28F"},"content":{"rendered":"<p>La Junta reconoce la labor de entidades, asociaciones, colectivos y sociedades que durante el a\u00f1o arraigan la imagen de Andaluc\u00eda<!--more--><\/p>\n<p>&nbsp;<\/p>\n<div id=\"noticia_header\">\n<div id=\"noticia_subtitulo\">\n<h4>El acto se ha celebrado en el Parque de las Ciencas, y lo ha presidido el consejero de Salud, Aquilino Alonso, acompa\u00f1ado por la consejera de Igualdad, Mar\u00eda Jos\u00e9 S\u00e1nchez y la delegada del Gobierno Andaluz en Granada, Sandra Garc\u00eda<\/h4>\n<\/div>\n<div id=\"noticia_img\"><img data-recalc-dims=\"1\" loading=\"lazy\" decoding=\"async\" class=\"attachment-full size-full wp-post-image\" src=\"https:\/\/i0.wp.com\/cdn.granadadigital.es\/wp-content\/uploads\/2017\/02\/junta-8.jpg?resize=640%2C395\" sizes=\"auto, (max-width: 680px) 100vw, 680px\" srcset=\"http:\/\/cdn.granadadigital.es\/wp-content\/uploads\/2017\/02\/junta-8.jpg 680w, http:\/\/cdn.granadadigital.es\/wp-content\/uploads\/2017\/02\/junta-8-300x185.jpg 300w\" alt=\"\" width=\"640\" height=\"395\" \/><\/p>\n<div id=\"pie_foto\">Foto de familia con los galardonados | Foto&amp;V\u00eddeo: Asun Rodr\u00edguez<\/div>\n<div id=\"pie_foto_imagen\"><\/div>\n<\/div>\n<\/div>\n<div id=\"noticia_content\">\n<div id=\"post_contenido\">\n<div id=\"noticia_info\">\n<div id=\"noticias_firma\">\u00a0El \u00faltimo viernes de febrero ha servido para que la Junta de Andaluc\u00eda conmemore el D\u00eda de la Autonom\u00eda en Granada y entregue la bandera verdiblanca a personas y entidades que lleven a cabo alguna labor merecedora de este galard\u00f3n.<\/div>\n<\/div>\n<div id=\"post-202895\" class=\"page\">\n<div class=\"entry-content\">\n<div id=\"et_builder_outer_content\" class=\"et_builder_outer_content\">\n<div class=\"et_builder_inner_content et_pb_gutters3\">\n<div class=\"et_pb_section  et_pb_section_0 et_section_regular et_section_transparent\">\n<div class=\" et_pb_row et_pb_row_0\">\n<div class=\"et_pb_column et_pb_column_4_4  et_pb_column_0\">\n<div class=\"et_pb_text et_pb_module et_pb_bg_layout_light et_pb_text_align_left  et_pb_text_0\">\n<p>En un acto celebrado en el Parque de las Ciencas, presidido por\u00a0el consejero de Salud, Aquilino Alonso, quien ha estado acompa\u00f1ado por la consejera de Igualdad; Mar\u00eda Jos\u00e9 S\u00e1nchez; la delegada del Gobierno Andaluz en Granada, Sandra Garc\u00eda y los delegados \u00a0territoriales del organismo auton\u00f3mico, se ha hecho entrega de la bandera de Andaluc\u00eda los premiados.<\/p>\n<p>Al evento han acudido gran cantidad de personalidades de instituciones, cuerpos de seguridad y empresariado de Granada y Provincia, quienes han sido testigos de este homenaje, el cual tuvo como colof\u00f3n la interpretaci\u00f3n del Himno de Andaluc\u00eda por parte de los flamencos\u00a0Tom\u00e1s Garc\u00eda y \u00c1lvaro P\u00e9rez \u201cEl Martinete\u201d. Los premiados fuero:<\/p>\n<h4>ANGELES MORA, premio nacional de poes\u00eda y premio nacional de la cr\u00edtica en 2016<\/h4>\n<p>\u00c1ngeles llega a la Facultad de Filosof\u00eda y Letras granadina en un momento de efervescencia creativa (conecta a trav\u00e9s del profesor Juan Carlos Rodr\u00edguez y de poetas como Luis Garc\u00eda Montero o Javier Egea, con el grupo po\u00e9tico de La otra sentimentalidad que lleva sello granadino en el inicio de la d\u00e9cada de los 80 y luego se canaliza y expande dentro de la corriente de La poes\u00eda de la experiencia).<\/p>\n<p>Sus poemarios van, desde Pensando que el camino era derecho, de 1982, a t\u00edtulos como: La Guerra de los Treinta A\u00f1os (Premio Rafael Alberti de Poes\u00eda); Contradicciones, P\u00e1jaros -2003- (Premio Internacional de Poes\u00eda Ciudad de Melilla) o Bajo la Alfombra (2008), obra con la que obtuvo un acc\u00e9sit en el premio Internacional de Poes\u00eda Jaime Gil de Biedma).<\/p>\n<p>\u00c1ngeles Mora recibe la bandera de Andaluc\u00eda por la calidad de su obra po\u00e9tica, por hacer de la mujer sujeto del poema, y por ser referente de la importante tradici\u00f3n po\u00e9tica que siempre ha acompa\u00f1ado la vida cultural de Granada.<\/p>\n<h4>IES \u201cALHAMA\u201d, IES \u201cPADRE MANJON\u201d (GRANADA) IES \u201cPEDRO ANTONIO DE ALARCON (GUADIX) Celebraci\u00f3n 50 aniversario en 2016<\/h4>\n<p>Tres centros educativos emblem\u00e1ticos de nuestra provincia que han compartido recientemente la celebraci\u00f3n de su 50 aniversario y que se han sido fundamentales para la transformaci\u00f3n no s\u00f3lo de las localidades a las que pertenecen, sino tambi\u00e9n a sus entornos cercanos.<\/p>\n<p>El IES Alhama sigue siendo un centro muy activo, con 617 alumnas y alumnos que tienen acceso a educaci\u00f3n biling\u00fce y que participan en diferentes planes y programas de educaci\u00f3n medioambiental.<\/p>\n<p>El IES Pedro Antonio de Alarc\u00f3n es un referente de los estudios de Secundaria de Guadix y su comarca. Tiene 338 alumnos y alumnas en horario de ma\u00f1ana y 203 que cursan ense\u00f1anzas en r\u00e9gimen nocturno.<\/p>\n<p>IES Padre Manj\u00f3n surgi\u00f3 en 1966 como un instituto p\u00fablico experimental con la finalidad de poner en pr\u00e1ctica nuevos planes y m\u00e9todos educativos y did\u00e1cticos, sirviendo para la preparaci\u00f3n pedag\u00f3nica del personal docente. Medio siglo despu\u00e9s, contin\u00faa siendo un referente de la Educaci\u00f3n en la capital, con un alumnado que supera el millar.<\/p>\n<h4>SOGRA Agrupaci\u00f3n de personas sordas Granada y provincia<\/h4>\n<p>Naci\u00f3 naci\u00f3 hace medio siglo con el objetivo de representar y defender los intereses de las personas sordas, as\u00ed como mejorar la calidad de vida y fomentar la accesibilidad universal del colectivo en todos los \u00e1mbitos de la vida. En la actualidad representa a m\u00e1s de 4.000 personas sordas y con discapacidad auditiva en toda la provincia.<\/p>\n<p>El Gobierno andaluz reconoce con esta bandera el trabajo de compromiso y valores tan importantes como la justicia social que ha venido desarrollando Asogra estas \u00faltimas cinco d\u00e9cadas, un trabajo en el que est\u00e1 comprometida la Junta de Andaluc\u00eda a trav\u00e9s de distintas \u00e1reas de intervenci\u00f3n: Educaci\u00f3n, Empleo, Pol\u00edticas Sociales, Sanidad, Deporte.<\/p>\n<h4>AGRAFIM, Asociaci\u00f3n granadina de fibromi\u00e1lgia<\/h4>\n<p>La Asociaci\u00f3n de Fibromialgia de Granada -AGRAFIM- nace en 2002 con el objetivo de mejorar la calidad de vida de las personas afectadas, as\u00ed como de su entorno familiar. A trav\u00e9s de un marco de actuaciones sociales, psicol\u00f3gicas y f\u00edsicas (entre otros servicios), buscan dar respuestas a sus demandas y necesidades causadas por una patolog\u00eda, la fibromialgia, definida como un s\u00edndrome cr\u00f3nico, que provoca dolor generalizado que en algunos casos puede llegar a ser invalidante.<\/p>\n<p>Con cerca de 500 socios, en su gran mayor\u00eda mujeres, es hoy en d\u00eda una de las asociaciones de pacientes que m\u00e1s lucha para visibiliza esta enfermedad, que afecta en Andaluc\u00eda a unas 240.000 personas y unos 1.500 por el s\u00edndrome de fatiga cr\u00f3nica.<\/p>\n<h4>LOS ITALIANOS, helader\u00eda, un referente desde los a\u00f1os 30 del siglo XX<\/h4>\n<p>Desde 1936, esta helader\u00eda en el coraz\u00f3n de Granada, en plena Gran V\u00eda, hace las delicias de generaciones de granadinos cuando empieza la primavera. Este negocio familiar, que hace la mejor horchata del mundo y helados y granizadas adictivos, se ha convertido un todo un referente gastron\u00f3mico para oriundos y for\u00e1neos, y en un atractivo tur\u00edstico m\u00e1s con la marca Granada.<\/p>\n<p>La due\u00f1a de la empresa, Cecilia de Rocco, junto con su familia, guarda el secreto de la f\u00f3rmula artesanal de sus productos y con una plantilla de unos treinta empleados sigue a\u00f1o tras a\u00f1o atendiendo a una clientela fiel y a viajeros que peregrinan hasta el centro de la ciudad atra\u00eddos por la fama de su cassatta, horchata, helados de straciettela, avellana, crema tostada y chocolate, avisados por algunas webs tur\u00edsticas donde aparece como la mejor helader\u00eda de Espa\u00f1a.<\/p>\n<p>Con esta distinci\u00f3n, la Junta les reconoce y les anima a seguir inaugurando la primavera unos d\u00edas antes de la festividad de San Jos\u00e9 hasta la celebraci\u00f3n de la Virgen del Pilar, cuando colocan a la casta\u00f1era en el escaparate y empieza \u201coficialmente\u201d el oto\u00f1\u00f3.<\/p>\n<p>COOPERATIVA LAS TORCAS (Orgiva)<\/p>\n<p>Dinamismo, participaci\u00f3n, sostenibilidad. Sobre estos tres v\u00e9rtices se articula la trayectoria de la cooperativa de productos ecol\u00f3gicos Las Torcas, uno de los ejemplos m\u00e1s se\u00f1eros en nuestra provincia de econom\u00eda puesta al servicio del territorio, de sus gentes y de la proyecci\u00f3n de los valores y principios de la vida rural.<\/p>\n<p>Ubicada en Tablones (\u00d3rgiva), sus m\u00e1s de 20 a\u00f1os de impulso a una producci\u00f3n y a una comercializaci\u00f3n comprometidas con el respeto al medio, con la salud y la justicia social avalan el recorrido de este aut\u00e9ntico referente, difusor de La Alpujarra y de La Costa Tropical m\u00e1s all\u00e1 de nuestras fronteras.<\/p>\n<p>Su apuesta por canalizar al exterior los valiosos reclamos locales de estas comarcas la convierten en digna merecedora de esta distinci\u00f3n, como tambi\u00e9n su inmensa labor por integrar tradici\u00f3n e innovaci\u00f3n y por seguir potenciando, desde la educaci\u00f3n y la reflexi\u00f3n social, la personalidad del territorio.<\/p>\n<h4>PARALIMPICOS: El jugador de Boccia Manuel Mart\u00edn (P\u00f3rtugos, 1980) y los palistas Miguel Rodr\u00edguez (1969) de La Zubia y Jos\u00e9 Manuel Ruiz Reyes (1978) de Guadix<\/h4>\n<p>Entre los tres suman 13 Juegos Paral\u00edmpicos disputados desde Atenas en 1996 hasta R\u00edo de Janeiro en 2016 y un total de 7 medallas ol\u00edmpicas -3 platas y 4 bronces- y otros 7 diplomas ol\u00edmpicos.<\/p>\n<p>Adem\u00e1s, estos \u00faltimos Juegos han sido muy especiales porque el Comit\u00e9 Paral\u00edmpico Espa\u00f1ol (CPE) design\u00f3 como abanderado de la delegaci\u00f3n espa\u00f1ola en la Ceremonia de Inauguraci\u00f3n de los Juegos de R\u00edo 2016 en el Estadio de Maracan\u00e1, al palista accitano Jos\u00e9 Manuel Ruiz Reyes, el cual iba muy bien escoltado por el tambi\u00e9n palista zubiense Miguel Rodr\u00edguez y por el bochero portugue\u00f1o Manolo Mart\u00edn.<\/p>\n<p>Los tres, una vez m\u00e1s, han demostrado ser unos grandes embajadores de Granada y provincia, llevando el nombre de nuestra tierra, de Andaluc\u00eda, a los rincones m\u00e1s infinitos del planeta.<\/p>\n<h4>GRUPO GENERO, CIENCIAS SOCIALES Y DE LA SALUD (7 integrantes) ligado a la Escuela Andaluza de Salud P\u00fablica<\/h4>\n<p>El camino en defensa de la plena igualdad exige un rumbo marcado por la unidad. Requiere de la conjunci\u00f3n de esfuerzos de todos y de todas, como tambi\u00e9n de un enfoque transversal que abarque el mayor n\u00famero de campos posible, desde la formaci\u00f3n a la salud, pasando por la propia investigaci\u00f3n, para impedir que la desigualdad quede normalizada. Precisamente organismos como el Grupo de G\u00e9nero y Salud de la Escuela Andaluza de Salud P\u00fablica vienen sumando fuerzas desde hace 15 a\u00f1os en favor de la equidad, siendo pioneros como foco de conocimiento y de actuaciones relacionadas con el g\u00e9nero como determinante de la salud y bienestar de la poblaci\u00f3n.<\/p>\n<p>Este grupo es hoy un equipo de referencia profesional en g\u00e9nero y salud, capaz de promover el avance en igualdad y equidad de g\u00e9nero a trav\u00e9s del desarrollo de proyectos de investigaci\u00f3n, de programas de formaci\u00f3n y de proyectos de consultor\u00eda. Un trabajo que ha traspasado fronteras y que se traduce en sinergias con instituciones como la C\u00e1tedra de G\u00e9nero de la Unesco o la propia Organizaci\u00f3n Mundial de la Salud-Europa, entre otros organismos.<\/p>\n<p>Son ejemplo de que es posible la alianza entre formaci\u00f3n y salud, entre investigaci\u00f3n y conocimiento, para ofrecer una intervenci\u00f3n global contra la desigualdad de g\u00e9nero.<\/p>\n<h4>Naviera ARMAS<\/h4>\n<p>Esta compa\u00f1\u00eda de transporte mar\u00edtimo de pasajeros y mercanc\u00edas conecta Motril con Melilla, N\u00e1dor y Alhucemas desde junio de 2011, tiempo en el que ha superado los dos millones de pasajeros y ha situado a Motril como puerto l\u00edder de tr\u00e1fico con Melilla, por delante de M\u00e1laga y Almer\u00eda.<\/p>\n<p>Tambi\u00e9n sigue incorporando mejoras con el servicio de alta velocidad por v\u00eda mar\u00edtima entre Motril y Melilla (en dos horas y media). Por su compromiso con hacer de Motril su puerto base en el Mediterr\u00e1neo, merece este reconocimiento.<\/p>\n<h4>COOPERATIVA LOS REMEDIOS (Iznalloz)<\/h4>\n<p>La cooperativa nace en Iznalloz hace 70 a\u00f1os. En la actualidad, cuenta con 800 socios y alrededor de 5.000 hect\u00e1reas de olivar de monta\u00f1a, enclavados en el municipio y pueblos adyacentes de la Comarca de los Montes. 17 millones de kilos de aceituna, 4 millones de kilos de aceite y una facturaci\u00f3n anual de unos 20 millones de euros son las cifras que la sit\u00faan como una de las cooperativas m\u00e1s punteras de la provincia.<\/p>\n<p>Es una cooperativa emprendedora, que impuls\u00f3 su propia planta de envasado de aceite, lo que ha supuesto un incremento de negocio y la generaci\u00f3n de empleo, as\u00ed como que se vaya posicionando con \u00e9xito en los mercados internacionales de Colombia, Estados Unidos, Inglaterra, Pa\u00edses \u00c1rabes, Alemania y Canada con un producto de la m\u00e1s alta calidad.<\/p>\n<h4>ASOCIACION ERASMUS (Erasmus Student Network)<\/h4>\n<p>Erasmus es una de las asociaciones m\u00e1s grandes de estudiantes de Europa, con presencia en m\u00e1s de 500 universidades, en 37 pa\u00edses y atiende a m\u00e1s de 190.000 estudiantes. Tiene una red de personas voluntarias de 14.500 personas, de las cuales 50 se encuentran en Granada, una provincia que recibe cada a\u00f1o alrededor de 2.000 estudiantes internacionales.<\/p>\n<p>La Junta les premia por representar las necesidades y derechos de los estudiantes que estudian fuera de su pa\u00eds de origen, por motivarles a estudiar en el extranjero y por promover valores de voluntariado y una ciudadan\u00eda activa.<\/p>\n<h4>GRANADA ACOGE 30 a\u00f1os de labor en 2017<\/h4>\n<p>Entidad de car\u00e1cter humanitario que en 2017 ha cumplido treinta a\u00f1os de dedicaci\u00f3n a la promoci\u00f3n de los derechos de los inmigrantes del Tercer Mundo y que cuenta con personas inmigrantes en su propia junta directiva y entre su voluntariado.<\/p>\n<p>Granada Acoge ha sido y es motor para la integraci\u00f3n social de las personas de origen inmigrante e impulsora de espacios de interculturalidad, con el objetivo de hacer de Andaluc\u00eda una sociedad abierta e inclusiva. La utop\u00eda de un mundo m\u00e1s justo y solidario, se hace realidad en las labores de Granada Acoge, en su defensa de las personas de origen inmigrante en su calidad de ciudadanas y ciudadanos con los que compartir este trozo de tierra.<\/p>\n<p>Granada Acoge es un nombre ligado al de muchos j\u00f3venes que han encontrado en el deporte la Igualdad de Oportunidades, al de mujeres inmigrantes del Servicio Dom\u00e9stico, al de monitores de clases de espa\u00f1ol, y a tantas actividades que ten\u00edan una referencia hist\u00f3rica en su primera Presidenta Carmen Caballos. Y en tantos otros nombres que han seguido, llegando a su Presidente actual<\/p>\n<p>Assane Top. Y t\u00e9cnicos como Sylvia Konecki o Miguel \u00c1ngel Morales.<\/p>\n<h4>SALAZONES COBASAL (Baza)<\/h4>\n<p>Una empresa familiar dedicada a uno de los m\u00e9todos m\u00e1s antiguos para la conservaci\u00f3n de alimentos, el salaz\u00f3n, ubicada en Baza, que est\u00e1 haciendo una apuesta decidida por la modernizaci\u00f3n y diversificaci\u00f3n, sin renunciar a sus principios.<\/p>\n<p>Con una plantilla que en temporada alta puede llegar a los 15 trabajadores, en un 95% mujeres, prepara una gran variedad de delicias gastron\u00f3micas de alto valor nutricional que se exportan a todo el territorio nacional.<\/p>\n<p>De la comercializaci\u00f3n en el pasado del arenque salado, por parte de abuelo y padre, COBASAL procesa, conserva, envasa y comercializa hoy en d\u00eda desde boquer\u00f3n y sardinas en vinagre, al Salpic\u00f3n de Pulpo, pasando por los sabrosos Pinchos de sardina y queso y la anchoa salada. La t\u00e9cnica del ahumado tambi\u00e9n est\u00e1 presente en esta factor\u00eda dando como resultados fant\u00e1sticos productos a base de salm\u00f3n, bacalao y at\u00fan.<\/p>\n<p>La distinguimos con esta bandera por ser una cooperativa que genera empleo en la Comarca de Baza y apostar por la innovaci\u00f3n y la exportaci\u00f3n<\/p>\n<\/div>\n<\/div>\n<\/div>\n<\/div>\n<\/div>\n<\/div>\n<\/div>\n<\/div>\n<\/div>\n<\/div>\n<h3>Ceremonia del D\u00eda de Andaluc\u00eda en Granada | Fotos: \u00c1lex C\u00e1mara<\/h3>\n<ul class=\"galeria\">\n<li><a class=\"fancybox\" href=\"https:\/\/i0.wp.com\/www.ahoragranada.com\/web\/wp-content\/uploads\/2017\/02\/Entrega-de-los-premios-bandera-de-Andalucia-AlexCamara-3.jpg\" rel=\"grupo\"><img data-recalc-dims=\"1\" height=\"145\" width=\"257\" decoding=\"async\" src=\"https:\/\/i0.wp.com\/www.ahoragranada.com\/web\/wp-content\/uploads\/2017\/02\/Entrega-de-los-premios-bandera-de-Andalucia-AlexCamara-3-257x145.jpg?resize=257%2C145\" \/><\/a><\/li>\n<li><a class=\"fancybox\" href=\"https:\/\/i0.wp.com\/www.ahoragranada.com\/web\/wp-content\/uploads\/2017\/02\/Entrega-de-los-premios-bandera-de-Andalucia-AlexCamara-4.jpg\" rel=\"grupo\"><img data-recalc-dims=\"1\" height=\"145\" width=\"257\" decoding=\"async\" src=\"https:\/\/i0.wp.com\/www.ahoragranada.com\/web\/wp-content\/uploads\/2017\/02\/Entrega-de-los-premios-bandera-de-Andalucia-AlexCamara-4-257x145.jpg?resize=257%2C145\" \/><\/a><\/li>\n<li><a class=\"fancybox\" href=\"https:\/\/i0.wp.com\/www.ahoragranada.com\/web\/wp-content\/uploads\/2017\/02\/Entrega-de-los-premios-bandera-de-Andalucia-AlexCamara-5.jpg\" rel=\"grupo\"><img data-recalc-dims=\"1\" height=\"145\" width=\"257\" decoding=\"async\" src=\"https:\/\/i0.wp.com\/www.ahoragranada.com\/web\/wp-content\/uploads\/2017\/02\/Entrega-de-los-premios-bandera-de-Andalucia-AlexCamara-5-257x145.jpg?resize=257%2C145\" \/><\/a><\/li>\n<li><a class=\"fancybox\" href=\"https:\/\/i0.wp.com\/www.ahoragranada.com\/web\/wp-content\/uploads\/2017\/02\/Entrega-de-los-premios-bandera-de-Andalucia-AlexCamara-6.jpg\" rel=\"grupo\"><img data-recalc-dims=\"1\" height=\"145\" width=\"257\" decoding=\"async\" src=\"https:\/\/i0.wp.com\/www.ahoragranada.com\/web\/wp-content\/uploads\/2017\/02\/Entrega-de-los-premios-bandera-de-Andalucia-AlexCamara-6-257x145.jpg?resize=257%2C145\" \/><\/a><\/li>\n<li><a class=\"fancybox\" href=\"https:\/\/i0.wp.com\/www.ahoragranada.com\/web\/wp-content\/uploads\/2017\/02\/Entrega-de-los-premios-bandera-de-Andalucia-AlexCamara-8.jpg\" rel=\"grupo\"><img data-recalc-dims=\"1\" height=\"145\" width=\"257\" decoding=\"async\" src=\"https:\/\/i0.wp.com\/www.ahoragranada.com\/web\/wp-content\/uploads\/2017\/02\/Entrega-de-los-premios-bandera-de-Andalucia-AlexCamara-8-257x145.jpg?resize=257%2C145\" \/><\/a><\/li>\n<li><a class=\"fancybox\" href=\"https:\/\/i0.wp.com\/www.ahoragranada.com\/web\/wp-content\/uploads\/2017\/02\/Entrega-de-los-premios-bandera-de-Andalucia-AlexCamara-9.jpg\" rel=\"grupo\"><img data-recalc-dims=\"1\" height=\"145\" width=\"257\" decoding=\"async\" src=\"https:\/\/i0.wp.com\/www.ahoragranada.com\/web\/wp-content\/uploads\/2017\/02\/Entrega-de-los-premios-bandera-de-Andalucia-AlexCamara-9-257x145.jpg?resize=257%2C145\" \/><\/a><\/li>\n<li><a class=\"fancybox\" href=\"https:\/\/i0.wp.com\/www.ahoragranada.com\/web\/wp-content\/uploads\/2017\/02\/Entrega-de-los-premios-bandera-de-Andalucia-AlexCamara-10.jpg\" rel=\"grupo\"><img data-recalc-dims=\"1\" height=\"145\" width=\"257\" decoding=\"async\" src=\"https:\/\/i0.wp.com\/www.ahoragranada.com\/web\/wp-content\/uploads\/2017\/02\/Entrega-de-los-premios-bandera-de-Andalucia-AlexCamara-10-257x145.jpg?resize=257%2C145\" \/><\/a><\/li>\n<li><a class=\"fancybox\" href=\"https:\/\/i0.wp.com\/www.ahoragranada.com\/web\/wp-content\/uploads\/2017\/02\/Entrega-de-los-premios-bandera-de-Andalucia-AlexCamara-11.jpg\" rel=\"grupo\"><img data-recalc-dims=\"1\" height=\"145\" width=\"257\" decoding=\"async\" src=\"https:\/\/i0.wp.com\/www.ahoragranada.com\/web\/wp-content\/uploads\/2017\/02\/Entrega-de-los-premios-bandera-de-Andalucia-AlexCamara-11-257x145.jpg?resize=257%2C145\" \/><\/a><\/li>\n<li><a class=\"fancybox\" href=\"https:\/\/i0.wp.com\/www.ahoragranada.com\/web\/wp-content\/uploads\/2017\/02\/Entrega-de-los-premios-bandera-de-Andalucia-AlexCamara-12.jpg\" rel=\"grupo\"><img data-recalc-dims=\"1\" height=\"145\" width=\"257\" decoding=\"async\" src=\"https:\/\/i0.wp.com\/www.ahoragranada.com\/web\/wp-content\/uploads\/2017\/02\/Entrega-de-los-premios-bandera-de-Andalucia-AlexCamara-12-257x145.jpg?resize=257%2C145\" \/><\/a><\/li>\n<li><a class=\"fancybox\" href=\"https:\/\/i0.wp.com\/www.ahoragranada.com\/web\/wp-content\/uploads\/2017\/02\/Entrega-de-los-premios-bandera-de-Andalucia-AlexCamara-13.jpg\" rel=\"grupo\"><img data-recalc-dims=\"1\" height=\"145\" width=\"257\" decoding=\"async\" src=\"https:\/\/i0.wp.com\/www.ahoragranada.com\/web\/wp-content\/uploads\/2017\/02\/Entrega-de-los-premios-bandera-de-Andalucia-AlexCamara-13-257x145.jpg?resize=257%2C145\" \/><\/a><\/li>\n<li><a class=\"fancybox\" href=\"https:\/\/i0.wp.com\/www.ahoragranada.com\/web\/wp-content\/uploads\/2017\/02\/Entrega-de-los-premios-bandera-de-Andalucia-AlexCamara-14.jpg\" rel=\"grupo\"><img data-recalc-dims=\"1\" height=\"145\" width=\"257\" decoding=\"async\" src=\"https:\/\/i0.wp.com\/www.ahoragranada.com\/web\/wp-content\/uploads\/2017\/02\/Entrega-de-los-premios-bandera-de-Andalucia-AlexCamara-14-257x145.jpg?resize=257%2C145\" \/><\/a><\/li>\n<li><a class=\"fancybox\" href=\"https:\/\/i0.wp.com\/www.ahoragranada.com\/web\/wp-content\/uploads\/2017\/02\/Entrega-de-los-premios-bandera-de-Andalucia-AlexCamara-15.jpg\" rel=\"grupo\"><img data-recalc-dims=\"1\" height=\"145\" width=\"257\" decoding=\"async\" src=\"https:\/\/i0.wp.com\/www.ahoragranada.com\/web\/wp-content\/uploads\/2017\/02\/Entrega-de-los-premios-bandera-de-Andalucia-AlexCamara-15-257x145.jpg?resize=257%2C145\" \/><\/a><\/li>\n<li><a class=\"fancybox\" href=\"https:\/\/i0.wp.com\/www.ahoragranada.com\/web\/wp-content\/uploads\/2017\/02\/Entrega-de-los-premios-bandera-de-Andalucia-AlexCamara-16.jpg\" rel=\"grupo\"><img data-recalc-dims=\"1\" height=\"145\" width=\"257\" decoding=\"async\" src=\"https:\/\/i0.wp.com\/www.ahoragranada.com\/web\/wp-content\/uploads\/2017\/02\/Entrega-de-los-premios-bandera-de-Andalucia-AlexCamara-16-257x145.jpg?resize=257%2C145\" \/><\/a><\/li>\n<li><a class=\"fancybox\" href=\"https:\/\/i0.wp.com\/www.ahoragranada.com\/web\/wp-content\/uploads\/2017\/02\/Entrega-de-los-premios-bandera-de-Andalucia-AlexCamara-17.jpg\" rel=\"grupo\"><img data-recalc-dims=\"1\" height=\"145\" width=\"257\" decoding=\"async\" src=\"https:\/\/i0.wp.com\/www.ahoragranada.com\/web\/wp-content\/uploads\/2017\/02\/Entrega-de-los-premios-bandera-de-Andalucia-AlexCamara-17-257x145.jpg?resize=257%2C145\" \/><\/a><\/li>\n<li><a class=\"fancybox\" href=\"https:\/\/i0.wp.com\/www.ahoragranada.com\/web\/wp-content\/uploads\/2017\/02\/Entrega-de-los-premios-bandera-de-Andalucia-AlexCamara-18.jpg\" rel=\"grupo\"><img data-recalc-dims=\"1\" height=\"145\" width=\"257\" decoding=\"async\" src=\"https:\/\/i0.wp.com\/www.ahoragranada.com\/web\/wp-content\/uploads\/2017\/02\/Entrega-de-los-premios-bandera-de-Andalucia-AlexCamara-18-257x145.jpg?resize=257%2C145\" \/><\/a><\/li>\n<li><a class=\"fancybox\" href=\"https:\/\/i0.wp.com\/www.ahoragranada.com\/web\/wp-content\/uploads\/2017\/02\/Entrega-de-los-premios-bandera-de-Andalucia-AlexCamara-19.jpg\" rel=\"grupo\"><img data-recalc-dims=\"1\" height=\"145\" width=\"257\" decoding=\"async\" src=\"https:\/\/i0.wp.com\/www.ahoragranada.com\/web\/wp-content\/uploads\/2017\/02\/Entrega-de-los-premios-bandera-de-Andalucia-AlexCamara-19-257x145.jpg?resize=257%2C145\" \/><\/a><\/li>\n<li><a class=\"fancybox\" href=\"https:\/\/i0.wp.com\/www.ahoragranada.com\/web\/wp-content\/uploads\/2017\/02\/Entrega-de-los-premios-bandera-de-Andalucia-AlexCamara-20.jpg\" rel=\"grupo\"><img data-recalc-dims=\"1\" height=\"145\" width=\"257\" decoding=\"async\" src=\"https:\/\/i0.wp.com\/www.ahoragranada.com\/web\/wp-content\/uploads\/2017\/02\/Entrega-de-los-premios-bandera-de-Andalucia-AlexCamara-20-257x145.jpg?resize=257%2C145\" \/><\/a><\/li>\n<li><a class=\"fancybox\" href=\"https:\/\/i0.wp.com\/www.ahoragranada.com\/web\/wp-content\/uploads\/2017\/02\/Entrega-de-los-premios-bandera-de-Andalucia-AlexCamara-21.jpg\" rel=\"grupo\"><img data-recalc-dims=\"1\" height=\"145\" width=\"257\" decoding=\"async\" src=\"https:\/\/i0.wp.com\/www.ahoragranada.com\/web\/wp-content\/uploads\/2017\/02\/Entrega-de-los-premios-bandera-de-Andalucia-AlexCamara-21-257x145.jpg?resize=257%2C145\" \/><\/a><\/li>\n<li><a class=\"fancybox\" href=\"https:\/\/i0.wp.com\/www.ahoragranada.com\/web\/wp-content\/uploads\/2017\/02\/Entrega-de-los-premios-bandera-de-Andalucia-AlexCamara-22.jpg\" rel=\"grupo\"><img data-recalc-dims=\"1\" height=\"145\" width=\"257\" decoding=\"async\" src=\"https:\/\/i0.wp.com\/www.ahoragranada.com\/web\/wp-content\/uploads\/2017\/02\/Entrega-de-los-premios-bandera-de-Andalucia-AlexCamara-22-257x145.jpg?resize=257%2C145\" \/><\/a><\/li>\n<li><a class=\"fancybox\" href=\"https:\/\/i0.wp.com\/www.ahoragranada.com\/web\/wp-content\/uploads\/2017\/02\/Entrega-de-los-premios-bandera-de-Andalucia-AlexCamara-24.jpg\" rel=\"grupo\"><img data-recalc-dims=\"1\" height=\"145\" width=\"257\" decoding=\"async\" src=\"https:\/\/i0.wp.com\/www.ahoragranada.com\/web\/wp-content\/uploads\/2017\/02\/Entrega-de-los-premios-bandera-de-Andalucia-AlexCamara-24-257x145.jpg?resize=257%2C145\" \/><\/a><\/li>\n<li><a class=\"fancybox\" href=\"https:\/\/i0.wp.com\/www.ahoragranada.com\/web\/wp-content\/uploads\/2017\/02\/Entrega-de-los-premios-bandera-de-Andalucia-AlexCamara-25.jpg\" rel=\"grupo\"><img data-recalc-dims=\"1\" height=\"145\" width=\"257\" decoding=\"async\" src=\"https:\/\/i0.wp.com\/www.ahoragranada.com\/web\/wp-content\/uploads\/2017\/02\/Entrega-de-los-premios-bandera-de-Andalucia-AlexCamara-25-257x145.jpg?resize=257%2C145\" \/><\/a><\/li>\n<li><\/li>\n<\/ul>\n","protected":false},"excerpt":{"rendered":"<p>La Junta reconoce la labor de entidades, asociaciones, colectivos y sociedades que durante el a\u00f1o&#8230;<\/p>\n","protected":false},"author":1,"featured_media":14643,"comment_status":"closed","ping_status":"closed","sticky":false,"template":"","format":"standard","meta":{"_coblocks_attr":"","_coblocks_dimensions":"","_coblocks_responsive_height":"","_coblocks_accordion_ie_support":"","jetpack_post_was_ever_published":false,"_jetpack_newsletter_access":"","_jetpack_dont_email_post_to_subs":false,"_jetpack_newsletter_tier_id":0,"_jetpack_memberships_contains_paywalled_content":false,"_jetpack_memberships_contains_paid_content":false,"footnotes":"","jetpack_publicize_message":"","jetpack_publicize_feature_enabled":true,"jetpack_social_post_already_shared":false,"jetpack_social_options":{"image_generator_settings":{"template":"highway","default_image_id":0,"enabled":false},"version":2}},"categories":[12,1161,186,9,44,15],"tags":[3609,133,166],"class_list":["post-14642","post","type-post","status-publish","format-standard","has-post-thumbnail","hentry","category-cultura","category-ciudadania","category-instituciones","category-medio-ambiente","category-noticias-de-hoy","category-ultimas-noticias","tag-banderas-de-andalucia","tag-parque-de-las-ciencias","tag-premios"],"jetpack_publicize_connections":[],"jetpack_featured_media_url":"https:\/\/i0.wp.com\/miradordeatarfe.es\/wp-content\/uploads\/2017\/02\/junta-8.jpg?fit=680%2C420&ssl=1","jetpack_likes_enabled":true,"jetpack_sharing_enabled":true,"_links":{"self":[{"href":"https:\/\/miradordeatarfe.es\/index.php?rest_route=\/wp\/v2\/posts\/14642","targetHints":{"allow":["GET"]}}],"collection":[{"href":"https:\/\/miradordeatarfe.es\/index.php?rest_route=\/wp\/v2\/posts"}],"about":[{"href":"https:\/\/miradordeatarfe.es\/index.php?rest_route=\/wp\/v2\/types\/post"}],"author":[{"embeddable":true,"href":"https:\/\/miradordeatarfe.es\/index.php?rest_route=\/wp\/v2\/users\/1"}],"replies":[{"embeddable":true,"href":"https:\/\/miradordeatarfe.es\/index.php?rest_route=%2Fwp%2Fv2%2Fcomments&post=14642"}],"version-history":[{"count":1,"href":"https:\/\/miradordeatarfe.es\/index.php?rest_route=\/wp\/v2\/posts\/14642\/revisions"}],"predecessor-version":[{"id":14644,"href":"https:\/\/miradordeatarfe.es\/index.php?rest_route=\/wp\/v2\/posts\/14642\/revisions\/14644"}],"wp:featuredmedia":[{"embeddable":true,"href":"https:\/\/miradordeatarfe.es\/index.php?rest_route=\/wp\/v2\/media\/14643"}],"wp:attachment":[{"href":"https:\/\/miradordeatarfe.es\/index.php?rest_route=%2Fwp%2Fv2%2Fmedia&parent=14642"}],"wp:term":[{"taxonomy":"category","embeddable":true,"href":"https:\/\/miradordeatarfe.es\/index.php?rest_route=%2Fwp%2Fv2%2Fcategories&post=14642"},{"taxonomy":"post_tag","embeddable":true,"href":"https:\/\/miradordeatarfe.es\/index.php?rest_route=%2Fwp%2Fv2%2Ftags&post=14642"}],"curies":[{"name":"wp","href":"https:\/\/api.w.org\/{rel}","templated":true}]}}