{"id":14645,"date":"2017-03-01T10:55:24","date_gmt":"2017-03-01T09:55:24","guid":{"rendered":"http:\/\/miradordeatarfe.es\/?p=14645"},"modified":"2017-02-27T11:01:27","modified_gmt":"2017-02-27T10:01:27","slug":"atarfe-un-paseo-por-la-historia-de-sierra-elvira","status":"publish","type":"post","link":"https:\/\/miradordeatarfe.es\/?p=14645","title":{"rendered":"ATARFE: Un paseo por la historia de Sierra Elvira"},"content":{"rendered":"<p>El pr\u00f3ximo <strong>jueves 2 de marzo se inicia un ciclo de actividades<\/strong> con el t\u00edtulo &#8216;Sierra Elvira, todo un descubrimiento&#8217;, del que pronto os daremos m\u00e1s detalles. Os adelantamos la conferencia que impartir\u00e1n Fuencisla Moreno y Mario Mata en el<strong> Centro Cultural Medina Elvira<\/strong>. Una buena oportunidad para profundizar en nuestro pasado.<!--more--><\/p>\n<p>&nbsp;<\/p>\n<p>Sierra Elvira se encuentra en la Vega de Granada y pertenece a los t\u00e9rminos municipales de Albolote, Atarfe y Pinos Puente. Su extensi\u00f3n total es de unos 18 km\u00b2. Est\u00e1 situada a unos 9 kil\u00f3metros de la ciudad de Granada y est\u00e1 delimitada por la autov\u00eda A-92, la carretera nacional N-432 y el r\u00edo Cubillas.<\/p>\n<p>Esta sierra se puede dividir en dos partes: la parte oriental y la occidental. La parte este es la m\u00e1s escarpada, aunque sus picos son de menor altitud. Las principales cimas son la Atalaya o Torre\u00f3n (886 m) y la Ermita de los Tres Juanes (861 m).<\/p>\n<p>En la parte oeste los relieves son m\u00e1s suaves pero con una mayor altitud, como el Morr\u00f3n de la Punta (1045 m), Elvira o Morr\u00f3n de Enmedio (1 102 m) y el Cerro del Piorno (1 082 m).<\/p>\n<p><a href=\"https:\/\/i0.wp.com\/miradordeatarfe.es\/wp-content\/uploads\/2017\/02\/16938774_1345650812165452_5217573295199501461_n.jpg?ssl=1\"><img data-recalc-dims=\"1\" loading=\"lazy\" decoding=\"async\" class=\"alignnone wp-image-14646\" src=\"https:\/\/i0.wp.com\/miradordeatarfe.es\/wp-content\/uploads\/2017\/02\/16938774_1345650812165452_5217573295199501461_n.jpg?resize=640%2C441&#038;ssl=1\" alt=\"\" width=\"640\" height=\"441\" srcset=\"https:\/\/i0.wp.com\/miradordeatarfe.es\/wp-content\/uploads\/2017\/02\/16938774_1345650812165452_5217573295199501461_n.jpg?w=960&amp;ssl=1 960w, https:\/\/i0.wp.com\/miradordeatarfe.es\/wp-content\/uploads\/2017\/02\/16938774_1345650812165452_5217573295199501461_n.jpg?resize=300%2C207&amp;ssl=1 300w, https:\/\/i0.wp.com\/miradordeatarfe.es\/wp-content\/uploads\/2017\/02\/16938774_1345650812165452_5217573295199501461_n.jpg?resize=768%2C530&amp;ssl=1 768w, https:\/\/i0.wp.com\/miradordeatarfe.es\/wp-content\/uploads\/2017\/02\/16938774_1345650812165452_5217573295199501461_n.jpg?resize=600%2C414&amp;ssl=1 600w\" sizes=\"auto, (max-width: 640px) 100vw, 640px\" \/><\/a><\/p>\n","protected":false},"excerpt":{"rendered":"<p>El pr\u00f3ximo jueves 2 de marzo se inicia un ciclo de actividades con el t\u00edtulo&#8230;<\/p>\n","protected":false},"author":1,"featured_media":14647,"comment_status":"closed","ping_status":"closed","sticky":false,"template":"","format":"standard","meta":{"_coblocks_attr":"","_coblocks_dimensions":"","_coblocks_responsive_height":"","_coblocks_accordion_ie_support":"","jetpack_post_was_ever_published":false,"_jetpack_newsletter_access":"","_jetpack_dont_email_post_to_subs":false,"_jetpack_newsletter_tier_id":0,"_jetpack_memberships_contains_paywalled_content":false,"_jetpack_memberships_contains_paid_content":false,"footnotes":"","jetpack_publicize_message":"","jetpack_publicize_feature_enabled":true,"jetpack_social_post_already_shared":false,"jetpack_social_options":{"image_generator_settings":{"template":"highway","default_image_id":0,"enabled":false},"version":2}},"categories":[2,12,44,15],"tags":[81,2308,598],"class_list":["post-14645","post","type-post","status-publish","format-standard","has-post-thumbnail","hentry","category-atarfe","category-cultura","category-noticias-de-hoy","category-ultimas-noticias","tag-atarfe","tag-conferencias","tag-sierra-elvira"],"jetpack_publicize_connections":[],"jetpack_featured_media_url":"https:\/\/i0.wp.com\/miradordeatarfe.es\/wp-content\/uploads\/2017\/02\/images-4-1.jpeg?fit=259%2C195&ssl=1","jetpack_likes_enabled":true,"jetpack_sharing_enabled":true,"_links":{"self":[{"href":"https:\/\/miradordeatarfe.es\/index.php?rest_route=\/wp\/v2\/posts\/14645","targetHints":{"allow":["GET"]}}],"collection":[{"href":"https:\/\/miradordeatarfe.es\/index.php?rest_route=\/wp\/v2\/posts"}],"about":[{"href":"https:\/\/miradordeatarfe.es\/index.php?rest_route=\/wp\/v2\/types\/post"}],"author":[{"embeddable":true,"href":"https:\/\/miradordeatarfe.es\/index.php?rest_route=\/wp\/v2\/users\/1"}],"replies":[{"embeddable":true,"href":"https:\/\/miradordeatarfe.es\/index.php?rest_route=%2Fwp%2Fv2%2Fcomments&post=14645"}],"version-history":[{"count":3,"href":"https:\/\/miradordeatarfe.es\/index.php?rest_route=\/wp\/v2\/posts\/14645\/revisions"}],"predecessor-version":[{"id":14650,"href":"https:\/\/miradordeatarfe.es\/index.php?rest_route=\/wp\/v2\/posts\/14645\/revisions\/14650"}],"wp:featuredmedia":[{"embeddable":true,"href":"https:\/\/miradordeatarfe.es\/index.php?rest_route=\/wp\/v2\/media\/14647"}],"wp:attachment":[{"href":"https:\/\/miradordeatarfe.es\/index.php?rest_route=%2Fwp%2Fv2%2Fmedia&parent=14645"}],"wp:term":[{"taxonomy":"category","embeddable":true,"href":"https:\/\/miradordeatarfe.es\/index.php?rest_route=%2Fwp%2Fv2%2Fcategories&post=14645"},{"taxonomy":"post_tag","embeddable":true,"href":"https:\/\/miradordeatarfe.es\/index.php?rest_route=%2Fwp%2Fv2%2Ftags&post=14645"}],"curies":[{"name":"wp","href":"https:\/\/api.w.org\/{rel}","templated":true}]}}