{"id":14673,"date":"2017-03-01T08:04:30","date_gmt":"2017-03-01T07:04:30","guid":{"rendered":"http:\/\/miradordeatarfe.es\/?p=14673"},"modified":"2017-02-28T20:40:11","modified_gmt":"2017-02-28T19:40:11","slug":"el-supremo-rechaza-el-recurso-que-pedia-sacar-a-franco-del-valle-de-los-caidos","status":"publish","type":"post","link":"https:\/\/miradordeatarfe.es\/?p=14673","title":{"rendered":"El Supremo rechaza el recurso que ped\u00eda sacar a Franco del Valle de los Ca\u00eddos"},"content":{"rendered":"<header>\n<div class=\"author wire\">\n<div class=\"byline vcard group \">\n<div class=\"info\">\n<p class=\"title\" style=\"text-align: justify;\">La Sala de lo Contencioso Administrativo del Tribunal Supremo ha desestimado el recurso presentado por el exjuez Baltasar Garz\u00f3n contra una solicitud denegada por el Gobierno en la que<strong> ped\u00eda trasladar los cuerpos de Francisco Franco y Jos\u00e9 Antonio Primo de Rivera<\/strong> del Valle de los Ca\u00eddos a otro lugar.<\/p>\n<\/div>\n<\/div>\n<\/div>\n<\/header>\n<p style=\"text-align: justify;\"><!--more--><\/p>\n<div id=\"mainentrycontent\" class=\"content\">\n<p style=\"text-align: justify;\">Fuentes jur\u00eddicas han informado del fallo de la Secci\u00f3n Cuarta de la Sala de lo Contencioso-Administrativo que ha rechazado el recurso interpuesto por Garz\u00f3n y los abogados Manuel Oll\u00e9 y Eduardo Ranz contra la desestimaci\u00f3n de la solicitud que hab\u00edan presentado ante el Consejo de Ministros.<\/p>\n<p style=\"text-align: justify;\">En aquel escrito, los juristas pidieron al Gobierno la reconversi\u00f3n del Valle de los Ca\u00eddos en un \u00abEspacio de Memoria\u00bb, el traslado de los restos de Francisco Franco y Jos\u00e9 Antonio y que el Estado pida perd\u00f3n a las v\u00edctimas de la Guerra Civil y la dictadura.<\/p>\n<p style=\"text-align: justify;\"><strong>COINCIDIENDO CON EL 40 ANIVERSARIO<\/strong><\/p>\n<p style=\"text-align: justify;\">La solicitud, presentada en virtud del Derecho de Petici\u00f3n, coincidi\u00f3 con el 40 aniversario de la muerte de Franco, el 20 de noviembre de 1975, inhumado desde entonces en el Valle de los Ca\u00eddos junto al fundador de Falange.<\/p>\n<p style=\"text-align: justify;\">Reclamaba tambi\u00e9n al Ejecutivo la supresi\u00f3n de la simbolog\u00eda franquista y de los actos conmemorativos que se practican en el propio Valle de los Ca\u00eddos y que, a su juicio, \u00abpueden incitar al odio\u00bb.<\/p>\n<p style=\"text-align: justify;\">Adem\u00e1s solicitaba la exhumaci\u00f3n e identificaci\u00f3n de los restos de las v\u00edctimas enterrados en la Bas\u00edlica y la convocatoria de un acto p\u00fablico en sede parlamentaria, para que la autoridad competente del Estado \u00abpida perd\u00f3n a las v\u00edctimas del franquismo y a sus familiares como manifestaci\u00f3n del pleno reconocimiento y reparaci\u00f3n moral\u00bb.<\/p>\n<p style=\"text-align: justify;\">El escrito propon\u00eda la anulaci\u00f3n y derogaci\u00f3n de las normas de creaci\u00f3n de la Bas\u00edlica y de La Fundaci\u00f3n de la Santa Cruz del Valle de los Ca\u00eddos, que datan de 1940 y 1957 respectivamente, ya que contradicen la Constituci\u00f3n espa\u00f1ola y la Ley de Memoria Hist\u00f3rica.<\/p>\n<p style=\"text-align: justify;\"><strong>ADI\u00d3S AL ESPACIO DE MEMORIA<\/strong><\/p>\n<p style=\"text-align: justify;\">Los juristas ped\u00edan la transformaci\u00f3n del Valle de los Ca\u00eddos en un Espacio de Memoria, donde las v\u00edctimas de la dictadura y sus familiares puedan ejercer su derecho a la verdad y a la reparaci\u00f3n y tambi\u00e9n un lugar de identificaci\u00f3n y homenaje de quienes se encuentran inhumados, con la publicaci\u00f3n oficial de sus nombres.<\/p>\n<p style=\"text-align: justify;\">Para ello, se solicitaba al Gobierno la aprobaci\u00f3n de la dotaci\u00f3n econ\u00f3mica suficiente a cargo del Estado para la exhumaci\u00f3n e identificaci\u00f3n de los restos de las v\u00edctimas enterradas en el Valle de los Ca\u00eddos.<\/p>\n<\/div>\n","protected":false},"excerpt":{"rendered":"<p>La Sala de lo Contencioso Administrativo del Tribunal Supremo ha desestimado el recurso presentado por&#8230;<\/p>\n","protected":false},"author":1,"featured_media":14674,"comment_status":"closed","ping_status":"closed","sticky":false,"template":"","format":"standard","meta":{"_coblocks_attr":"","_coblocks_dimensions":"","_coblocks_responsive_height":"","_coblocks_accordion_ie_support":"","jetpack_post_was_ever_published":false,"_jetpack_newsletter_access":"","_jetpack_dont_email_post_to_subs":false,"_jetpack_newsletter_tier_id":0,"_jetpack_memberships_contains_paywalled_content":false,"_jetpack_memberships_contains_paid_content":false,"footnotes":"","jetpack_publicize_message":"","jetpack_publicize_feature_enabled":true,"jetpack_social_post_already_shared":false,"jetpack_social_options":{"image_generator_settings":{"template":"highway","default_image_id":0,"enabled":false},"version":2}},"categories":[1161,186,44,15],"tags":[146,292,455,2616],"class_list":["post-14673","post","type-post","status-publish","format-standard","has-post-thumbnail","hentry","category-ciudadania","category-instituciones","category-noticias-de-hoy","category-ultimas-noticias","tag-franco","tag-justicia","tag-memoria-historica","tag-valle-de-los-caidos"],"jetpack_publicize_connections":[],"jetpack_featured_media_url":"https:\/\/i0.wp.com\/miradordeatarfe.es\/wp-content\/uploads\/2017\/02\/n-VALLE-DE-LOS-CADOS-large570.jpg?fit=570%2C238&ssl=1","jetpack_likes_enabled":true,"jetpack_sharing_enabled":true,"_links":{"self":[{"href":"https:\/\/miradordeatarfe.es\/index.php?rest_route=\/wp\/v2\/posts\/14673","targetHints":{"allow":["GET"]}}],"collection":[{"href":"https:\/\/miradordeatarfe.es\/index.php?rest_route=\/wp\/v2\/posts"}],"about":[{"href":"https:\/\/miradordeatarfe.es\/index.php?rest_route=\/wp\/v2\/types\/post"}],"author":[{"embeddable":true,"href":"https:\/\/miradordeatarfe.es\/index.php?rest_route=\/wp\/v2\/users\/1"}],"replies":[{"embeddable":true,"href":"https:\/\/miradordeatarfe.es\/index.php?rest_route=%2Fwp%2Fv2%2Fcomments&post=14673"}],"version-history":[{"count":1,"href":"https:\/\/miradordeatarfe.es\/index.php?rest_route=\/wp\/v2\/posts\/14673\/revisions"}],"predecessor-version":[{"id":14675,"href":"https:\/\/miradordeatarfe.es\/index.php?rest_route=\/wp\/v2\/posts\/14673\/revisions\/14675"}],"wp:featuredmedia":[{"embeddable":true,"href":"https:\/\/miradordeatarfe.es\/index.php?rest_route=\/wp\/v2\/media\/14674"}],"wp:attachment":[{"href":"https:\/\/miradordeatarfe.es\/index.php?rest_route=%2Fwp%2Fv2%2Fmedia&parent=14673"}],"wp:term":[{"taxonomy":"category","embeddable":true,"href":"https:\/\/miradordeatarfe.es\/index.php?rest_route=%2Fwp%2Fv2%2Fcategories&post=14673"},{"taxonomy":"post_tag","embeddable":true,"href":"https:\/\/miradordeatarfe.es\/index.php?rest_route=%2Fwp%2Fv2%2Ftags&post=14673"}],"curies":[{"name":"wp","href":"https:\/\/api.w.org\/{rel}","templated":true}]}}