{"id":14679,"date":"2017-03-02T08:18:35","date_gmt":"2017-03-02T07:18:35","guid":{"rendered":"http:\/\/miradordeatarfe.es\/?p=14679"},"modified":"2017-02-28T20:38:59","modified_gmt":"2017-02-28T19:38:59","slug":"es-mas-facil-criar-ninos-fuertes-que-reparar-adultos-rotos","status":"publish","type":"post","link":"https:\/\/miradordeatarfe.es\/?p=14679","title":{"rendered":"Es m\u00e1s f\u00e1cil criar ni\u00f1os fuertes que reparar adultos rotos"},"content":{"rendered":"<article class=\"article-single post-32499 post type-post status-publish format-standard has-post-thumbnail hentry category-emociones tag-educacion-emocional tag-ninos-fuertes\">\n<div class=\"the-content\">\n<p style=\"text-align: justify;\"><strong>Las emociones desempe\u00f1an un papel determinante a la hora de convertir a un ni\u00f1o en un adulto feliz y exitoso<\/strong><strong>.\u00a0<\/strong>Sin embargo, si el desarrollo emocional de un ni\u00f1o se desv\u00eda, sufrir\u00e1 como consecuencia una gran variedad de problemas personales y sociales a lo largo de su vida\u2026 En este caso criaremos ni\u00f1os vulnerables en lugar de ni\u00f1os fuertes.<\/p>\n<p style=\"text-align: justify;\">Pero la verdad es que <strong>ser responsable de la educaci\u00f3n emocional de los ni\u00f1os no es una tarea f\u00e1cil.<\/strong> O sea, hacer entender a un ni\u00f1o que los sentimientos tienen tantas tonalidades como los colores aunque no las vean es algo cuanto menos complicado.<\/p>\n<div id=\"div-gpt-ad-1480351394151-0\" style=\"text-align: justify;\" data-google-query-id=\"CM6C3YrBs9ICFYqiUQod_VwGgA\"><\/div>\n<p style=\"text-align: justify;\"><img data-recalc-dims=\"1\" loading=\"lazy\" decoding=\"async\" class=\"kalooga_25130 aligncenter wp-image-19026 size-full\" src=\"https:\/\/i0.wp.com\/lamenteesmaravillosa.com\/wp-content\/uploads\/2015\/07\/madre-e-hija-principal.jpg?resize=629%2C452&#038;ssl=1\" sizes=\"auto, (max-width: 629px) 100vw, 629px\" srcset=\"https:\/\/lamenteesmaravillosa.com\/wp-content\/uploads\/2015\/07\/madre-e-hija-principal.jpg 629w, https:\/\/lamenteesmaravillosa.com\/wp-content\/uploads\/2015\/07\/madre-e-hija-principal-150x108.jpg 150w, https:\/\/lamenteesmaravillosa.com\/wp-content\/uploads\/2015\/07\/madre-e-hija-principal-420x302.jpg 420w\" alt=\"madre e hija andando por las v\u00edas del tren agarradas de la mano\" width=\"629\" height=\"452\" \/><\/p>\n<h2 style=\"text-align: justify;\">La conciencia emocional como base de la fortaleza infantil<\/h2>\n<p style=\"text-align: justify;\"><strong>La conciencia emocional es el mejor veh\u00edculo para el cambio en nuestra vida.<\/strong> O sea, que tenemos que ser conscientes de lo que nos provoca sentimientos frustrantes y negativos o positivos y placenteros para encontrar aquellas maneras de fomentarlos, comprenderlos y controlarlos.<\/p>\n<p style=\"text-align: justify;\">Si logramos esto, conseguiremos que los ni\u00f1os <em>(y futuros adultos)<\/em> sean capaces de tener sentimientos sobre sus propios sentimientos, es decir, ser\u00e1n ni\u00f1os fuertes. Esto, a pesar de que suena redundante, es importante a la hora de ser h\u00e1biles comunicadores emocionales y, por lo tanto, fortalecer nuestro yo interno y social.<\/p>\n<blockquote>\n<div class=\"quote-text\">Ense\u00f1ar a los ni\u00f1os a observar, comunicar y aprender sobre sus emociones ayudar\u00e1 a su desarrollo y a su \u00e9xito vital. De hecho, en primera instancia, evitaremos que sean vulnerables a los conflictos de los dem\u00e1s.<\/div>\n<div class=\"post-to-twitter\"><i class=\"fa fa-twitter\"><\/i>Compartir<\/div>\n<\/blockquote>\n<p><img data-recalc-dims=\"1\" loading=\"lazy\" decoding=\"async\" class=\"kalooga_25130 aligncenter wp-image-28581\" src=\"https:\/\/i0.wp.com\/lamenteesmaravillosa.com\/wp-content\/uploads\/2015\/10\/madre-abrazando.jpg?resize=601%2C472&#038;ssl=1\" sizes=\"auto, (max-width: 601px) 100vw, 601px\" srcset=\"https:\/\/lamenteesmaravillosa.com\/wp-content\/uploads\/2015\/10\/madre-abrazando.jpg 595w, https:\/\/lamenteesmaravillosa.com\/wp-content\/uploads\/2015\/10\/madre-abrazando-150x118.jpg 150w, https:\/\/lamenteesmaravillosa.com\/wp-content\/uploads\/2015\/10\/madre-abrazando-420x330.jpg 420w, https:\/\/lamenteesmaravillosa.com\/wp-content\/uploads\/2015\/10\/madre-abrazando-75x60.jpg 75w\" alt=\"Madre e hija abrazadas\" width=\"601\" height=\"472\" \/><\/p>\n<h2>La importancia de la comunicaci\u00f3n emocional<\/h2>\n<p>Un buen ejemplo de lo que puede suponer la adquisici\u00f3n de estas habilidades para criar ni\u00f1os fuertes lo encontramos en el libro <em>\u201cInteligencia emocional para los ni\u00f1os\u201d de Shapiro Lawrence:<\/em><\/p>\n<div id=\"div-gpt-ad-1480351394151-0\"><\/div>\n<p><em>Martin, un ni\u00f1o de seis a\u00f1os cuyos padres estaban atravesando un proceso de divorcio particularmente nocivo. El padre de Martin insist\u00eda en que \u00e9l volara para ir a visitarlo a Boston todos los fines de semana, mientras su madre manten\u00eda la custodia durante la semana en Richmond, Virginia. Martin apenas profer\u00eda palabra durante el viaje de ida de dos horas y media e insist\u00eda en irse a la cama en cuanto llegaba a cualquiera de sus dos casas. Despu\u00e9s de dos meses de este arreglo, Martin comenz\u00f3 a quejarse de dolores de est\u00f3mago y su maestra se\u00f1al\u00f3 que pocas veces hablaba con alguien en la escuela.<\/em><\/p>\n<p><em>Durante la audiencia de custodia, el abogado de Martin le pregunt\u00f3:<\/em><\/p>\n<p><em>-\u00bfC\u00f3mo te sientes visitando a tu padre todos los fines de semana?<\/em><\/p>\n<p><em>-No s\u00e9 \u2013 respondi\u00f3 Mart\u00edn.<\/em><\/p>\n<p><em>-Bueno, \u00bfest\u00e1s contento de ver a tu padre cuando llegas a Boston? \u2013pregunt\u00f3 su abogado, controlando sus propias emociones y tratando de no guiar a Martin hacia una u otra respuesta.<\/em><\/p>\n<div id=\"div-gpt-ad-1480351394151-0\"><\/div>\n<p><em>-No s\u00e9 \u2013 volvi\u00f3 a responder Martin, con un tono mon\u00f3tono apenas audible.<\/em><\/p>\n<p><em>-\u00bfQu\u00e9 me dices de tu madre? \u00bfEst\u00e1s contento de vivir con ella durante la semana? \u2013 inquiri\u00f3 el abogado, d\u00e1ndose cuenta de que obtendr\u00eda una sola respuesta de Martin durante el procedimiento.<\/em><\/p>\n<p><em>-No s\u00e9 \u2013dijo Martin una vez m\u00e1s, y nada en su comportamiento suger\u00eda que s\u00ed lo sab\u00eda.<\/em><\/p>\n<p><img data-recalc-dims=\"1\" loading=\"lazy\" decoding=\"async\" class=\"kalooga_25130 aligncenter wp-image-27441\" src=\"https:\/\/i0.wp.com\/lamenteesmaravillosa.com\/wp-content\/uploads\/2015\/10\/madre-ni%C3%B1o.jpg?resize=567%2C368&#038;ssl=1\" sizes=\"auto, (max-width: 567px) 100vw, 567px\" srcset=\"https:\/\/lamenteesmaravillosa.com\/wp-content\/uploads\/2015\/10\/madre-ni\u00f1o.jpg 547w, https:\/\/lamenteesmaravillosa.com\/wp-content\/uploads\/2015\/10\/madre-ni\u00f1o-150x97.jpg 150w, https:\/\/lamenteesmaravillosa.com\/wp-content\/uploads\/2015\/10\/madre-ni\u00f1o-420x273.jpg 420w\" alt=\"Madre y ni\u00f1o en la playa\" width=\"567\" height=\"368\" \/><\/p>\n<blockquote>\n<div class=\"quote-text\">Si privamos a nuestros ni\u00f1os de un correcto desarrollo emocional, entonces obtendremos como consecuencia la incapacidad de comprender y evolucionar de acuerdo a sus sentimientos y emociones.<\/div>\n<div class=\"post-to-twitter\"><i class=\"fa fa-twitter\"><\/i>Compartir<\/div>\n<\/blockquote>\n<p>Tal y como hemos visto claramente en el ejemplo, esto provoca un sufrimiento alt\u00edsimo que no debemos permitir en nuestros ni\u00f1os. Y es que <strong>la capacidad de un ni\u00f1o para traducir sus emociones en palabras es indispensable para la satisfacci\u00f3n de las necesidades b\u00e1sicas. <\/strong>Si ense\u00f1amos a los ni\u00f1os a expresarse emocionalmente, poco a poco se ir\u00e1n formando ni\u00f1os fuertes.<\/p>\n<p>Esto es as\u00ed entre otras cosas porque <strong>las palabras que describen las emociones est\u00e1n directamente conectadas con los sentimientos y la expresi\u00f3n fisiol\u00f3gica y emocional de estos<\/strong> <em>(por ejemplo, un ni\u00f1o debe saber que la angustia se asocia con una leve aceleraci\u00f3n del pulso, un aumento de la presi\u00f3n sangu\u00ednea y gran tensi\u00f3n en el cuerpo).<\/em><\/p>\n<h2>Hay que cultivar el lenguaje emocional<\/h2>\n<p><img data-recalc-dims=\"1\" loading=\"lazy\" decoding=\"async\" class=\"kalooga_25130 aligncenter wp-image-32502\" src=\"https:\/\/i0.wp.com\/lamenteesmaravillosa.com\/wp-content\/uploads\/2015\/11\/madre-e-hija.jpg?resize=541%2C422&#038;ssl=1\" sizes=\"auto, (max-width: 541px) 100vw, 541px\" srcset=\"https:\/\/lamenteesmaravillosa.com\/wp-content\/uploads\/2015\/11\/madre-e-hija.jpg 476w, https:\/\/lamenteesmaravillosa.com\/wp-content\/uploads\/2015\/11\/madre-e-hija-150x117.jpg 150w, https:\/\/lamenteesmaravillosa.com\/wp-content\/uploads\/2015\/11\/madre-e-hija-420x327.jpg 420w, https:\/\/lamenteesmaravillosa.com\/wp-content\/uploads\/2015\/11\/madre-e-hija-75x60.jpg 75w\" alt=\"Madre e hija abrazadas\" width=\"541\" height=\"422\" \/><\/p>\n<blockquote>\n<div class=\"quote-text\">Si los ni\u00f1os crecen en un entorno que suprime los sentimientos y evita la comunicaci\u00f3n emocional, es probable que los ni\u00f1os crezcan como personas emocionalmente mudas.<\/div>\n<div class=\"post-to-twitter\"><i class=\"fa fa-twitter\"><\/i>Compartir<\/div>\n<\/blockquote>\n<p>As\u00ed, si bien <strong>podemos aprender el lenguaje de las emociones durante toda nuestra vida, son las personas que lo hablan desde la juventud quienes se expresan con m\u00e1s claridad<\/strong> y, por lo tanto, se muestran m\u00e1s competentes emocional y socialmente hablando, lo que les abre puertas hacia el \u00e9xito vital y la consecuci\u00f3n de sus anhelos.<\/p>\n<p>Por lo tanto, queda totalmente justificada la <em>\u201cobligaci\u00f3n\u201d<\/em> moral que todos tenemos de cultivar este aspecto vital en nuestros ni\u00f1os, pues <strong>solo criando ni\u00f1os fuertes, evitaremos tener que reparar a tantos adultos rotos<\/strong> por la soledad, la desconfianza y el desamor hacia s\u00ed mismos y hacia la sociedad.<\/p>\n<div class=\"featured-container\">\n<div id=\"22356\">\n<div class=\"featured-image\"><a href=\"https:\/\/lamenteesmaravillosa.com\/los-ninos-amados-se-convierten-adultos-saben-amar\/#!\/\"><img data-recalc-dims=\"1\" decoding=\"async\" src=\"https:\/\/i0.wp.com\/lamenteesmaravillosa.com\/wp-content\/uploads\/2015\/08\/ni%C3%B1os-amados.jpg?w=640&#038;ssl=1\" alt=\"Los ni\u00f1os amados se convierten en adultos que saben amar\" \/><\/a><\/div>\n<div class=\"featured-content\">\n<h4 class=\"featured-title\">Los ni\u00f1os amados se convierten en adultos que saben amar<\/h4>\n<div class=\"featured-description\"><\/div>\n<\/div>\n<\/div>\n<\/div>\n<\/div>\n<div class=\"author-box\">\n<div class=\"author-info\"><span class=\"author-name\">Raquel Aldana<\/span><\/p>\n<p class=\"author-bio\">La psicolog\u00eda no es solo mi profesi\u00f3n, es mi vida y mi pasi\u00f3n. Creo que comprender nuestras emociones nos ayuda a girar con el mundo y estoy convencida de que los peque\u00f1os detalles son los que marcan la diferencia.<\/p>\n<\/div>\n<div class=\"author-info\"><a href=\"https:\/\/mail.google.com\/mail\/u\/0\/#inbox\/15a7e89c35d44f20\">https:\/\/mail.google.com\/mail\/u\/0\/#inbox\/15a7e89c35d44f20<\/a><\/div>\n<\/div>\n<\/article>\n<div class=\"section-title\"><\/div>\n<div id=\"outbrain_widget_0\" class=\"OUTBRAIN\" data-src=\"https:\/\/lamenteesmaravillosa.com\/mas-facil-criar-ninos-fuertes-reparar-adultos-rotos\/\" data-widget-id=\"AR_1\" data-ob-template=\"ES_LaMenteesMaravillosa\" data-ob-mark=\"true\" data-browser=\"chrome\" data-os=\"win32\" data-dynload=\"\" data-idx=\"0\">\n<div class=\"ob_strip_container AR_1\"><span class=\"ob_empty\"><wbr \/><\/span><\/div>\n<\/div>\n","protected":false},"excerpt":{"rendered":"<p>Las emociones desempe\u00f1an un papel determinante a la hora de convertir a un ni\u00f1o en&#8230;<\/p>\n","protected":false},"author":1,"featured_media":14681,"comment_status":"closed","ping_status":"closed","sticky":false,"template":"","format":"standard","meta":{"_coblocks_attr":"","_coblocks_dimensions":"","_coblocks_responsive_height":"","_coblocks_accordion_ie_support":"","jetpack_post_was_ever_published":false,"_jetpack_newsletter_access":"","_jetpack_dont_email_post_to_subs":false,"_jetpack_newsletter_tier_id":0,"_jetpack_memberships_contains_paywalled_content":false,"_jetpack_memberships_contains_paid_content":false,"footnotes":"","jetpack_publicize_message":"","jetpack_publicize_feature_enabled":true,"jetpack_social_post_already_shared":false,"jetpack_social_options":{"image_generator_settings":{"template":"highway","default_image_id":0,"enabled":false},"version":2}},"categories":[1161,186,44,15],"tags":[3079,27],"class_list":["post-14679","post","type-post","status-publish","format-standard","has-post-thumbnail","hentry","category-ciudadania","category-instituciones","category-noticias-de-hoy","category-ultimas-noticias","tag-crianza","tag-educacion"],"jetpack_publicize_connections":[],"jetpack_featured_media_url":"https:\/\/i0.wp.com\/miradordeatarfe.es\/wp-content\/uploads\/2017\/02\/Madre-abrazando-a-su-hija-en-la-playa-al-atardecer.jpg?fit=519%2C387&ssl=1","jetpack_likes_enabled":true,"jetpack_sharing_enabled":true,"_links":{"self":[{"href":"https:\/\/miradordeatarfe.es\/index.php?rest_route=\/wp\/v2\/posts\/14679","targetHints":{"allow":["GET"]}}],"collection":[{"href":"https:\/\/miradordeatarfe.es\/index.php?rest_route=\/wp\/v2\/posts"}],"about":[{"href":"https:\/\/miradordeatarfe.es\/index.php?rest_route=\/wp\/v2\/types\/post"}],"author":[{"embeddable":true,"href":"https:\/\/miradordeatarfe.es\/index.php?rest_route=\/wp\/v2\/users\/1"}],"replies":[{"embeddable":true,"href":"https:\/\/miradordeatarfe.es\/index.php?rest_route=%2Fwp%2Fv2%2Fcomments&post=14679"}],"version-history":[{"count":1,"href":"https:\/\/miradordeatarfe.es\/index.php?rest_route=\/wp\/v2\/posts\/14679\/revisions"}],"predecessor-version":[{"id":14682,"href":"https:\/\/miradordeatarfe.es\/index.php?rest_route=\/wp\/v2\/posts\/14679\/revisions\/14682"}],"wp:featuredmedia":[{"embeddable":true,"href":"https:\/\/miradordeatarfe.es\/index.php?rest_route=\/wp\/v2\/media\/14681"}],"wp:attachment":[{"href":"https:\/\/miradordeatarfe.es\/index.php?rest_route=%2Fwp%2Fv2%2Fmedia&parent=14679"}],"wp:term":[{"taxonomy":"category","embeddable":true,"href":"https:\/\/miradordeatarfe.es\/index.php?rest_route=%2Fwp%2Fv2%2Fcategories&post=14679"},{"taxonomy":"post_tag","embeddable":true,"href":"https:\/\/miradordeatarfe.es\/index.php?rest_route=%2Fwp%2Fv2%2Ftags&post=14679"}],"curies":[{"name":"wp","href":"https:\/\/api.w.org\/{rel}","templated":true}]}}