{"id":14695,"date":"2017-03-02T10:30:48","date_gmt":"2017-03-02T09:30:48","guid":{"rendered":"http:\/\/miradordeatarfe.es\/?p=14695"},"modified":"2017-03-02T10:30:48","modified_gmt":"2017-03-02T09:30:48","slug":"metro-ligero-de-granada-inauguracion-plano-horarios-paradas-y-precios","status":"publish","type":"post","link":"https:\/\/miradordeatarfe.es\/?p=14695","title":{"rendered":"Metro Ligero de Granada &#8211; Inauguraci\u00f3n, Plano, Horarios, Paradas y Precios"},"content":{"rendered":"<p>El <i>metro de Granada<\/i> recorrer\u00e1 la ciudad de norte a sur uniendo as\u00ed la capital con los pueblos cercanos de <strong>Armilla, Albolote y Maracena<\/strong>. Puede ser que su nombre correcto sea <strong>tranv\u00eda o Metro ligero<\/strong>, porque solamente dos paradas ser\u00e1n subterr\u00e1neas. <!--more--><\/p>\n<p>&nbsp;<\/p>\n<h2>Inauguraci\u00f3n. \u00bfCu\u00e1ndo Empieza Funcionar el Metro de Granada?<\/h2>\n<p>Si todo va seg\u00fan lo previsto, comenzar\u00e1n las pruebas en blanco en torno al 21 de marzo. Hasta 31 de marzo los viajeros no tendr\u00e1n que pagar el billete, pero solo podr\u00e1n hacerlo quienes reciban la oportuna invitaci\u00f3n.<\/p>\n<p>La puesta en servicio comercial (ya no ser\u00e1 gratis) esta prevista para el <strong>31 de marzo del a\u00f1o 2017<\/strong>.<\/p>\n<p>En octubre o noviembre de 2017 tambi\u00e9n cambiar\u00e1 el mapa de autobuses urbanos de Granada.<\/p>\n<h2>El Plano y las Paradas del Metro de Granada<\/h2>\n<p>El Metropolitano de Granada tiene una l\u00ednea solamente <strong>Albolote &#8211; Armilla<\/strong>.<\/p>\n<p><a href=\"http:\/\/www.granadadirect.com\/transporte\/metropolitano-granada\/#\"> <img data-recalc-dims=\"1\" loading=\"lazy\" decoding=\"async\" class=\"bdimgn\" src=\"https:\/\/i0.wp.com\/www.granadadirect.com\/images\/transporte\/metro\/metro-granada.png?resize=506%2C256\" alt=\"mapa de lineas del metro de granada con las paradas\" width=\"506\" height=\"256\" \/><\/a><\/p>\n<div class=\"adpad468\"><\/div>\n<p>Tendr\u00e1 una <strong>longitud de 15,9 km<\/strong> y <strong>26 estaciones<\/strong>. El<strong> 83%<\/strong> de su trayecto va por superficie y el <strong>17%<\/strong> subterr\u00e1neo.<\/p>\n<div class=\"titint\">Las estaciones del metro son:<\/div>\n<p><img data-recalc-dims=\"1\" loading=\"lazy\" decoding=\"async\" class=\"bdimgr\" src=\"https:\/\/i0.wp.com\/www.granadadirect.com\/images\/transporte\/metro\/tren-metro-granada.jpg?resize=300%2C200\" alt=\"un tren en el centro de granada\" width=\"300\" height=\"200\" \/><\/p>\n<p><strong>Albolote<\/strong> \u00bb Pol\u00edgono Juncaril \u00bb Vicu\u00f1a \u00bb Anfiteatro \u00bb Maracena \u00bb Cerrillo Maracena \u00bb Ctra. de Ja\u00e9n \u00bb Estaci\u00f3n de Autobuses \u00bb Argentinita \u00bb Luis Amador \u00bb Villarejo \u00bb la Caleta \u00bb Estaci\u00f3n de Tren \u00bb Universidad \u00bb M\u00e9ndez N\u00fa\u00f1ez \u00bb Recogidas \u00bb Alc\u00e1zar del Genil \u00bb H\u00edpica \u00bb Andr\u00e9s Segovia \u00bb Palacio de Deportes \u00bb Estadio Los C\u00e1rmenes \u00bb D\u00edlar \u00bb Parque Tecnol\u00f3gico \u00bb Sierra Nevada \u00bb Fernando de los R\u00edos \u00bb <strong>Armilla<\/strong>.<\/p>\n<p>Los trenes se detienen en todas las paradas, no es necesario pulsar ning\u00fan bot\u00f3n.<\/p>\n<h3>Tiempo de Recorrido<\/h3>\n<p>Tardar\u00e1 aproximadamente <strong>48 minutos<\/strong> en hacer todo el trayecto. <strong>22 minutos<\/strong> desde Albolote hasta la Caleta y <strong>26 minutos<\/strong> desde Armilla hasta la Caleta.<\/p>\n<h2>Precio del Viaje, Tarjetas y D\u00f3nde Comprar los Billetes<\/h2>\n<p><img data-recalc-dims=\"1\" loading=\"lazy\" decoding=\"async\" class=\"bdimgl\" src=\"https:\/\/i0.wp.com\/www.granadadirect.com\/images\/transporte\/metro\/venta-billetes-metro.jpg?resize=300%2C200\" alt=\"maquinas de venta de billetes del metro de granada\" width=\"300\" height=\"200\" \/><\/p>\n<p><strong>El metro ser\u00e1 gratis desde 21 de Marzo hasta 31 de Marzo para las personas quienes reciban una invitaci\u00f3n<\/strong>.<\/p>\n<p>A partir de esta fecha el metro entrar\u00e1 en funcionamiento de forma comercial. El precio aproximado de un billete ordinario estar\u00e1 en torno a <strong>un euro<\/strong>. Al comprar un bono el precio ser\u00e1 algo m\u00e1s barato.<\/p>\n<p>Todav\u00eda tenemos que esperar la publicaci\u00f3n oficial (el 15 de marzo) del precio del billete por parte de la Junta de Andaluc\u00eda.<\/p>\n<p><a href=\"http:\/\/www.granadadirect.com\/transporte\/autobuses-metropolitanos-granada\/\">Autobuses metropolitanos<\/a> y metro de Granada compartir\u00e1n la misma tarjeta de transporte (la tarjeta verde del Consorcio de Transporte de Granada).<\/p>\n<p><img data-recalc-dims=\"1\" loading=\"lazy\" decoding=\"async\" class=\"bdimgr\" src=\"https:\/\/i0.wp.com\/www.granadadirect.com\/images\/transporte\/metro\/tarjeta-consorcio-granada.jpg?resize=300%2C190\" alt=\"tarjeta de transportre de consorcio mentropolitano de granada\" width=\"300\" height=\"190\" \/><\/p>\n<p>Las personas que vienen de los autobuses metropolitanos no tendr\u00e1n que pagar el billete entero. El transbordo al metro se pagar\u00e1 con un suplemento.<\/p>\n<p>Cada parada tendr\u00e1 una m\u00e1quinas de venta donde se podr\u00e1 comprar el billete sencillo.<\/p>\n<p>Los bonos (las tarjetas de pl\u00e1stico) se podr\u00e1n comprar en tres paradas<strong>: Armilla, Recogidas y Albolote. <\/strong><\/p>\n<p>Los billetes ordinarios y las <a href=\"http:\/\/www.granadadirect.com\/transporte\/bonobus-granada\/\">tarjetas multiviaje<\/a> (credibus) de los <a href=\"http:\/\/www.granadadirect.com\/transporte\/autobuses-urbanos-granada\/\">autobuses urbanos de Granada<\/a> (rojos y <a href=\"http:\/\/www.granadadirect.com\/transporte\/lac-granada\/\">Lac<\/a>) no ser\u00e1n validos para el metropolitano de Granada.<\/p>\n<h2>\u00bfPor Qu\u00e9 Puerta Entrar en el Tren? \u00bf Hay Zonas Reservadas?<\/h2>\n<p><img data-recalc-dims=\"1\" loading=\"lazy\" decoding=\"async\" class=\"bdimgl\" src=\"https:\/\/i0.wp.com\/www.granadadirect.com\/images\/transporte\/metro\/puertas-tren-metro.jpg?resize=300%2C200\" alt=\"puertas dobles tren metro de granada\" width=\"300\" height=\"200\" \/> Se puede entrar o salir del tren por cualquier puerta.<\/p>\n<p>Hay una zona en cada tren reservada para personas en silla de ruedas o para sillas de beb\u00e9. Entra por las puertas dobles para acceder a estas zonas que est\u00e1n ubicadas junto a ellas.<\/p>\n<p>Se puede llevar una bicicleta en el tren cuando no hay mucha gente.<\/p>\n<h2>Hora de Salida del Primer y del \u00daltimo Tren<\/h2>\n<p><img data-recalc-dims=\"1\" loading=\"lazy\" decoding=\"async\" class=\"bdimgr\" src=\"https:\/\/i0.wp.com\/www.granadadirect.com\/images\/transporte\/metro\/letctor-tarjetas-metro.jpg?resize=300%2C180\" alt=\"lector de tarjetas en metro de granada\" width=\"300\" height=\"180\" \/><\/p>\n<p>El metro funcionar\u00e1 todos los d\u00edas de la semana, de lunes a domingo.<\/p>\n<p><strong>Del 20 de Marzo al 15 de Junio:<\/strong> de 9 de la ma\u00f1ana a 15.00 de la tarde.<\/p>\n<p><strong>Del 15 de Junio en adelante:<\/strong> de 6.30 a 23:00.<\/p>\n<p>Los viernes, s\u00e1bados y v\u00edsperas de festivos (a partir del 15 de Junio): hay un <strong>servicio B\u00faho<\/strong> desde las <strong>23:00 hasta las 2:00<\/strong> de la madrugada con una frecuencia de <strong>30 minutos<\/strong>.<\/p>\n<h2>Fechas de la Puesta en Marcha del Metro y Frecuencia de Paso<\/h2>\n<p>El Metro de Granada entrar\u00e1 en servicio de forma gradual.<\/p>\n<p>Estas son las fechas aproximadas y frecuencia de paso del Metro de Granada:<\/p>\n<div class=\"tb\">\n<div class=\"tbh\">\n<div class=\"cl\"><\/div>\n<div class=\"clm\">Albolote-Caleta\u00a0 Albolote-Armilla<\/div>\n<\/div>\n<div class=\"rw\">\n<div class=\"clg\">Fase 1<\/div>\n<div class=\"cl\"><strong>20 Marzo \u2013 30 Abril<\/strong><\/div>\n<div class=\"cl\"><span style=\"text-decoration: underline;\">Albolote-Caleta<\/span><\/div>\n<div class=\"cl\">2 trenes cada 30 min<\/div>\n<p><span style=\"text-decoration: underline;\">Albolote-Armilla<\/span><\/p>\n<div class=\"cl\">1 tren cada 60 min<\/div>\n<\/div>\n<div class=\"rw\">\n<div class=\"clg\"><\/div>\n<div class=\"clg\">Fase 2<\/div>\n<div class=\"cl\"><strong>1 Mayo \u2013 31 Mayo<\/strong><\/div>\n<div class=\"cl\"><span style=\"text-decoration: underline;\">Albolote-Caleta<\/span><\/div>\n<div class=\"cl\">2 trenes\u00a0 cada 30 min<\/div>\n<p><span style=\"text-decoration: underline;\">Albolote-Armilla<\/span><\/p>\n<div class=\"cl\">2 trenes cada 60 min<\/div>\n<\/div>\n<div class=\"rw\">\n<div class=\"clg\"><\/div>\n<div class=\"clg\">Fase 3<\/div>\n<div class=\"cl\"><strong>1 Junio \u2013 14 Julio<\/strong><\/div>\n<div class=\"cl\"><span style=\"text-decoration: underline;\">Albolote-Caleta<\/span><\/div>\n<div class=\"cl\">3 trenes\u00a0 cada 30 min<\/div>\n<div class=\"cl\"><span style=\"text-decoration: underline;\">Albolote-Armilla<\/span><\/div>\n<div class=\"cl\">3 trenes cada 60 min<\/div>\n<\/div>\n<div class=\"rw\">\n<div class=\"clg\"><\/div>\n<div class=\"clg\">Fase 4<\/div>\n<div class=\"cl\"><strong>15 Julio y adelante<\/strong><\/div>\n<div class=\"cl\">\u00a0<span style=\"text-decoration: underline;\">Albolote-Armilla<\/span><\/div>\n<div class=\"cl\">13 trenes\u00a0 cada 10-30 min<\/div>\n<\/div>\n<\/div>\n","protected":false},"excerpt":{"rendered":"<p>El metro de Granada recorrer\u00e1 la ciudad de norte a sur uniendo as\u00ed la capital&#8230;<\/p>\n","protected":false},"author":1,"featured_media":14696,"comment_status":"closed","ping_status":"closed","sticky":false,"template":"","format":"standard","meta":{"_coblocks_attr":"","_coblocks_dimensions":"","_coblocks_responsive_height":"","_coblocks_accordion_ie_support":"","jetpack_post_was_ever_published":false,"_jetpack_newsletter_access":"","_jetpack_dont_email_post_to_subs":false,"_jetpack_newsletter_tier_id":0,"_jetpack_memberships_contains_paywalled_content":false,"_jetpack_memberships_contains_paid_content":false,"footnotes":"","jetpack_publicize_message":"","jetpack_publicize_feature_enabled":true,"jetpack_social_post_already_shared":false,"jetpack_social_options":{"image_generator_settings":{"template":"highway","default_image_id":0,"enabled":false},"version":2}},"categories":[1161,186,44,15],"tags":[2988,2136,1019,3618,3346],"class_list":["post-14695","post","type-post","status-publish","format-standard","has-post-thumbnail","hentry","category-ciudadania","category-instituciones","category-noticias-de-hoy","category-ultimas-noticias","tag-horarios","tag-metro","tag-precios","tag-salidas","tag-tren"],"jetpack_publicize_connections":[],"jetpack_featured_media_url":"https:\/\/i0.wp.com\/miradordeatarfe.es\/wp-content\/uploads\/2017\/03\/tren-metropolitano-granada.jpg?fit=300%2C200&ssl=1","jetpack_likes_enabled":true,"jetpack_sharing_enabled":true,"_links":{"self":[{"href":"https:\/\/miradordeatarfe.es\/index.php?rest_route=\/wp\/v2\/posts\/14695","targetHints":{"allow":["GET"]}}],"collection":[{"href":"https:\/\/miradordeatarfe.es\/index.php?rest_route=\/wp\/v2\/posts"}],"about":[{"href":"https:\/\/miradordeatarfe.es\/index.php?rest_route=\/wp\/v2\/types\/post"}],"author":[{"embeddable":true,"href":"https:\/\/miradordeatarfe.es\/index.php?rest_route=\/wp\/v2\/users\/1"}],"replies":[{"embeddable":true,"href":"https:\/\/miradordeatarfe.es\/index.php?rest_route=%2Fwp%2Fv2%2Fcomments&post=14695"}],"version-history":[{"count":1,"href":"https:\/\/miradordeatarfe.es\/index.php?rest_route=\/wp\/v2\/posts\/14695\/revisions"}],"predecessor-version":[{"id":14697,"href":"https:\/\/miradordeatarfe.es\/index.php?rest_route=\/wp\/v2\/posts\/14695\/revisions\/14697"}],"wp:featuredmedia":[{"embeddable":true,"href":"https:\/\/miradordeatarfe.es\/index.php?rest_route=\/wp\/v2\/media\/14696"}],"wp:attachment":[{"href":"https:\/\/miradordeatarfe.es\/index.php?rest_route=%2Fwp%2Fv2%2Fmedia&parent=14695"}],"wp:term":[{"taxonomy":"category","embeddable":true,"href":"https:\/\/miradordeatarfe.es\/index.php?rest_route=%2Fwp%2Fv2%2Fcategories&post=14695"},{"taxonomy":"post_tag","embeddable":true,"href":"https:\/\/miradordeatarfe.es\/index.php?rest_route=%2Fwp%2Fv2%2Ftags&post=14695"}],"curies":[{"name":"wp","href":"https:\/\/api.w.org\/{rel}","templated":true}]}}