{"id":14706,"date":"2017-03-05T09:55:00","date_gmt":"2017-03-05T08:55:00","guid":{"rendered":"http:\/\/miradordeatarfe.es\/?p=14706"},"modified":"2017-03-05T10:03:09","modified_gmt":"2017-03-05T09:03:09","slug":"carnaval-2017-por-juan-alfredo-bellon","status":"publish","type":"post","link":"https:\/\/miradordeatarfe.es\/?p=14706","title":{"rendered":"CARNAVAL 2017  por Juan Alfredo Bell\u00f3n"},"content":{"rendered":"<p><i><b>CARNAVAL 2017\u00a0<\/b><\/i><b>por Juan Alfredo Bell\u00f3n\u00a0<\/b><b>para \u00a0EL MIRADOR DE ATARFE\u00a0<\/b><b>del domingo 05\/03\/17<\/b><!--more--><\/p>\n<p>&nbsp;<\/p>\n<p align=\"JUSTIFY\"><b> <\/b>Como es bien sabido, en Carnaval, nada es lo que parece. Eso se sabe bien en el flamenco por lo que se entiende en letras como esta (<i>Ni Santa Cruz es santa cruz, \/ ni Santo Domingo es santo. \/ ni Puerto Rico es tan rico \/ pa que lo veneren tanto) <\/i>donde se vuelve a plantear el eterno dilema entre la verdad de la mentira y el de la mentira de la verdad, el juego de espejos y apariencias que tanto gustaron siempre a los andaluces y a los barrocos. Quiz\u00e1 por eso, ayer, 28 de febrero, el Carnaval estuvo tan presente sin nombrarlo en las celebraciones institucionales del d\u00eda de Andaluc\u00eda donde, como siempre, se resalt\u00f3 la vigencia de la paradoja de la verdad y la mentira, de las luces y las sombras, que explicaron desde el teatro de la Maestranza nuestro modo de ser y de padecer que se proyectaron sobre nosotros (<i>anda-luces<\/i>) y sobre nuestra historia desde el vecino Hospital de la Caridad en cuyos muros cuelgan los archifamosos cuadros de Vald\u00e9s Leal inspirados en Miguel de Ma\u00f1ara y considerados una alegor\u00eda barroca del desenga\u00f1o donde la <i>cara<\/i> de toda verdad afirmativa tiene la negaci\u00f3n correspondiente en su <i>cruz<\/i>, como el sue\u00f1o se corresponde con la vigilia, las luces con las sombras, el d\u00eda con la noche, la carne con el hueso y la vida con la muerte.<\/p>\n<p align=\"JUSTIFY\">Y as\u00ed resulta que el d\u00eda en que se celebra la fiesta de la Patria Andaluza se ha institucionalzado y ahora nos sirve anualmete para desvestirnos y observarnos c\u00f3mo somos, aprendiendo as\u00ed a autocriticarnos y permiti\u00e9ndonos luego saber cu\u00e1les son las vestimentas que m\u00e1s nos convienen para transitar adecuadamente ataviados por nuestra historia: en la ceremonia de ayer martes 28-F, pudimos ver una primera fila del Maestranza disfrazada del <i>staff andaluz, <\/i>presidencia del ejectivo y legislativo, consejeros y cargos afines de primer rango, ahora triunfantes y no sabemos cuando -vanidad de vanidades- pasto de jueces y tribunales, enfrentada a los premios honorificos de andaluces y andaluzas ejemplares y predilectos, ataviados con los m\u00e9ritos contraidos durante el desempe\u00f1o de sus actividades profesionales y art\u00edsticas. Y todo bajo la atenta mirada del ojo omnipresente de la televisi\u00f3n, la radio y los dem\u00e1s medios de comunicaci\u00f3n que levantaron acta del acontecimiento y amplificaron su retumbo.<\/p>\n<p align=\"JUSTIFY\">Hubo diversos protagonistas de diferente entidad y tama\u00f1o que fueron desde la modalidad individual de <i>romances, <\/i>pasando por<i> <\/i>los de tama\u00f1o menor de los <i>cuartetos, que en C\u00e1diz son de tres, cuatro, cinco o m\u00e1s personas, <\/i>hasta los medianos de entre una docena y veinte individuos, que son las <i>chirigota<\/i>s y <i>comparsas<\/i> y por fin los <i>coros <\/i>(de 30 a 50 componentes) y dem\u00e1s <i>murgas y agrupaciones carnavalescas<\/i> que interpretan las letras con acompa\u00f1amiento musical y diseccionan la realidad local, provincial, regional etc. <i>hasta el infinito y m\u00e1s all\u00e1<\/i>, aplic\u00e1ndole la receta infalible del humor: as\u00ed, dicen que en las dinast\u00edas reinantes se usa el <i>plural mayest\u00e1tico<\/i> y en vez de decir <i>YO, <\/i>se dice <i>NOS, <\/i>se firma como <i>el duque empalmado <\/i>y se bautiza al yate real con el nombre nada misterioso de <i>Brib\u00f3n \u2026 \u00bflo cogen? y que aquello es C\u00e1diz y all\u00ed hay que mamar\u2026 <\/i>Adem\u00e1s, el Carnaval se va adecuando poco a poco a lo signos de los tiempos y la igualdad de g\u00e9neros avanza con no pocas difcultades habiendo en el concurso oficial una participaci\u00f3n creciente de las mujeres en todas las modalidades y ya no solo son figurantes sino tambi\u00e9n protagonistas en igualdad y paridad con los hombres.<\/p>\n<p align=\"JUSTIFY\"><i> <\/i>En tal sentido, la actuaci\u00f3n en<i> la gala andaluza <\/i>promovida hace unos a\u00f1os en Sevilla cuando se nombr\u00f3 hijo predilecto a mi paisano y tambi\u00e9n amigo Joaqu\u00edn Sabina, fue bastante m\u00e1s carnavalesca que la de mi colega y sin embargo amigo Luis Garc\u00eda Montero quien -ripios a parte por parte del cantautor- se dedic\u00f3 a una disgresi\u00f3n propia de la gaditana Plaza de San Antonio, donde se pronuncian los pregones oficiales del Carnaval. En cambio, mi otro amigo, Luis, hizo valer su condici\u00f3n de catedr\u00e1tico de Literatura Espa\u00f1ola y construy\u00f3 algo parecido a una lecci\u00f3n magistral sobre la poes\u00eda y Andaluc\u00eda, teniendo en cuenta que se esgrim\u00eda desde su condici\u00f3n doble de profesor y poeta y se compon\u00eda hablando de la Andaluc\u00eda de Lorca, Cernuda y Alberti, referentes post-rom\u00e1nticos de su visi\u00f3n andaluza que concordaban siempre con su visi\u00f3n de la cultura popular como ra\u00edz progresista de lo andaluz: tierras del Sur, luminosas, mesi\u00e1nicas, creativas y solidarias con el resto de la naci\u00f3n espa\u00f1ola, <i>sea por Andaluc\u00eda libre, Espa\u00f1a y la Humanidad. <\/i>Hizo tambi\u00e9n una referencia a su tierra natal granadina y al maltrato especial que sufre de parte de las autoridades nacionales en punto a las comunicaciones y a los m\u00e1s diversos niguneos de nuestros derechos y agravios comparativos que hieren a uno de los mayores referentes de lo andaluz y n\u00facleo hist\u00f3rico del polo oriental. Tanto Sabina como Luis coincidieron con los <i>poetas andaluces de ahora<\/i> y con Rafaela Carr\u00e0 en que <i>para hacer bien el amor hay que venir al Sur <\/i>y en esta idea fundaron su defensa de lo meridional como un concepto superador de aduanas y fronteras que coincide con lo mediterr\u00e1neo y ayuda a superar los muros y las alambradas que tanto da\u00f1an la convivencia en el mundo contempor\u00e1neo.<\/p>\n<p align=\"JUSTIFY\">Y as\u00ed es como Andaluc\u00eda sirve para fundar un papel protagonista en el mundo de la modernidad donde humor y amor, solidaridad, humanismo, igualdad y compasi\u00f3n se convierten en conceptos operativos para la defensa de la libertad y de la vida <i>(Viva Andaluc\u00eda Libre) <\/i>que desde aqu\u00ed se propugnan todos los a\u00f1os en una conmemoraci\u00f3n tan cercana al Carnaval y tan lejana aunque aleda\u00f1a al 23-F<i>. <\/i>Caprichos del calendario, ahora que se quiere completar la ley de la Memoria Hist\u00f3rica y sacar a Franco y a Jos\u00e9 Antonio del valle de Cuelgamuros para que no duerman el sue\u00f1o eterno junto a sus v\u00edctimas.<\/p>\n<p align=\"JUSTIFY\">No somos nadie. Parece que fue ayer. Hasta siempre.<\/p>\n","protected":false},"excerpt":{"rendered":"<p>CARNAVAL 2017\u00a0por Juan Alfredo Bell\u00f3n\u00a0para \u00a0EL MIRADOR DE ATARFE\u00a0del domingo 05\/03\/17<\/p>\n","protected":false},"author":1,"featured_media":14724,"comment_status":"closed","ping_status":"closed","sticky":false,"template":"","format":"standard","meta":{"_coblocks_attr":"","_coblocks_dimensions":"","_coblocks_responsive_height":"","_coblocks_accordion_ie_support":"","jetpack_post_was_ever_published":false,"_jetpack_newsletter_access":"","_jetpack_dont_email_post_to_subs":false,"_jetpack_newsletter_tier_id":0,"_jetpack_memberships_contains_paywalled_content":false,"_jetpack_memberships_contains_paid_content":false,"footnotes":"","jetpack_publicize_message":"","jetpack_publicize_feature_enabled":true,"jetpack_social_post_already_shared":false,"jetpack_social_options":{"image_generator_settings":{"template":"highway","default_image_id":0,"enabled":false},"version":2}},"categories":[1161,186,36,9,44,15],"tags":[172,2135],"class_list":["post-14706","post","type-post","status-publish","format-standard","has-post-thumbnail","hentry","category-ciudadania","category-instituciones","category-opinion-de-juan-alfredo-bellon","category-medio-ambiente","category-noticias-de-hoy","category-ultimas-noticias","tag-andalucia","tag-carnaval"],"jetpack_publicize_connections":[],"jetpack_featured_media_url":"https:\/\/i0.wp.com\/miradordeatarfe.es\/wp-content\/uploads\/2017\/03\/COAC-2017-Carnaval-de-Cadiz-2017.jpg?fit=740%2C518&ssl=1","jetpack_likes_enabled":true,"jetpack_sharing_enabled":true,"_links":{"self":[{"href":"https:\/\/miradordeatarfe.es\/index.php?rest_route=\/wp\/v2\/posts\/14706","targetHints":{"allow":["GET"]}}],"collection":[{"href":"https:\/\/miradordeatarfe.es\/index.php?rest_route=\/wp\/v2\/posts"}],"about":[{"href":"https:\/\/miradordeatarfe.es\/index.php?rest_route=\/wp\/v2\/types\/post"}],"author":[{"embeddable":true,"href":"https:\/\/miradordeatarfe.es\/index.php?rest_route=\/wp\/v2\/users\/1"}],"replies":[{"embeddable":true,"href":"https:\/\/miradordeatarfe.es\/index.php?rest_route=%2Fwp%2Fv2%2Fcomments&post=14706"}],"version-history":[{"count":1,"href":"https:\/\/miradordeatarfe.es\/index.php?rest_route=\/wp\/v2\/posts\/14706\/revisions"}],"predecessor-version":[{"id":14707,"href":"https:\/\/miradordeatarfe.es\/index.php?rest_route=\/wp\/v2\/posts\/14706\/revisions\/14707"}],"wp:featuredmedia":[{"embeddable":true,"href":"https:\/\/miradordeatarfe.es\/index.php?rest_route=\/wp\/v2\/media\/14724"}],"wp:attachment":[{"href":"https:\/\/miradordeatarfe.es\/index.php?rest_route=%2Fwp%2Fv2%2Fmedia&parent=14706"}],"wp:term":[{"taxonomy":"category","embeddable":true,"href":"https:\/\/miradordeatarfe.es\/index.php?rest_route=%2Fwp%2Fv2%2Fcategories&post=14706"},{"taxonomy":"post_tag","embeddable":true,"href":"https:\/\/miradordeatarfe.es\/index.php?rest_route=%2Fwp%2Fv2%2Ftags&post=14706"}],"curies":[{"name":"wp","href":"https:\/\/api.w.org\/{rel}","templated":true}]}}