{"id":14708,"date":"2017-03-03T10:52:21","date_gmt":"2017-03-03T09:52:21","guid":{"rendered":"http:\/\/miradordeatarfe.es\/?p=14708"},"modified":"2017-03-02T16:17:30","modified_gmt":"2017-03-02T15:17:30","slug":"mirando-nosotras-xvi-edicion","status":"publish","type":"post","link":"https:\/\/miradordeatarfe.es\/?p=14708","title":{"rendered":"MIRANDO NOSOTRAS \u00a0XVI Edici\u00f3n"},"content":{"rendered":"<p style=\"text-align: justify;\">Un a\u00f1o m\u00e1s MIRANDO NOSOTRAS crece para compartir espacios reflexivos, cr\u00edticos y po\u00e9ticos del cine independiente. MIRANDO NOSOTRAS apuesta, una edici\u00f3n m\u00e1s, por otro cine y otra mirada. Un a\u00f1o m\u00e1s crece para compartir una mirada al cine feminista.<!--more--><\/p>\n<p style=\"text-align: justify;\">La propuesta para esta dieciseisava edici\u00f3n tiene como eje diferentes temas: el amor l\u00e9sbico, los movimientos feministas de los a\u00f1os 70, la adolescencia, la situaci\u00f3n de las mujeres y la diversidad cultural, las violaciones como arma de guerra, los bebes robados, etc. Todo ello desde una posici\u00f3n feminista que cuestiona la hegemon\u00eda heteropatriarcal, blanca y capitalista.<\/p>\n<p style=\"text-align: justify;\">Esta edici\u00f3n lleva por t\u00edtulo<strong> Cine y G\u00e9nero<\/strong> porque nos parece importante introducir \u201cel punto de vista de g\u00e9nero en el cine\u201d; es un concepto que reivindica la posibilidad de crear discursos y formas de entender el mundo, desde un punto de vista contra-hegem\u00f3nico. Implica romper con estereotipos que subordinan a las mujeres como sujeto pol\u00edtico (cuidadoras, madres exclusivas, mujeres objeto).<\/p>\n<p style=\"text-align: justify;\">Asimismo, equivale a construir nuevos modelos, que no s\u00f3lo denuncien o visibilicen personajes femeninos en conflicto consigo mismas o con el mundo; o mujeres en universos cotidianos o dom\u00e9sticos; o mujeres v\u00edctimas; o mujeres hero\u00ednas de la cotidianidad. Requiere ampliar las tem\u00e1ticas y los universos.<\/p>\n<p style=\"text-align: justify;\">\u201cEl punto de vista de g\u00e9nero\u201c tiene mucho que ver tambi\u00e9n con representar a las mujeres fuera de los \u00e1mbitos y espacios privados, \u201cel punto de vista de g\u00e9nero\u201d es un concepto que suma una mayor complejidad a los discursos feministas. Est\u00e1 presente en las pel\u00edculas, pero tambi\u00e9n en quien las analiza, en el ojo de quien mira.<\/p>\n<p style=\"text-align: justify;\">Desde el espacio que genera MIRANDO NOSOTRAS, se apuesta por desmontar los modelos de representaci\u00f3n cinematogr\u00e1fica que han invisibilizado la marca de g\u00e9nero de l@s creador@s, para interpelar otra mirada. Una mirada que cuestiona y act\u00faa frente a los textos androc\u00e9ntricos que alientan posiciones de subordinaci\u00f3n para las mujeres, una mirada activa que intenta hallar un espacio que deconstruya los modelos de representaci\u00f3n basados en las ideolog\u00edas de distintos patriarcados. \u00a1 Saludos feministas \u00a1 \u00a1 Vamos al cine!<\/p>\n<p><strong>PROGRAMA<\/strong><\/p>\n<p><strong>Marzo<\/strong><\/p>\n<p>Jueves 2\u00a0\u2013 \u201cUn amor de verano\u201d \u2013 \u201cLa belle saison\u201d<br \/>\nCatherine Corsini, Francia, (2015)\u00a0V.O.S.E.<br \/>\n<em><strong>Palacio de Condes de Gabia<\/strong><\/em> a las 20:00 horas<\/p>\n<div class=\"fluid-width-video-wrapper\"><iframe loading=\"lazy\" class=\"youtube-player\" src=\"http:\/\/www.youtube.com\/embed\/LYwbRN8AjiQ?version=3&amp;rel=1&amp;fs=1&amp;autohide=2&amp;showsearch=0&amp;showinfo=1&amp;iv_load_policy=1&amp;wmode=transparent\" name=\"fitvid0\" width=\"300\" height=\"150\" allowfullscreen=\"allowfullscreen\" data-mce-fragment=\"1\"><\/iframe><\/div>\n<p>Viernes 3 \u2013\u00a0\u201cMar\u00eda (y los dem\u00e1s)\u201d<br \/>\nNely Reguera, Espa\u00f1a, (2016) V.O.E.<br \/>\n<em><strong>Filmoteca de Andaluc\u00eda de Granada<\/strong><\/em> a las 20:30 horas \u00b7\u00a0Ciclo\u00a0\u201cMujeres, una por una\u201d<\/p>\n<div class=\"fluid-width-video-wrapper\"><iframe loading=\"lazy\" class=\"youtube-player\" src=\"http:\/\/www.youtube.com\/embed\/mcNxcqnsWhs?version=3&amp;rel=1&amp;fs=1&amp;autohide=2&amp;showsearch=0&amp;showinfo=1&amp;iv_load_policy=1&amp;wmode=transparent\" name=\"fitvid1\" width=\"300\" height=\"150\" allowfullscreen=\"allowfullscreen\" data-mce-fragment=\"1\"><\/iframe><\/div>\n<p>Jueves 9 \u2013 \u201cLas amigas de \u00c1gata\u201d \u2013 \u201cLes Amigues de L\u2019\u00c0gata\u201d<br \/>\nLaia Alabart, Alba Cros, Laura Rius, Marta Verheyen,\u00a0Espa\u00f1a. (2015)\u00a070 min. V.O.E.C.<br \/>\n<em><strong>Palacio de Condes de Gabia<\/strong><\/em> a las 20:00 horas<\/p>\n<div class=\"fluid-width-video-wrapper\"><iframe loading=\"lazy\" class=\"youtube-player\" src=\"http:\/\/www.youtube.com\/embed\/tblLGa97378?version=3&amp;rel=1&amp;fs=1&amp;autohide=2&amp;showsearch=0&amp;showinfo=1&amp;iv_load_policy=1&amp;wmode=transparent\" name=\"fitvid2\" width=\"300\" height=\"150\" allowfullscreen=\"allowfullscreen\" data-mce-fragment=\"1\"><\/iframe><\/div>\n<p>Viernes 10 \u2013 \u201cEl porvenir\u201d \u2013 \u201cL\u2019avenir\u201d<br \/>\nMia Hansen-L\u00f8ve. Francia. (2016) 100 min. V.O.S.E.<br \/>\n<em><strong>Filmoteca de Andaluc\u00eda de Granada<\/strong><\/em> a las 20:30 horas\u00a0\u00b7 Ciclo\u00a0\u201cMujeres, una por una\u201d<\/p>\n<div class=\"fluid-width-video-wrapper\"><iframe loading=\"lazy\" class=\"youtube-player\" src=\"http:\/\/www.youtube.com\/embed\/ytFfNrliAzg?version=3&amp;rel=1&amp;fs=1&amp;autohide=2&amp;showsearch=0&amp;showinfo=1&amp;iv_load_policy=1&amp;wmode=transparent\" name=\"fitvid3\" width=\"300\" height=\"150\" allowfullscreen=\"allowfullscreen\" data-mce-fragment=\"1\"><\/iframe><\/div>\n<p>Jueves 16 \u2013 \u201cLa estaci\u00f3n de las mujeres\u201d \u2013 \u201cParched\u201d<br \/>\nLeena Yadavs,\u00a0India (2015) 116 min.\u00a0V.O.S.E.<br \/>\n<em><strong>Palacio de Condes de Gabia<\/strong><\/em> a las 20:00 horas<\/p>\n<div class=\"fluid-width-video-wrapper\"><iframe loading=\"lazy\" class=\"youtube-player\" src=\"http:\/\/www.youtube.com\/embed\/m69d-KNi2Q0?version=3&amp;rel=1&amp;fs=1&amp;autohide=2&amp;showsearch=0&amp;showinfo=1&amp;iv_load_policy=1&amp;wmode=transparent\" name=\"fitvid4\" width=\"300\" height=\"150\" allowfullscreen=\"allowfullscreen\" data-mce-fragment=\"1\"><\/iframe><\/div>\n<p>Viernes 17 \u2013\u00a0\u201cEl \u00faltimo verano\u201d\u00a0(Documental)<br \/>\nLeire Apellaniz. Espa\u00f1a. (2016) 92 min. V.O.E.<br \/>\n<em><strong>Filmoteca de Andaluc\u00eda de Granada<\/strong><\/em> a las 20:30 horas \u00b7 Ciclo \u201cMujeres, una por una\u201d<\/p>\n<p>Jueves 23 \u2013 \u201cLas Inocentes\u201d \u2013 \u201cLes innocentes \u2013 Agnus Dei\u201d<br \/>\nAnne Fontaine,\u00a0India. (2016) 100 min. V.O.S.E.<br \/>\n<em><strong>Palacio de Condes de Gabia<\/strong><\/em> a las 20:00 horas<\/p>\n<div class=\"fluid-width-video-wrapper\"><iframe loading=\"lazy\" class=\"youtube-player\" src=\"http:\/\/www.youtube.com\/embed\/UdsVy7qwf6g?version=3&amp;rel=1&amp;fs=1&amp;autohide=2&amp;showsearch=0&amp;showinfo=1&amp;iv_load_policy=1&amp;wmode=transparent\" name=\"fitvid5\" width=\"300\" height=\"150\" allowfullscreen=\"allowfullscreen\" data-mce-fragment=\"1\"><\/iframe><\/div>\n<p>Viernes 24 \u2013\u00a0\u201cChevalier\u201d<br \/>\nAthina Rachel Tsangari. Grecia.\u00a0(2015) 99 min. V.O.S.E.<br \/>\n<em><strong>Filmoteca de Andaluc\u00eda de Granada<\/strong><\/em> a las 20:30 horas \u00b7\u00a0Ciclo\u00a0\u201cMujeres, una por una\u201d<\/p>\n<div class=\"fluid-width-video-wrapper\"><iframe loading=\"lazy\" class=\"youtube-player\" src=\"http:\/\/www.youtube.com\/embed\/JE7wOmGYgYQ?version=3&amp;rel=1&amp;fs=1&amp;autohide=2&amp;showsearch=0&amp;showinfo=1&amp;iv_load_policy=1&amp;wmode=transparent\" name=\"fitvid6\" width=\"300\" height=\"150\" allowfullscreen=\"allowfullscreen\" data-mce-fragment=\"1\"><\/iframe><\/div>\n<p>Mi\u00e9rcoles 29 \u2013\u00a0\u201cAlal\u00e1\u201d (Documental)<br \/>\nRemedios Malv\u00e1rez. Espa\u00f1a. (2016) 77\u00a0min. V.O.E.<br \/>\n<em><strong>Filmoteca de Andaluc\u00eda de Granada<\/strong><\/em> a las 20:30 horas \u00b7\u00a0Ciclo\u00a0\u201cMujeres, una por una\u201d<\/p>\n<div class=\"fluid-width-video-wrapper\"><iframe loading=\"lazy\" class=\"youtube-player\" src=\"http:\/\/www.youtube.com\/embed\/rHqmQ6X99CU?version=3&amp;rel=1&amp;fs=1&amp;autohide=2&amp;showsearch=0&amp;showinfo=1&amp;iv_load_policy=1&amp;wmode=transparent\" name=\"fitvid7\" width=\"300\" height=\"150\" allowfullscreen=\"allowfullscreen\" data-mce-fragment=\"1\"><\/iframe><\/div>\n<p>Jueves 30 \u2013 \u201cMadre solo hay una\u201d \u2013 \u201cM\u00e3e s\u00f3 h\u00e1 uma\u201d<br \/>\nAnna Muylaert Brasil.\u00a0India. (2016) 88 min. V.O.S.E.<br \/>\n<em><strong>Palacio de Condes de Gabia<\/strong><\/em> a las 20:00 horas<\/p>\n<div class=\"fluid-width-video-wrapper\"><iframe loading=\"lazy\" class=\"youtube-player\" src=\"http:\/\/www.youtube.com\/embed\/7_JMwcHRv3c?version=3&amp;rel=1&amp;fs=1&amp;autohide=2&amp;showsearch=0&amp;showinfo=1&amp;iv_load_policy=1&amp;wmode=transparent\" name=\"fitvid8\" width=\"300\" height=\"150\" allowfullscreen=\"allowfullscreen\" data-mce-fragment=\"1\"><\/iframe><\/div>\n<p>Viernes\u00a031 \u2013 \u201cLa invitaci\u00f3n\u201d<br \/>\nKaryn Kusama. EEUU.\u00a0(2015) 90 min. V.O.S.E.<br \/>\n<em><strong>Filmoteca de Andaluc\u00eda de Granada<\/strong><\/em> a las 20:30 horas \u00b7\u00a0Ciclo\u00a0\u201cMujeres, una por una\u201d<\/p>\n<div class=\"fluid-width-video-wrapper\"><iframe loading=\"lazy\" class=\"youtube-player\" src=\"http:\/\/www.youtube.com\/embed\/EmPGexe1y0s?version=3&amp;rel=1&amp;fs=1&amp;autohide=2&amp;showsearch=0&amp;showinfo=1&amp;iv_load_policy=1&amp;wmode=transparent\" name=\"fitvid9\" width=\"300\" height=\"150\" allowfullscreen=\"allowfullscreen\" data-mce-fragment=\"1\"><\/iframe><\/div>\n<p>Carmen F. Sigler es la artista dise\u00f1adora del cartel de esta edici\u00f3n de Cine &amp; G\u00e9nero \u201cMirando por nosotras\u201d 2017 Granada.<\/p>\n<p>Organizado por la Asamblea de Mujeres de Granada.<\/p>\n","protected":false},"excerpt":{"rendered":"<p>Un a\u00f1o m\u00e1s MIRANDO NOSOTRAS crece para compartir espacios reflexivos, cr\u00edticos y po\u00e9ticos del cine&#8230;<\/p>\n","protected":false},"author":1,"featured_media":14711,"comment_status":"closed","ping_status":"closed","sticky":false,"template":"","format":"standard","meta":{"_coblocks_attr":"","_coblocks_dimensions":"","_coblocks_responsive_height":"","_coblocks_accordion_ie_support":"","jetpack_post_was_ever_published":false,"_jetpack_newsletter_access":"","_jetpack_dont_email_post_to_subs":false,"_jetpack_newsletter_tier_id":0,"_jetpack_memberships_contains_paywalled_content":false,"_jetpack_memberships_contains_paid_content":false,"footnotes":"","jetpack_publicize_message":"","jetpack_publicize_feature_enabled":true,"jetpack_social_post_already_shared":false,"jetpack_social_options":{"image_generator_settings":{"template":"highway","default_image_id":0,"enabled":false},"version":2}},"categories":[1161,14,44,15],"tags":[778,41,507,19],"class_list":["post-14708","post","type-post","status-publish","format-standard","has-post-thumbnail","hentry","category-ciudadania","category-feminismo","category-noticias-de-hoy","category-ultimas-noticias","tag-cine","tag-feminismo","tag-genero","tag-mujeres"],"jetpack_publicize_connections":[],"jetpack_featured_media_url":"https:\/\/i0.wp.com\/miradordeatarfe.es\/wp-content\/uploads\/2017\/03\/154.jpg?fit=710%2C474&ssl=1","jetpack_likes_enabled":true,"jetpack_sharing_enabled":true,"_links":{"self":[{"href":"https:\/\/miradordeatarfe.es\/index.php?rest_route=\/wp\/v2\/posts\/14708","targetHints":{"allow":["GET"]}}],"collection":[{"href":"https:\/\/miradordeatarfe.es\/index.php?rest_route=\/wp\/v2\/posts"}],"about":[{"href":"https:\/\/miradordeatarfe.es\/index.php?rest_route=\/wp\/v2\/types\/post"}],"author":[{"embeddable":true,"href":"https:\/\/miradordeatarfe.es\/index.php?rest_route=\/wp\/v2\/users\/1"}],"replies":[{"embeddable":true,"href":"https:\/\/miradordeatarfe.es\/index.php?rest_route=%2Fwp%2Fv2%2Fcomments&post=14708"}],"version-history":[{"count":2,"href":"https:\/\/miradordeatarfe.es\/index.php?rest_route=\/wp\/v2\/posts\/14708\/revisions"}],"predecessor-version":[{"id":14712,"href":"https:\/\/miradordeatarfe.es\/index.php?rest_route=\/wp\/v2\/posts\/14708\/revisions\/14712"}],"wp:featuredmedia":[{"embeddable":true,"href":"https:\/\/miradordeatarfe.es\/index.php?rest_route=\/wp\/v2\/media\/14711"}],"wp:attachment":[{"href":"https:\/\/miradordeatarfe.es\/index.php?rest_route=%2Fwp%2Fv2%2Fmedia&parent=14708"}],"wp:term":[{"taxonomy":"category","embeddable":true,"href":"https:\/\/miradordeatarfe.es\/index.php?rest_route=%2Fwp%2Fv2%2Fcategories&post=14708"},{"taxonomy":"post_tag","embeddable":true,"href":"https:\/\/miradordeatarfe.es\/index.php?rest_route=%2Fwp%2Fv2%2Ftags&post=14708"}],"curies":[{"name":"wp","href":"https:\/\/api.w.org\/{rel}","templated":true}]}}