{"id":14716,"date":"2017-03-06T10:07:49","date_gmt":"2017-03-06T09:07:49","guid":{"rendered":"http:\/\/miradordeatarfe.es\/?p=14716"},"modified":"2017-03-02T16:12:07","modified_gmt":"2017-03-02T15:12:07","slug":"pasa-el-tiempo-los-meses-y-todos-se-olvidan-de-los-refugiados","status":"publish","type":"post","link":"https:\/\/miradordeatarfe.es\/?p=14716","title":{"rendered":"\u201cPasa el tiempo, los meses, y todos se olvidan de los refugiados\u201d"},"content":{"rendered":"<h3 class=\"articulo-subtitulo\">La mayor\u00eda de los 62.300 migrantes que hay en Grecia llevan m\u00e1s de un a\u00f1o en el pa\u00eds<\/h3>\n<div id=\"cuerpo_noticia\" class=\"articulo-cuerpo\" style=\"text-align: justify;\">\n<p>A juzgar por los porches alrededor de los m\u00f3dulos-contenedores que les sirven de vivienda, con sof\u00e1s artesanales y hasta tumbonas; por las antenas parab\u00f3licas del techo, los viveros de plantas que adornan alg\u00fan alf\u00e9izar, o las bicis de los ni\u00f1os, se podr\u00eda pensar que los refugiados varados en Grecia ya se han hecho a la idea de que no van a moverse en mucho tiempo. Ninguno se quiere quedar, todos desean llegar al centro y norte de Europa, pero los m\u00e1s contrariados tal vez sean los cerca de 50.000 que el a\u00f1o pasado se vieron atrapados entre dos fechas clave: el cierre de las fronteras balc\u00e1nicas, que convirti\u00f3 a Grecia en una ratonera a fines de febrero, y la entrada en vigor, el 20 de marzo, del pacto migratorio UE-Turqu\u00eda.<\/p>\n<section id=\"sumario_4|foto\" class=\"sumario_foto derecha\">\n<div class=\"sumario__interior\">\n<figure class=\"foto foto_w360\"><img data-recalc-dims=\"1\" loading=\"lazy\" decoding=\"async\" title=\"Refugiados llegados a Grecia por mar desde 2014\" src=\"https:\/\/i0.wp.com\/ep01.epimg.net\/internacional\/imagenes\/2017\/02\/24\/actualidad\/1487962312_425642_1487963452_sumario_normal.png?resize=360%2C468\" srcset=\"\/\/ep01.epimg.net\/internacional\/imagenes\/2017\/02\/24\/actualidad\/1487962312_425642_1487963452_sumario_normal_recorte1.jpg 720w, \/\/ep01.epimg.net\/internacional\/imagenes\/2017\/02\/24\/actualidad\/1487962312_425642_1487963452_sumario_normal.png 360w\" alt=\"Refugiados llegados a Grecia por mar desde 2014\" width=\"360\" height=\"468\" \/><\/figure>\n<div class=\"sumario-texto\"><\/div>\n<\/div>\n<\/section>\n<div id=\"elpais_gpt-INTEXT\" data-google-query-id=\"COC1ns6MuNICFfgC0wodl4kJNQ\">\n<div id=\"google_ads_iframe_\/7811748\/elpais_web\/internacional\/intext_0__container__\"><iframe id=\"google_ads_iframe_\/7811748\/elpais_web\/internacional\/intext_0\" title=\"3rd party ad content\" name=\"google_ads_iframe_\/7811748\/elpais_web\/internacional\/intext_0\" width=\"1\" height=\"1\" frameborder=\"0\" marginwidth=\"0\" marginheight=\"0\" scrolling=\"no\" data-integralas-id-d5ee83cf-fee1-fe68-4c9f-ac90e8291289=\"\" data-mce-fragment=\"1\"><\/iframe><\/div>\n<\/div>\n<p>Los llegados desde ese momento pueden optar, si son sirios o iraqu\u00edes, al deficiente programa europeo de reubicaci\u00f3n en otros Estados miembros (s\u00f3lo ha satisfecho el 5% de las cuotas pactadas), pero los que ya estaban en Grecia, los atrapados entre unas fronteras inclementes y el llamado \u201cpacto de la verg\u00fcenza\u201d, s\u00f3lo tienen una opci\u00f3n, pedir asilo en el pa\u00eds. Alrededor de 10.000, entre ellos 2.000 menores, acaban de ver aprobada la solicitud que presentaron en 2016. Este viernes hab\u00eda en Grecia 62.326 migrantes (14.410, en las islas).<\/p>\n<div class=\"teads-inread sm-screen\"><\/div>\n<p>El campo de refugiados de Ritsona, 80 kil\u00f3metros al norte de Atenas, es buena muestra de que, a medida que mejora su acomodo material, aumentan a la par la frustraci\u00f3n de la inmovilidad y la resignaci\u00f3n cotidiana. La mayor\u00eda de sus 680 residentes (sirios, kurdos iraqu\u00edes y afganos) llevan un a\u00f1o en el pa\u00eds, y muchos se han trasladado hasta all\u00ed desde otros campos m\u00e1s precarios del norte de Grecia, como el sirio Ibrahim, de Deraa, estudiante de Filolog\u00eda Inglesa y peticionario de asilo, que se mud\u00f3 a Ritsona hace tres meses. Hace un a\u00f1o, el flujo de refugiados segu\u00eda exactamente la direcci\u00f3n contraria, del \u00c1tica hacia el norte, a la frontera.<\/p>\n<section id=\"sumario_3|foto\" class=\"sumario_foto derecha\"><a name=\"sumario_3\"><\/a><\/section>\n<\/div>\n<div class=\"sumario__interior\">\n<figure class=\"foto foto_w360\"><img data-recalc-dims=\"1\" loading=\"lazy\" decoding=\"async\" title=\"Mapa de los campos de refugiados en Grecia\" src=\"https:\/\/i0.wp.com\/ep01.epimg.net\/internacional\/imagenes\/2017\/02\/24\/actualidad\/1487962312_425642_1487963400_sumario_normal.png?resize=360%2C468\" srcset=\"\/\/ep01.epimg.net\/internacional\/imagenes\/2017\/02\/24\/actualidad\/1487962312_425642_1487963400_sumario_normal_recorte1.jpg 720w, \/\/ep01.epimg.net\/internacional\/imagenes\/2017\/02\/24\/actualidad\/1487962312_425642_1487963400_sumario_normal.png 360w\" alt=\"Mapa de los campos de refugiados en Grecia\" width=\"360\" height=\"468\" \/><\/figure>\n<div class=\"sumario-texto\"><\/div>\n<\/div>\n<p>\u201cLa mayor pega aqu\u00ed es que la se\u00f1al de wifi es muy d\u00e9bil y no puedo hablar por Skype con mi familia\u201d, cuenta como toda contrariedad mientras trastea con el m\u00f3vil, \u201cpero tampoco quiero quedarme, sino ir a un pa\u00eds angl\u00f3fono para acabar la carrera\u201d. A las tiendas de campa\u00f1a iniciales, en una explanada que la lluvia convert\u00eda en lodazal, han sucedido m\u00f3dulos con ba\u00f1o, despensa, lavadora y tendederos con ropa que refulge al sol. <a href=\"http:\/\/internacional.elpais.com\/internacional\/2016\/10\/15\/actualidad\/1476520624_713589.html\" target=\"_blank\">Los 408 menores van a clase a dos colegios y un instituto<\/a> de la comarca, pese a la oposici\u00f3n de algunos padres, reticentes a que echen ra\u00edces. De nuevo la dicotom\u00eda entre sus aspiraciones, frustradas, y la foto fija de la realidad.<\/p>\n<p style=\"text-align: justify;\">Ibrahim tambi\u00e9n se queja de las contadas plazas que ofrecen los tres servicios semanales de bus a Atenas. \u201cVan a consulta de especialistas, a despachos de abogados o a airearse un poco\u201d, explica el m\u00e1nager del campo, Marios Tsinseas, de la Organizaci\u00f3n Internacional para las Migraciones (OIM), que gestiona Ritsona y financia los gastos derivados de la escolarizaci\u00f3n de los ni\u00f1os(transporte, material). De lo dem\u00e1s (atenci\u00f3n ambulatoria y hospitalaria, sistema de ense\u00f1anza reglada) se ocupa el Estado griego, en un doble \u2014o triple, si se cuenta la Administraci\u00f3n local\u2014 plano de competencias que a veces genera desajustes, como por ejemplo las quejas de cuatro trabajadores municipales, contratados con fondos europeos y mano sobre mano porque, explican, las ONG que administran el campo no les dan cancha. Sin contar los fondos europeos (unos 200 millones de euros de la Comisi\u00f3n hasta septiembre), en 2016 Grecia recibi\u00f3 316 millones de las agencias de la ONU, un dinero que administran las ONG en un proceso en extremo burocr\u00e1tico, seg\u00fan las voces m\u00e1s cr\u00edticas.<\/p>\n<section id=\"sumario_1|apoyos\" class=\"sumario_apoyos derecha\">Ese el d\u00eda a d\u00eda de los campamentos: un acusado ejercicio de supervivencia. Para Grecia, que vive su s\u00e9ptimo a\u00f1o de profunda crisis; para la asistencia humanitaria y, sobre todo, para los refugiados, por m\u00e1s que el campo sea abierto y puedan salir a su antojo. Algunos, incluso, como la familia Abu Faruk (padres y tres hijos), de Latakia, se han aventurado hasta Chalkida, a una docena de kil\u00f3metros, donde una asociaci\u00f3n espa\u00f1ola les paga la renta de un apartamento. \u201cNos sentimos m\u00e1s personas, m\u00e1s dignos, los ni\u00f1os est\u00e1n m\u00e1s alegres fuera del campo\u201d, cuenta Asma, la madre, mientras invita a caf\u00e9 con cardamomo en su contenedor-vivienda, que a\u00fan conservan. \u201cSi no me devuelven las llaves [de los m\u00f3dulos], siguen inscritos aqu\u00ed\u201d, explica Tsinseas. Unos cuantos refugiados ya han encontrado trabajo en la comarca, en explotaciones agr\u00edcolas; el resto depende de los bonos de ayuda familiar que se reparten una vez por semana.<\/section>\n<p style=\"text-align: justify;\">Es otra se\u00f1al de que la comunidad es un ente vivo que crece, se transforma y fluct\u00faa como una ameba. Y tambi\u00e9n sufre, como una beb\u00e9 kurdo-iraqu\u00ed, nacida en Grecia, que muri\u00f3 en enero por una desgraciada concatenaci\u00f3n de fallos. O como la peque\u00f1a Qamar, siria, que ha pasado la mayor parte de su a\u00f1o y medio hospitalizada en Grecia por problemas cardiacos y respiratorios. Sama, otra peque\u00f1a siria, tampoco puede disfrutar de las instalaciones recreativas de Ritsona (hay parque infantil, clases diversas e incluso un espacio reservado a las mujeres) porque sufre movilidad reducida. \u201cNecesita cuidados especiales, un cors\u00e9 y estimulaci\u00f3n motriz\u2026 Deber\u00edan dejarnos ir a Alemania o Suecia\u201d, dice Osman, su padre. \u201cPero ya no importamos a nadie. Pasa el tiempo, los meses, y todos nos olvidan\u201d.<\/p>\n<section id=\"sumario_2|despiece\" class=\"sumario_despiece centro\">\n<div class=\"sumario__interior\">\n<header class=\"sumario-encabezado\">\n<h4 class=\"sumario-titulo\"><span class=\"sin_enlace\">EL MEJOR CAMPAMENTO DE GRECIA<\/span><\/h4>\n<\/header>\n<div class=\"sumario-texto\">\n<p>Skaramang\u00e1s, al oeste de Atenas, es considerado el mejor campamento de Grecia (tiene aire acondicionado en verano, y un moderno centro de salud), lo que atrae a muchos migrantes desde otros puntos del pa\u00eds. La familia kurda siria Al Qamlii (padres, una beb\u00e9 y una hermana en silla de ruedas) lleg\u00f3 hace seis meses desde un campo \u201clleno de ara\u00f1as y pulgas que picaban a la ni\u00f1a\u201d, nacida en Grecia hace 11 meses. \u201cLos refugiados reh\u00fayen los centros levantados en sitios muy peque\u00f1os porque les provocan sensaci\u00f3n de agobio, y en Atenas adem\u00e1s tienen a mano todos los servicios\u201d, explica la vicecoordinadora, Anna Agriteli, para explicar los frecuentes traslados.<\/p>\n<p>\u201cLo peor son los tiempos de espera [administrativos]: para procesos de reunificaci\u00f3n familiar, por ejemplo, pasa un m\u00ednimo de ocho meses. Nuestra prioridad es resolver la situaci\u00f3n de los menores no acompa\u00f1ados, pero tardan como poco entre 6 y 8 meses en ser reubicados\u2026 Por otro lado es l\u00f3gico en un sistema perge\u00f1ado a marchas forzadas\u201d tras la eclosi\u00f3n de la llamada crisis de los refugiados, en verano de 2015.<\/p>\n<p>En el censo de Skaramang\u00e1s, cuya gesti\u00f3n depende directamente del Ministerio de Inmigraci\u00f3n griego, destaca un grupo de 700 yazid\u00edes. Tambi\u00e9n decenas de afganos, como Omar, un joven que contribuye como entrenador de f\u00fatbol infantil y que lleva 12 meses en Grecia, \u201cmucho tiempo, demasiado, porque adem\u00e1s no hay esperanzas de salir de aqu\u00ed. Yo tambi\u00e9n soy refugiado de guerra\u201d, se\u00f1ala, en alusi\u00f3n al pacto migratorio UE-Turqu\u00eda, que no reconoce la condici\u00f3n de refugiados a los nacionales de Afganist\u00e1n. Las actividades de la flamante sala polivalente cubren una amplia gama de disciplinas, de danza a farsi o pintura, y horarios de 12 horas al d\u00eda. Los 1.200 ni\u00f1os residentes, como el resto de menores refugiados en el pa\u00eds, acuden a clase a las escuelas de la zona.<\/p>\n<\/div>\n<\/div>\n<\/section>\n<header class=\"articulo-tags-encabezado \"><a href=\"http:\/\/internacional.elpais.com\/internacional\/2017\/02\/24\/actualidad\/1487962312_425642.html\">http:\/\/internacional.elpais.com\/internacional\/2017\/02\/24\/actualidad\/1487962312_425642.html<\/a><\/header>\n","protected":false},"excerpt":{"rendered":"<p>La mayor\u00eda de los 62.300 migrantes que hay en Grecia llevan m\u00e1s de un a\u00f1o&#8230;<\/p>\n","protected":false},"author":1,"featured_media":0,"comment_status":"closed","ping_status":"closed","sticky":false,"template":"","format":"standard","meta":{"_coblocks_attr":"","_coblocks_dimensions":"","_coblocks_responsive_height":"","_coblocks_accordion_ie_support":"","jetpack_post_was_ever_published":false,"_jetpack_newsletter_access":"","_jetpack_dont_email_post_to_subs":false,"_jetpack_newsletter_tier_id":0,"_jetpack_memberships_contains_paywalled_content":false,"_jetpack_memberships_contains_paid_content":false,"footnotes":"","jetpack_publicize_message":"","jetpack_publicize_feature_enabled":true,"jetpack_social_post_already_shared":false,"jetpack_social_options":{"image_generator_settings":{"template":"highway","default_image_id":0,"enabled":false},"version":2}},"categories":[1161,186,44,15],"tags":[1012,679],"class_list":["post-14716","post","type-post","status-publish","format-standard","hentry","category-ciudadania","category-instituciones","category-noticias-de-hoy","category-ultimas-noticias","tag-derechos","tag-refugiados"],"jetpack_publicize_connections":[],"jetpack_featured_media_url":"","jetpack_likes_enabled":true,"jetpack_sharing_enabled":true,"_links":{"self":[{"href":"https:\/\/miradordeatarfe.es\/index.php?rest_route=\/wp\/v2\/posts\/14716","targetHints":{"allow":["GET"]}}],"collection":[{"href":"https:\/\/miradordeatarfe.es\/index.php?rest_route=\/wp\/v2\/posts"}],"about":[{"href":"https:\/\/miradordeatarfe.es\/index.php?rest_route=\/wp\/v2\/types\/post"}],"author":[{"embeddable":true,"href":"https:\/\/miradordeatarfe.es\/index.php?rest_route=\/wp\/v2\/users\/1"}],"replies":[{"embeddable":true,"href":"https:\/\/miradordeatarfe.es\/index.php?rest_route=%2Fwp%2Fv2%2Fcomments&post=14716"}],"version-history":[{"count":3,"href":"https:\/\/miradordeatarfe.es\/index.php?rest_route=\/wp\/v2\/posts\/14716\/revisions"}],"predecessor-version":[{"id":14719,"href":"https:\/\/miradordeatarfe.es\/index.php?rest_route=\/wp\/v2\/posts\/14716\/revisions\/14719"}],"wp:attachment":[{"href":"https:\/\/miradordeatarfe.es\/index.php?rest_route=%2Fwp%2Fv2%2Fmedia&parent=14716"}],"wp:term":[{"taxonomy":"category","embeddable":true,"href":"https:\/\/miradordeatarfe.es\/index.php?rest_route=%2Fwp%2Fv2%2Fcategories&post=14716"},{"taxonomy":"post_tag","embeddable":true,"href":"https:\/\/miradordeatarfe.es\/index.php?rest_route=%2Fwp%2Fv2%2Ftags&post=14716"}],"curies":[{"name":"wp","href":"https:\/\/api.w.org\/{rel}","templated":true}]}}