{"id":14720,"date":"2017-03-03T11:12:45","date_gmt":"2017-03-03T10:12:45","guid":{"rendered":"http:\/\/miradordeatarfe.es\/?p=14720"},"modified":"2017-03-02T16:17:37","modified_gmt":"2017-03-02T15:17:37","slug":"atarfe-organiza-un-ciclo-de-actividades-para-dar-a-conocer-el-atractivo-paisajistico-deportivo-y-cultural-de-sierra-elvira","status":"publish","type":"post","link":"https:\/\/miradordeatarfe.es\/?p=14720","title":{"rendered":"Atarfe organiza un ciclo de actividades para dar a conocer el atractivo paisaj\u00edstico, deportivo y cultural de Sierra Elvira"},"content":{"rendered":"<p><span class=\"contenidos_subtitulo\">El programa incluye rutas de senderismo, un curso de ornitolog\u00eda, conferencias sobre la historia de Medina Elvira y deporte de primer nivel como la X Carrera de Monta\u00f1a CxM Sierra Elvira.<br \/>\n<\/span><!--more--><\/p>\n<p>&nbsp;<\/p>\n<div style=\"text-align: justify;\"><img data-recalc-dims=\"1\" decoding=\"async\" src=\"https:\/\/i0.wp.com\/www.ciudadatarfe.com\/data\/fotos_contenidos_web\/1677_1995_20170227175654.jpg?w=640\" border=\"0\" \/><\/div>\n<div style=\"text-align: justify;\"><\/div>\n<div style=\"text-align: justify;\">El Ayuntamiento de Atarfe ha elaborado un amplio programa de actividades en torno a Sierra Elvira con el objetivo de proteger y promocionar un enclave natural \u00fanico.<\/div>\n<div style=\"text-align: justify;\"><\/div>\n<div style=\"text-align: justify;\">&#8216;Sierra Elvira, la joya de Atarfe&#8217; es el lema elegido por las Concejal\u00edas de Medio Ambiente, Deportes y Cultura para potenciar en los pr\u00f3ximos meses un espacio natural de gran atractivo paisaj\u00edstico, que puede ser utilizado como escenario deportivo, recreativo y tur\u00edstico.<\/div>\n<div style=\"text-align: justify;\"><\/div>\n<div style=\"text-align: justify;\">Con la X subida senderista al Morr\u00f3n, uno de los bellos parajes de la sierra, se inicia en el D\u00eda de Andaluc\u00eda un intenso programa de actos que se prolongar\u00e1 durante los meses de marzo y abril y que incluye cursos, competiciones deportivas de alto nivel, caminatas solidarias y un ciclo de conferencias en torno a la historia y las posibilidades de desarrollo sostenible.<\/div>\n<div style=\"text-align: justify;\"><\/div>\n<div style=\"text-align: justify;\">&amp;ldquo;Sierra Elvira es el origen de nuestra antigua ciudad \u00e1rabe, con un yacimiento arqueol\u00f3gico \u00fanico, y unas potencialidades desde el punto de vista natural y deportivo que obliga al conjunto de las administraciones a buscar soluciones para preservar su riqueza natural y paisaj\u00edstica&amp;rdquo;, explica Gloria Casado, concejal de Medio Ambiente y Deportes.<\/div>\n<div style=\"text-align: justify;\"><\/div>\n<div style=\"text-align: justify;\">Las actividades previstas se han clasificado en tres apartados: naturaleza, deporte, y cultura y patrimonio. En el cap\u00edtulo medioambiental destaca la ruta de senderismo antes mencionada, organizada por el club El Castillejo, que se ha hecho coincidir con el D\u00eda de Andaluc\u00eda, y un curso de iniciaci\u00f3n a la ornitolog\u00eda, cuya parte te\u00f3rica se desarrollar\u00e1 en el Centro Cultural Medina Elvira, pero que incluye tambi\u00e9n excursiones de observaci\u00f3n a enclaves naturales.<\/div>\n<div style=\"text-align: justify;\"><\/div>\n<div style=\"text-align: justify;\">La agenda deportiva tiene como plato fuerte la X carrera por monta\u00f1a Sierra Elvira que tendr\u00e1 lugar el 18 de marzo, valedera para la Copa de Espa\u00f1a, donde se da cita la \u00e9lite de los atletas nacionales en dicha especialidad deportiva. Por primera vez y como antesala a esta prueba, el Club de Atletismo y Monta\u00f1a de Atarfe ha organizado el 4 de marzo la I carrera por monta\u00f1a infantil en el entorno del Lago de la Ermita de los Tres Juanes.<\/div>\n<div style=\"text-align: justify;\"><\/div>\n<div style=\"text-align: justify;\">Sierra Elvira tambi\u00e9n ser\u00e1 escenario el 1 de abril de la Ultra Bike Race &amp;lsquo;Las Fortalezas&amp;rsquo;, la carrera m\u00e1s dura de bicicleta de monta\u00f1a con casi 120 kil\u00f3metros de recorrido y salida neutralizada desde Atarfe. Otro reto importante es el de la marcha contra el c\u00e1ncer que partir\u00e1 el 2 de abril de la Plaza de Toros para adentrarse en la sierra en un intento de concienciar a la ciudadan\u00eda de la importancia en la lucha contra la enfermedad.<\/div>\n<div style=\"text-align: justify;\"><\/div>\n<div style=\"text-align: justify;\">Por \u00faltimo, Atarfe dedicar\u00e1 un ciclo de conferencias en el centro cultural que se inicia el 2 de marzo con una conferencia sobre la historia de Medina Elvira, que impartir\u00e1n Fuencisla Moreno y Mario Mata, y otras dos charlas sobre posibilidades tur\u00edsticas ligadas al desarrollo sostenible como el termalismo, la espeleolog\u00eda y el deporte.<\/div>\n<p>&nbsp;<\/p>\n","protected":false},"excerpt":{"rendered":"<p>El programa incluye rutas de senderismo, un curso de ornitolog\u00eda, conferencias sobre la historia de&#8230;<\/p>\n","protected":false},"author":1,"featured_media":14721,"comment_status":"closed","ping_status":"closed","sticky":false,"template":"","format":"standard","meta":{"_coblocks_attr":"","_coblocks_dimensions":"","_coblocks_responsive_height":"","_coblocks_accordion_ie_support":"","jetpack_post_was_ever_published":false,"_jetpack_newsletter_access":"","_jetpack_dont_email_post_to_subs":false,"_jetpack_newsletter_tier_id":0,"_jetpack_memberships_contains_paywalled_content":false,"_jetpack_memberships_contains_paid_content":false,"footnotes":"","jetpack_publicize_message":"","jetpack_publicize_feature_enabled":true,"jetpack_social_post_already_shared":false,"jetpack_social_options":{"image_generator_settings":{"template":"highway","default_image_id":0,"enabled":false},"version":2}},"categories":[2,1225,186,44,15],"tags":[81,90,322,598],"class_list":["post-14720","post","type-post","status-publish","format-standard","has-post-thumbnail","hentry","category-atarfe","category-ha-de-atarfe","category-instituciones","category-noticias-de-hoy","category-ultimas-noticias","tag-atarfe","tag-cultura","tag-deporte","tag-sierra-elvira"],"jetpack_publicize_connections":[],"jetpack_featured_media_url":"https:\/\/i0.wp.com\/miradordeatarfe.es\/wp-content\/uploads\/2017\/03\/ruta_sierra_elvira.jpg?fit=600%2C260&ssl=1","jetpack_likes_enabled":true,"jetpack_sharing_enabled":true,"_links":{"self":[{"href":"https:\/\/miradordeatarfe.es\/index.php?rest_route=\/wp\/v2\/posts\/14720","targetHints":{"allow":["GET"]}}],"collection":[{"href":"https:\/\/miradordeatarfe.es\/index.php?rest_route=\/wp\/v2\/posts"}],"about":[{"href":"https:\/\/miradordeatarfe.es\/index.php?rest_route=\/wp\/v2\/types\/post"}],"author":[{"embeddable":true,"href":"https:\/\/miradordeatarfe.es\/index.php?rest_route=\/wp\/v2\/users\/1"}],"replies":[{"embeddable":true,"href":"https:\/\/miradordeatarfe.es\/index.php?rest_route=%2Fwp%2Fv2%2Fcomments&post=14720"}],"version-history":[{"count":1,"href":"https:\/\/miradordeatarfe.es\/index.php?rest_route=\/wp\/v2\/posts\/14720\/revisions"}],"predecessor-version":[{"id":14722,"href":"https:\/\/miradordeatarfe.es\/index.php?rest_route=\/wp\/v2\/posts\/14720\/revisions\/14722"}],"wp:featuredmedia":[{"embeddable":true,"href":"https:\/\/miradordeatarfe.es\/index.php?rest_route=\/wp\/v2\/media\/14721"}],"wp:attachment":[{"href":"https:\/\/miradordeatarfe.es\/index.php?rest_route=%2Fwp%2Fv2%2Fmedia&parent=14720"}],"wp:term":[{"taxonomy":"category","embeddable":true,"href":"https:\/\/miradordeatarfe.es\/index.php?rest_route=%2Fwp%2Fv2%2Fcategories&post=14720"},{"taxonomy":"post_tag","embeddable":true,"href":"https:\/\/miradordeatarfe.es\/index.php?rest_route=%2Fwp%2Fv2%2Ftags&post=14720"}],"curies":[{"name":"wp","href":"https:\/\/api.w.org\/{rel}","templated":true}]}}