{"id":14738,"date":"2017-03-07T07:17:42","date_gmt":"2017-03-07T06:17:42","guid":{"rendered":"http:\/\/miradordeatarfe.es\/?p=14738"},"modified":"2017-03-06T11:24:28","modified_gmt":"2017-03-06T10:24:28","slug":"muere-a-los-103-anos-la-maestra-republicana-que-defendio-la-educacion-publica-frente-a-primo-de-rivera-franco-y-wert","status":"publish","type":"post","link":"https:\/\/miradordeatarfe.es\/?p=14738","title":{"rendered":"Muere a los 103 a\u00f1os la maestra republicana que defendi\u00f3 la educaci\u00f3n p\u00fablica frente a Primo de Rivera, Franco y Wert"},"content":{"rendered":"<p style=\"text-align: justify;\">Alejandra Soler luch\u00f3 contra las leyes educativas de la dictadura de Primo de Rivera y Franco y sali\u00f3 a la calle, con casi 100 a\u00f1os, para unirse a la &#8216;primavera valenciana&#8217; en protesta contra la conocida como &#8216;ley Wert&#8217;.\u00a0<!--more--><\/p>\n<p style=\"text-align: justify;\">Valencia. Febrero de 2012. Miles de estudiantes salen a la calle en defensa de la educaci\u00f3n p\u00fablica. El movimiento pasa a conocerse como <b>&#8216;la primavera valenciana&#8217;<\/b>. El entonces jefe superior de Polic\u00eda de Valencia, Antonio Moreno, comparece en rueda de prensa y califica de <b>\u00abenemigo\u00bb <\/b>a los manifestantes. Entre aquellos miles de j\u00f3venes en lucha, considerados como enemigos, se encuentra una mujer de 98 a\u00f1os, <b>Alejandra Soler<\/b>, que ya lleva a sus espaldas una vida en lucha por la educaci\u00f3n p\u00fablica contra los dictadores Primo de Rivera y Francisco Franco y que no dud\u00f3 en salir a protestar con la &#8216;ley Wert&#8217;.<\/p>\n<div class=\"article-body\" style=\"text-align: justify;\">\n<div class=\"article-text\">\n<p id=\"m105-1-106\">Alejandra Soler ha fallecido esta semana (el mi\u00e9rcoles) a la edad de 103 a\u00f1os. Como legado deja una vida de lucha por la educaci\u00f3n p\u00fablica que quiso compartir hasta el final con los m\u00e1s j\u00f3venes: \u00abMi lucha es para que el saber sea asequible para todas las clases sociales. El saber no puede ser monopolizado por una clase social\u00bb, se\u00f1al\u00f3 Soler en una<a href=\"http:\/\/www.publico.es\/politica\/lucha-primo-rivera-y-franco.html\" target=\"_blank\"> entrevista concedida a <i>P\u00fablico<\/i> en 2014.\u00a0<\/a><\/p>\n<p>\u00abLa ley &#8216;Wert&#8217; es una concesi\u00f3n a la educaci\u00f3n fuera del Estado y a favor de las \u00e9lites. Quieren que la gente piense menos y tenga los o\u00eddos menos abiertos\u00bb<\/p>\n<p id=\"m31-2-32\">Soler, que fue condecorada con la Alta Distinci\u00f3n de la Generalitat valenciana en 2016 y nombrada hija predilecta de Val\u00e8ncia, comenz\u00f3 su lucha estudiantil durante la dictadura de <b>Primo de Rivera<\/b>. Con apenas 14 a\u00f1os se afili\u00f3 a la Federaci\u00f3n Universitaria Escolar (FUE) y su objetivo era tumbar la nueva ley educativa de la dictadura, conocida como <b>&#8216;ley Callejo&#8217;<\/b>, en honor a su promotor Eduardo Callejo. \u00abMe afili\u00e9 porque era una joven batalladora. No pod\u00eda consentir esa ley educativa. Quer\u00edan hacer de la educaci\u00f3n p\u00fablica una ense\u00f1anza dogm\u00e1tica muy influenciada por la <b>Iglesia Cat\u00f3lica<\/b>\u00ab, se\u00f1alaba.<\/p>\n<p id=\"m114-4-115\">De la lucha contra la &#8216;ley Callejo&#8217; a la de la &#8216;ley Wert&#8217; pasaron 85 a\u00f1os, pero Soler identific\u00f3 claramente que, pese al tiempo transcurrido, la batalla era la misma: \u00abLa ley &#8216;Wert&#8217; es una concesi\u00f3n a la educaci\u00f3n fuera del Estado y <b>a favor de las \u00e9lites<\/b>. Quieren que la gente piense menos y tenga los o\u00eddos menos abiertos. Ese era el objeto \u00faltimo de la &#8216;ley Callejo&#8217; y ese es el objetivo de la &#8216;ley Wert&#8217;. <b>Est\u00e1n hipotecando el cerebro espa\u00f1ol<\/b>\u00ab, denunciaba la mujer en 2014.<\/p>\n<h2 id=\"m132-5-133\" class=\"highlighted\">Los tiempos de la Rep\u00fablica<\/h2>\n<p id=\"m126-5-127\">El 14 de abril de 1931 fue uno de los d\u00edas m\u00e1s felices de la longeva vida de Alejandra Soler. Ten\u00eda 17 a\u00f1os. Estaba en Val\u00e8ncia. \u00abMe volv\u00ed loca. Sal\u00ed a la calle gritando. <b>Todos est\u00e1bamos como locos. Era maravilloso<\/b>. Entonces los comunistas eran grupos muy peque\u00f1os y dogm\u00e1ticos. Recuerdo que salieron a la calle gritando &#8216;Viva los soviet y abajo la Rep\u00fablica&#8217;. Casi los matamos\u00bb, recordaba Soler con una sonrisa en la boca.<\/p>\n<p>\u00abMi lucha es para que el saber sea asequible para todas las clases sociales. El saber no puede ser monopolizado por una clase social\u00bb<\/p>\n<p id=\"m138-7-139\">Soler, de hecho, se afili\u00f3 al PCE tras la fallida revoluci\u00f3n de octubre de 1934. Apenas dos a\u00f1os despu\u00e9s, una parte del ej\u00e9rcito, con el general Mola, Franco y Queipo de Llano al frente, se levant\u00f3 en armas contra la Rep\u00fablica: \u00ab<b>Durante la guerra estuvimos defendiendo a la Rep\u00fablica. <\/b>Y esto es muy importante. Defendimos la Rep\u00fablica y no una transformaci\u00f3n en un r\u00e9gimen que estuviera m\u00e1s a la izquierda (en referencia a Estado comunista). Nos jugamos la vida por la Rep\u00fablica y no hab\u00eda ning\u00fan peligro de llegar a esa situaci\u00f3n. Eso lo utiliz\u00f3 Franco para justificar su golpe de Estado\u00bb<\/p>\n<h2 id=\"m144-8-145\" class=\"highlighted\">De un campo de concentraci\u00f3n franc\u00e9s a Leningrado<\/h2>\n<p id=\"m120-5-121\">Con la victoria de Franco en la Guerra Civil, Alejandra Soler cruz\u00f3 la frontera francesa en 1939 y fue a pasar a un <b>campo de concentraci\u00f3n<\/b>. Su marido, a otro. El reencuentro entre ambos se produjo en Leningrado, hoy San Petersburgo. Ella quer\u00eda vivir en la URSS y all\u00ed se convirti\u00f3 en la maestra de <a href=\"http:\/\/www.publico.es\/politica\/ninos-guerra-ruegan-rajoy-recupere.html\" target=\"_blank\">los ni\u00f1os de la guerra<\/a>. Pero la vida a\u00fan le deparar\u00eda m\u00e1s sorpresas.<\/p>\n<p id=\"m152-10-153\">Al poco de llegar a Leningrado el ej\u00e9rcito nazi inici\u00f3 el asedio a la ciudad y Alejandra y su marido buscaron refugio en el sur. De su memoria no se borrar\u00e1 nunca la crueldad de la hist\u00f3rica batalla de Stalingrado ni la desilusi\u00f3n que supuso conocer la URSS de Stalin: \u00abSigo siendo comunista y siempre lo ser\u00e9, pero lo que se hizo no se puede tolerar\u00bb.<\/p>\n<h2 id=\"m164-11-165\" class=\"highlighted\">\u00abEl mundo cambiar\u00e1\u00bb<\/h2>\n<p id=\"m158-11-159\">En aquella entrevista en 2014, Soler se\u00f1alaba a P\u00fablico que sent\u00eda mucha rabia porque sab\u00eda que morir\u00eda pronto y manten\u00eda intacta la \u00abmagn\u00edfica curiosidad de saber lo que va a pasar\u00bb. \u00abEstamos en un momento hist\u00f3rico. Se est\u00e1 viviendo el final de una \u00e9poca hist\u00f3rica y va a acontecer un cambio en la vida de la gente. Est\u00e1n intentando mantener el statu quo, pero ya no se puede seguir as\u00ed. No hay salida econ\u00f3mica, ni pol\u00edtica, ni intelectual, ni cient\u00edfica\u00bb, aseguraba Alejandra, que dec\u00eda entonces: \u00abEl mundo no cambiar\u00e1 ma\u00f1ana, pero cambiar\u00e1\u00bb.<\/p>\n<p id=\"m170-13-171\">Alejandra no ha vivido lo suficiente para ver el cambio que deseaba, pero su lucha hace que ese momento est\u00e9 m\u00e1s cerca. Su legado sirve de ejemplo. Descanse en paz.<\/p>\n<p>A. TORR\u00daS<\/p>\n<\/div>\n<\/div>\n<div class=\"article-tags\" style=\"text-align: justify;\"><a href=\"http:\/\/www.publico.es\/politica\/muere-103-anos-maestra-republicana.html\">http:\/\/www.publico.es\/politica\/muere-103-anos-maestra-republicana.html<\/a><\/div>\n","protected":false},"excerpt":{"rendered":"<p>Alejandra Soler luch\u00f3 contra las leyes educativas de la dictadura de Primo de Rivera y&#8230;<\/p>\n","protected":false},"author":1,"featured_media":14739,"comment_status":"closed","ping_status":"closed","sticky":false,"template":"","format":"standard","meta":{"_coblocks_attr":"","_coblocks_dimensions":"","_coblocks_responsive_height":"","_coblocks_accordion_ie_support":"","jetpack_post_was_ever_published":false,"_jetpack_newsletter_access":"","_jetpack_dont_email_post_to_subs":false,"_jetpack_newsletter_tier_id":0,"_jetpack_memberships_contains_paywalled_content":false,"_jetpack_memberships_contains_paid_content":false,"footnotes":"","jetpack_publicize_message":"","jetpack_publicize_feature_enabled":true,"jetpack_social_post_already_shared":false,"jetpack_social_options":{"image_generator_settings":{"template":"highway","default_image_id":0,"enabled":false},"version":2}},"categories":[1161,186,44,15],"tags":[27,3623],"class_list":["post-14738","post","type-post","status-publish","format-standard","has-post-thumbnail","hentry","category-ciudadania","category-instituciones","category-noticias-de-hoy","category-ultimas-noticias","tag-educacion","tag-luchadora"],"jetpack_publicize_connections":[],"jetpack_featured_media_url":"https:\/\/i0.wp.com\/miradordeatarfe.es\/wp-content\/uploads\/2017\/03\/58b9a3990d408.r_1488561063812.105-239-906-651.jpg?fit=660%2C340&ssl=1","jetpack_likes_enabled":true,"jetpack_sharing_enabled":true,"_links":{"self":[{"href":"https:\/\/miradordeatarfe.es\/index.php?rest_route=\/wp\/v2\/posts\/14738","targetHints":{"allow":["GET"]}}],"collection":[{"href":"https:\/\/miradordeatarfe.es\/index.php?rest_route=\/wp\/v2\/posts"}],"about":[{"href":"https:\/\/miradordeatarfe.es\/index.php?rest_route=\/wp\/v2\/types\/post"}],"author":[{"embeddable":true,"href":"https:\/\/miradordeatarfe.es\/index.php?rest_route=\/wp\/v2\/users\/1"}],"replies":[{"embeddable":true,"href":"https:\/\/miradordeatarfe.es\/index.php?rest_route=%2Fwp%2Fv2%2Fcomments&post=14738"}],"version-history":[{"count":1,"href":"https:\/\/miradordeatarfe.es\/index.php?rest_route=\/wp\/v2\/posts\/14738\/revisions"}],"predecessor-version":[{"id":14740,"href":"https:\/\/miradordeatarfe.es\/index.php?rest_route=\/wp\/v2\/posts\/14738\/revisions\/14740"}],"wp:featuredmedia":[{"embeddable":true,"href":"https:\/\/miradordeatarfe.es\/index.php?rest_route=\/wp\/v2\/media\/14739"}],"wp:attachment":[{"href":"https:\/\/miradordeatarfe.es\/index.php?rest_route=%2Fwp%2Fv2%2Fmedia&parent=14738"}],"wp:term":[{"taxonomy":"category","embeddable":true,"href":"https:\/\/miradordeatarfe.es\/index.php?rest_route=%2Fwp%2Fv2%2Fcategories&post=14738"},{"taxonomy":"post_tag","embeddable":true,"href":"https:\/\/miradordeatarfe.es\/index.php?rest_route=%2Fwp%2Fv2%2Ftags&post=14738"}],"curies":[{"name":"wp","href":"https:\/\/api.w.org\/{rel}","templated":true}]}}