{"id":14745,"date":"2017-03-11T11:00:14","date_gmt":"2017-03-11T10:00:14","guid":{"rendered":"http:\/\/miradordeatarfe.es\/?p=14745"},"modified":"2017-03-11T10:58:16","modified_gmt":"2017-03-11T09:58:16","slug":"milagro-almenara-perez-la-boticaria-roja-y-feminista-asesinada-entre-viznar-y-alfacar","status":"publish","type":"post","link":"https:\/\/miradordeatarfe.es\/?p=14745","title":{"rendered":"Milagro Almenara P\u00e9rez, la boticaria &#8216;roja y feminista&#8217; asesinada entre V\u00edznar y Alfacar"},"content":{"rendered":"<p>Esta es la historia de Milagro Almenara P\u00e9rez. Farmac\u00e9utica de brillante expediente, su vida y su muerte, guarda relaci\u00f3n con Federico Garc\u00eda Lorca. Despreciada por ser hija de madre soltera. Se code\u00f3 con Eudoxia P\u00edriz, Alejandro Otero y Fernando de los R\u00edos.<!--more--><\/p>\n<p style=\"text-align: justify;\">Asesinada por progresista y feminista, avanzada a su tiempo. El periodista y escritor Gabriel Pozo Felguera la reivindica al seguir su espl\u00e9ndida investigaci\u00f3n sobre la botica de la Compa\u00f1\u00eda de Jes\u00fas, la m\u00e1s antigua de Granada, que ayer nos revel\u00f3 en la primera parte de este trabajo, que permanece \u2018embalada\u2019 en Londres casi un siglo despu\u00e9s.<\/p>\n<p style=\"text-align: justify;\">La \u201cFarmacia de la Compa\u00f1\u00eda\u201d nunca lleg\u00f3 a llevar el apellido de su nueva propietaria en el mes de julio de 1936. Estaba reci\u00e9n adquirida por <strong>Milagro Almenara P\u00e9rez<\/strong>. Esta farmac\u00e9utica hab\u00eda debutado antes en La R\u00e1bita, anejo costero de Albu\u00f1ol, donde regent\u00f3 la primera farmacia que ve\u00edan sus vecinos, la mayor\u00eda marengos. Pero poco tiempo iba a durar abierto el establecimiento farmac\u00e9utico fundado por los jesuitas en Granada varios siglos atr\u00e1s: el Alzamiento militar y posterior guerra se llevaron para siempre la botica m\u00e1s antigua de Granada\u2026 y a Milagro Almenara a la tumba en lugar ignoto. Curiosamente, la existencia de la conocida popularmente como \u201c<em>Boticaria roja<\/em>\u201d tuvo muchos paralelismos con <strong>Federico Garc\u00eda Lorca<\/strong>: estudiaron en los mismos edificios, fueron denostados y envidiados por la sociedad del momento, y acabaron fusilados en la misma zona, entre V\u00edznar y Alfacar. Sus cad\u00e1veres nunca aparecieron. Lo que sigue es la historia de Milagro Almenara P\u00e9rez, la \u00faltima farmac\u00e9utica del \u201cCobertizo de la Botica\u201d.<\/p>\n<p class=\"sumari\" style=\"text-align: justify;\">La &#8216;<em>Boticaria roja&#8217;<\/em>\u00a0tuvo muchos paralelismos con\u00a0<strong>Federico Garc\u00eda Lorca<\/strong>: estudiaron en los mismos edificios, fueron denostados y envidiados por la sociedad del momento, y acabaron fusilados en la misma zona, entre V\u00edznar y Alfacar. Sus cad\u00e1veres nunca aparecieron<\/p>\n<p style=\"text-align: justify;\">Contaban hace a\u00f1os en Arenas del Rey que <strong>Br\u00edgida Almenara P\u00e9rez<\/strong> hab\u00eda sobrevivido milagrosamente al devastador terremoto que asol\u00f3 la comarca en 1884. El temblor seg\u00f3 135 vidas y registr\u00f3 253 heridos en una poblaci\u00f3n que no llegaba al millar. El 90% de las casas se derrumbaron y el hambre fustig\u00f3 la comarca de Alhama. Tuvieron que levantar el nuevo pueblo de Arenas al otro lado del r\u00edo.<\/p>\n<p style=\"text-align: justify;\">Br\u00edgida Almenara, soltera y con 38 a\u00f1os, serv\u00eda de criada en casa de unos se\u00f1ores pudientes. En la primavera del a\u00f1o 1900 se confirm\u00f3 lo que ella sospechaba: hab\u00eda quedado pre\u00f1ada. Nunca dijo qui\u00e9n era el padre, pero todos sospechaban de alguien con dinero y poder en la comarca. Poco m\u00e1s sabemos de ella hasta que a finales de septiembre de aquel a\u00f1o apareci\u00f3 en una pensi\u00f3n de Santander, a punto de dar a luz. Imaginamos que el autor de la pre\u00f1ez le dio unos duros y una maleta a cambio de silenciar su nombre. Pari\u00f3 el d\u00eda 1 de octubre de 1900 en casa de una partera de la Calle Tetu\u00e1n, n\u00famero 15, 1\u00ba, frente al puerto.<\/p>\n<p style=\"text-align: justify;\">La parturienta c\u00e1ntabra que la atendi\u00f3 se encarg\u00f3 de ir al d\u00eda siguiente al registro civil de Santander para inscribir a una ni\u00f1a. Declar\u00f3 que la madre se llamaba Br\u00edgida Almenara P\u00e9rez, natural de Arenas del Rey (Granada) y \u201cresidente temporal en Santander\u201d. Consign\u00f3 que el fruto salido de su vientre no ten\u00eda padre conocido, siendo su madre soltera. Pero muy creyente. Por eso pidi\u00f3 que a su ni\u00f1a la registrasen con los siguientes nombres: <strong>Milagro Petronila Advienta Feliciana de la Sant\u00edsima Trinidad Almenara P\u00e9rez<\/strong>. Resumiendo, Milagro Almenara P\u00e9rez -con los dos apellidos de la madre- como se la conoci\u00f3 siempre en Granada.<\/p>\n<h4 style=\"text-align: justify;\"><strong>Excelente estudiante<\/strong><\/h4>\n<p style=\"text-align: justify;\">No hay noticias de que madre e hija visitaran jam\u00e1s el pueblo de sus or\u00edgenes. La mayor parte de sus datos los conocemos a trav\u00e9s de los expedientes de estudios de la joven y por su actividad pol\u00edtica. Milagro Almenara estuvo empadronada en la calle Misericordia, n\u00famero 11, de Granada.<\/p>\n<p style=\"text-align: justify;\">Alguien aconsejaba a su madre (y probablemente la ayudara econ\u00f3micamente) para que la ni\u00f1a pudiese acceder a los estudios. Con 16 a\u00f1os obtuvo el t\u00edtulo de Bachiller en el Instituto General y T\u00e9cnico (antecedente del Padre Su\u00e1rez); entonces estaba situado en la calle San Jer\u00f3nimo, actual sede del Conservatorio de M\u00fasica. Eran muy pocos alumnos, pero entre ellos hab\u00eda uno que hac\u00eda muchos <em>novillos <\/em>y mostraba poco inter\u00e9s por los estudios: un tal Federico Garc\u00eda Lorca.<\/p>\n<p style=\"text-align: justify;\">Milagro Almenara obtuvo el t\u00edtulo de bachiller con el segundo mejor expediente del Instituto hasta entonces (s\u00f3lo superado en una matr\u00edcula por Luis Mariscal Parado, posterior periodista): nada menos que 24 matr\u00edculas de honor de 30 asignaturas cursadas. Los dos \u00fanicos aprobados se los dieron en gimnasia, como a muchos alumnos de su promoci\u00f3n.<\/p>\n<div class=\"divdest\" style=\"text-align: justify;\">\n<p><img data-recalc-dims=\"1\" loading=\"lazy\" decoding=\"async\" class=\"media-image\" src=\"https:\/\/i0.wp.com\/www.elindependientedegranada.es\/sites\/default\/files\/styles\/large\/public\/expte._instituto.jpg?resize=640%2C853\" alt=\"\" width=\"640\" height=\"853\" \/><\/p>\n<p>Expediente de Milagro en el Instituto General T\u00e9cnico (1910-16), en el que acab\u00f3 casi todas matr\u00edculas de honor.<strong> \/ARCHIVO HIST\u00d3RICO DE LA UIVERSIDAD DE GRANADA\u00a0<\/strong><\/p>\n<\/div>\n<p style=\"text-align: justify;\">Quiso ser farmac\u00e9utica. Se matricul\u00f3 en la Facultad de Farmacia en 1916, con diecis\u00e9is a\u00f1os cumplidos. Curs\u00f3 las 13 asignaturas que compon\u00edan la carrera. Era una de las escasas mujeres que entonces llegaban a la universidad; en su curso estuvo sola entre hombres. Nuevo encuentro con Garc\u00eda Lorca, pues sus dos facultadas estaban en el edificio del Colegio de San Pablo. Se conoc\u00edan los de todas las carreras.<\/p>\n<p class=\"sumari\" style=\"text-align: justify;\">Milagro demostr\u00f3 que, en un mundo de hombres y casi hostil para las mujeres universitarias, se pod\u00eda triunfar. Pero seguro que su esfuerzo debi\u00f3 ser mayor que el de sus compa\u00f1eros varones<\/p>\n<p style=\"text-align: justify;\">Milagro demostr\u00f3 que, en un mundo de hombres y casi hostil para las mujeres universitarias, se pod\u00eda triunfar. Pero seguro que su esfuerzo debi\u00f3 ser mayor que el de sus compa\u00f1eros varones. Y lo hizo sacando el n\u00famero uno de la promoci\u00f3n 1916-21: trece premios extraordinarios en igual n\u00famero de asignaturas. Pas\u00f3 y super\u00f3 sobradamente el examen de grado sobre <em>\u201cRubi\u00e1ceas y valerian\u00e1ceas\u201d.<\/em> En febrero de 1922, le fue extendido t\u00edtulo con premio extraordinario. Era la cuarta mujer que se licenciaba en Farmacia en la UGR (tras Gertrudis Mart\u00ednez Otero en 1896, Antonia S\u00e1nchez Pe\u00f1uela y Juana \u00c1lvarez Ba\u00f1\u00f3n, en 1918).<\/p>\n<div class=\"divdest\" style=\"text-align: justify;\">\n<p><img data-recalc-dims=\"1\" loading=\"lazy\" decoding=\"async\" class=\"media-image\" src=\"https:\/\/i0.wp.com\/www.elindependientedegranada.es\/sites\/default\/files\/styles\/large\/public\/expte._farnacia.jpg?resize=640%2C853\" alt=\"\" width=\"640\" height=\"853\" \/><\/p>\n<p>Expediente de Licenciatura de Farmacia (1916-21), con premio extraordinario en todas las asignaturas de la carrera.<strong> \/ARCHIVO HISTORICO DE LA UNIVERSIDAD DE GRANADA<\/strong><\/p>\n<\/div>\n<h4 style=\"text-align: justify;\"><strong>Militante izquierdista, marginaci\u00f3n y rechazo<\/strong><\/h4>\n<div class=\"divdest\" style=\"text-align: justify;\">En aquellos a\u00f1os de juventud, a Milagro Almenara debieron marginarla, rechazarla y hacerle el vac\u00edo. <em>\u201cEn Granada se agita la peor burgues\u00eda de Espa\u00f1a\u201d,<\/em> dibuj\u00f3 <strong>Garc\u00eda Lorca<\/strong> a la sociedad que le rodeaba y huy\u00f3 a Madrid. Deb\u00eda ser cierto, sobre todo para la hija de una madre soltera, que malviv\u00eda cosiendo, barriendo y haciendo todo el trabajo que nadie quer\u00eda. Para m\u00e1s inri, en el caso de Milagro Almenara debi\u00f3 ser mucho peor porque sacaba mejores notas que el resto. Lo que debi\u00f3 sufrir ser\u00eda calificado hoy como un claro caso de <em>bullying<\/em>. El C\u00f3digo Civil de 1889 incapacitaba civilmente a la mujer, quedaba bajo la tutela del padre o del marido para cualquier cosa: Milagro no ten\u00eda al uno ni al otro. Nos preguntamos cu\u00e1ntas trabas debi\u00f3 sortear aquella muchacha, sabiendo que incluso las mujeres pudientes y de <em>familia bien <\/em>ten\u00edan restringido el acceso a la Universidad.<\/div>\n<p style=\"text-align: justify;\">Durante los dos \u00faltimos a\u00f1os de su carrera universitaria fue atra\u00edda por la pol\u00edtica. Concretamente, la captaron como delegada de la Juventud Universitaria Femenina (JUF), de tendencia progresista, socialista y feminista; era la filial granadina de la Asociaci\u00f3n Nacional de Mujeres Espa\u00f1olas (ANME). Se trataba de una asociaci\u00f3n que deseaba captar a estudiantes, licenciadas y doctoras para formar y liberar al sexo femenino; la mayor\u00eda de aquel reducido grupo de granadinas manten\u00eda tambi\u00e9n profundas convicciones religiosas.<\/p>\n<p style=\"text-align: justify;\">A pesar de su juventud, Milagro era coordinadora de un grupo en el que se integr\u00f3<strong> Eudoxia P\u00edriz<\/strong> (1893-1980), la primera mujer que se licenci\u00f3 en Medicina en Andaluc\u00eda, en 1920. Eudoxia se formaba por entonces en la c\u00e1tedra de Ginecolog\u00eda de <strong>Alejandro Otero<\/strong>, destacado socialista granadino que lleg\u00f3 a Rector. Todos ellos estaban en \u00edntima relaci\u00f3n con el catedr\u00e1tico<strong> Fernando de los R\u00edos<\/strong>, que por 1919 hab\u00eda ganado las elecciones al frente del Partido Socialista y era diputado nacional. Sin duda, tambi\u00e9n uno de los socialistas de mayor solidez ideol\u00f3gica de su tiempo.<\/p>\n<p style=\"text-align: justify;\">La JUF apenas lleg\u00f3 a arraigar en Granada, aunque se mantuvo activa hasta la Guerra Civil. No obstante, varias de sus afiliadas universitarias acabaron recalando en el Partido Socialista. Eudoxia y Milagro se mantuvieron siempre en contacto, pero el destino les guardaba futuros muy diferentes.<\/p>\n<h4 style=\"text-align: justify;\"><strong>Dos a\u00f1os de boticaria rural<\/strong><\/h4>\n<p style=\"text-align: justify;\">La siguiente noticia profesional que tenemos de nuestra brillante licenciada es la de su colegiaci\u00f3n obligatoria para ejercer el oficio de boticaria. Ingres\u00f3 en el Colegio Oficial de Farmac\u00e9uticos el 2 de diciembre de 1926. Consigui\u00f3 abrir la primera farmacia de La R\u00e1bita. Apenas contamos con noticias de su etapa de boticaria rural; no consta que llegara a casarse con nadie. Tampoco sabemos de sus relaciones pol\u00edticas con partidos progresistas en esta etapa rural.<\/p>\n<p style=\"text-align: justify;\">Pero en el registro de COF figura su baja como colegiada s\u00f3lo dos a\u00f1os despu\u00e9s, en 1928, ya que no ten\u00eda la farmacia. No sabemos exactamente por qu\u00e9 abandon\u00f3 La R\u00e1bida tan pronto. Se comentaba que hab\u00eda sido perseguida, despreciada y le hicieron boicot a su establecimiento. La escritora <strong>Victoria Fern\u00e1ndez<\/strong>, en su libro sobre la Historia del Colegio de Farmac\u00e9uticos (1999) escribe lo siguiente sobre Milagro: <em>\u201c\u2026al cerr\u00e1rsele su establecimiento en La R\u00e1bita y ser adquirido por un familiar de Nicasio Montes [general de divisi\u00f3n y diputado conservador hasta 1914 en que muri\u00f3], tambi\u00e9n fue otra de las v\u00edctimas pol\u00edticas de la guerra y casi podr\u00eda afirmarse que de la propia clase farmac\u00e9utica granadina. Milagro Almenara era hija natural y esta condici\u00f3n, en una sociedad cerrada como era la de Granada en el primer cuarto de siglo, le hizo ser una proscrita dentro de la profesi\u00f3n, de la que vivi\u00f3 apartada sin ninguna relaci\u00f3n\u201d.<\/em><\/p>\n<p style=\"text-align: justify;\">En cambio, otras fuentes apuntan a que en La R\u00e1bita se hab\u00eda abierto otra botica tras la suya, propiedad de un inspector de farmacia, y la competencia y otros asuntos (sic) fueron los que le obligaron a buscarse mejor dispensario. El tiempo de la II Rep\u00fablica vuelve a ser una inc\u00f3gnita sobre su vida, aunque consta que tuvo relaci\u00f3n con partidos de izquierdas y la logia mas\u00f3nica de la calle Elvira.<\/p>\n<div class=\"divdest\" style=\"text-align: justify;\">\n<p><img data-recalc-dims=\"1\" loading=\"lazy\" decoding=\"async\" class=\"media-image\" src=\"https:\/\/i0.wp.com\/www.elindependientedegranada.es\/sites\/default\/files\/styles\/large\/public\/1928._rebotica.jpg?resize=640%2C445\" alt=\"\" width=\"640\" height=\"445\" \/><\/p>\n<p>Interior de la rebotica de la farmacia jesuita, tal como estaba en 1928, antes de ser vendida a Sir Henry Welcome de Londres. Milagro no la vio as\u00ed cuando se hizo cargo de ella en 1936.<strong> \/COLECCI\u00d3N WELLCOME TRUST<\/strong><\/p>\n<\/div>\n<p style=\"text-align: justify;\">Tuvo que esperar ocho a\u00f1os a una nueva oportunidad; volvi\u00f3 a colegiarse el 8 de julio de 1936 para hacerse cargo de la \u201cFarmacia Compa\u00f1\u00eda-Dr. Pontes-Guardiola\u201d, que estaba a la venta. Sin duda que el negocio no deb\u00eda irles demasiado bien a sus predecesores de a\u00f1os anteriores: ya dijimos en el cap\u00edtulo de ayer sobre esta historia que entre 1924 y 1936 la botica hab\u00eda pasado por varias manos (familia <strong>Pontes<\/strong>, <strong>Mart\u00edn Sheriff <\/strong>y <strong>Jos\u00e9 Luis Guardiola<\/strong>).<\/p>\n<p class=\"sumari\" style=\"text-align: justify;\">El d\u00eda 3 de julio de 1936 Milagro Almenara P\u00e9rez present\u00f3 una instancia y documentaci\u00f3n al Ayuntamiento solicitando licencia para la apertura a su nombre de la farmacia situada en la calle Cobertizo de la Botica<\/p>\n<p style=\"text-align: justify;\">Los hechos son muy claros, pues el d\u00eda 3 de julio de 1936 Milagro Almenara P\u00e9rez present\u00f3 una instancia y documentaci\u00f3n al Ayuntamiento solicitando licencia para la apertura a su nombre de la farmacia situada en la calle Cobertizo de la Botica, 1. Seg\u00fan consta en el Archivo Hist\u00f3rico de Granada, el inspector municipal emiti\u00f3 informe favorable con fecha 10 de julio. Todo un tiempo r\u00e9cord y efectividad.<\/p>\n<p style=\"text-align: justify;\">La farmac\u00e9utica hab\u00eda presentado un croquis y una memoria de la farmacia para su reforma (recordemos que el contenido de la botica de origen jesuita hab\u00eda sido vendida y trasladada a Londres en 1928). En el planillo dibuj\u00f3 tres estancias: botica (de 11,5 metros cuadrados), rebotica y almac\u00e9n, distribuci\u00f3n que deb\u00eda diferir muy poco de la que ven\u00eda funcionando desde la expulsi\u00f3n de los jesuitas. En la extensa memoria indic\u00f3 con detalle toda la farmacopea y aparataje de que constaba el local.<\/p>\n<div class=\"divdest\" style=\"text-align: justify;\">\n<p><img data-recalc-dims=\"1\" loading=\"lazy\" decoding=\"async\" class=\"media-image\" src=\"https:\/\/i0.wp.com\/www.elindependientedegranada.es\/sites\/default\/files\/styles\/large\/public\/placa_recuerdo.jpg?resize=480%2C640\" alt=\"\" width=\"480\" height=\"640\" \/><\/p>\n<p>Una placa de cer\u00e1mica en el \u00e1bside de la Colegiata de San Justo y Pastor recuerda que all\u00ed estuvo la calle Cobertizo de la Botica.<\/p>\n<\/div>\n<h4 style=\"text-align: justify;\"><strong>Guerra Civil, asesinato de la boticaria y desaparici\u00f3n de la botica<\/strong><\/h4>\n<div class=\"divdest\" style=\"text-align: justify;\">La tarde del 20 de julio de 1936, cuando realmente se materializ\u00f3 el Alzamiento en Granada, Milagro Almenara P\u00e9rez tuvo \u00a0que ver lo que ocurr\u00eda en el Gobierno Civil, ya que lo ten\u00eda al lado, a escasos metros. Tras el golpe militar, continuaron los tiros, las barricadas, las bombas\u2026 la guerra era total entre granadinos. En Granada capital triunf\u00f3 la asonada. El Sur sublevado no ten\u00eda industria farmac\u00e9utica; fueron intervenidos los laboratorios de la Facultad y las farmacias para enviar medicamentos a los frentes de guerra.<\/div>\n<p class=\"sumari\" style=\"text-align: justify;\">Un piquete de guardias de asalto se present\u00f3 en la farmacia con una orden de detenci\u00f3n emitida desde el Gobierno Civil<\/p>\n<p style=\"text-align: justify;\">La \u201cFarmacia de la Compa\u00f1\u00eda\u201d (no sabemos si a Milagro le dio tiempo de poner su nombre en el r\u00f3tulo sobre la puerta) permaneci\u00f3 abierta, atendida por ella hasta el 23 de septiembre del 36. Un piquete de guardias de asalto se present\u00f3 en la farmacia con una orden de detenci\u00f3n emitida desde el Gobierno Civil. No sabemos de qu\u00e9 se le acusaba ni de qui\u00e9n hab\u00eda partido la denuncia, pero su trayectoria personal y pol\u00edtica la pon\u00eda en el disparadero.<\/p>\n<div class=\"divdest\" style=\"text-align: justify;\">La sacaron de su farmacia y fue a parar al convento-c\u00e1rcel de la Cuesta de San Gregorio. Ten\u00eda 36 a\u00f1os. Fueron a registrar su casa. Para comprender aquella acci\u00f3n, recurrimos de nuevo al libro de Victoria Fern\u00e1ndez: \u201cAlgunos testimonios de farmac\u00e9uticos mayores afirman que Milagro Almenara fue acusada de estar al frente de un grupo de republicanos que intentaron el asalto del Gobierno Civil\u2026 Lo \u00fanico cierto es que su farmacia fue confiscada y que el local se le entreg\u00f3 al Colegio Mayor Bartolom\u00e9 y Santiago para que ampliara sus dependencias\u201d. Aquella casa con torre\u00f3n estuvo situada en lo que hoy es una pista polideportiva del Colegio; se puede localizar su ubicaci\u00f3n porque en 1935 el propietario (Nicol\u00e1s Pontes) perfor\u00f3 un aljibe bajo rasante.<\/div>\n<p style=\"text-align: justify;\">En la c\u00e1rcel coincidi\u00f3 con<strong> Rosario Fregenal P\u00ed\u00f1ar<\/strong>, una modista del Realejo apodada <em>La Fregenala<\/em>, de 48 a\u00f1os. Era otra mujer soltera de marcado car\u00e1cter republicano, liberal y feminista. La costurera ten\u00eda como clienta a <strong>Mar\u00eda del Carmen de Falla<\/strong>. Su hermano Manuel de Falla intent\u00f3 interceder por ella, como ya hab\u00eda hecho por Federico Garc\u00eda Lorca un par de meses antes.<\/p>\n<div class=\"divdest\" style=\"text-align: justify;\">Nadie tuvo compasi\u00f3n de ellas. El 2 de noviembre de 1936 fueron llevadas al frente de V\u00edznar y fusiladas por una escuadra negra. Muy cerca de la tumba de Federico Garc\u00eda Lorca. Otra coincidencia con el destino del poeta: Milagro muri\u00f3 y fue enterrada junto a otras tres personas: <em>La Fregenala<\/em>, Rosa Segura Calero y Concha Pert\u00ed\u00f1ez Tabasco, estas dos \u00faltimas de Santa Fe. Los papeles oficiales indican que la fusilaron en la carretera entre V\u00edznar y Alfacar; por aquellas fechas, el capit\u00e1n Nestares, que mandaba el frente, hab\u00eda ordenado concentrar todos los fusilamientos y sepulturas en los Pozos de V\u00edznar. La tumba ya estaba repleta de obreros de la F\u00e1brica de P\u00f3lvoras de El Fargue, fusilados los d\u00edas anteriores y cubiertos de cal.<\/div>\n<p class=\"sumari\" style=\"text-align: justify;\">\n<p style=\"text-align: justify;\">En 1942, lo que quedaba de la \u201cBotica la Compa\u00f1\u00eda-Almenara\u201d fue depositado en el Colegio de Farmac\u00e9uticos, que declar\u00f3 \u201cinexistente\u201d el establecimiento. Algunos boticarios acudieron para adquirir lo que les interesara; los colegas declararon que<em> \u201cvieron en el interior un sinn\u00famero de libros e im\u00e1genes religiosas que se contradec\u00edan con la imagen de roja y atea que se hab\u00eda dado de esta mujer que, enfrentada a toda la sociedad de su \u00e9poca, quiso, ante todo, ser farmac\u00e9utica\u201d<\/em> (op. cit.).<\/p>\n<p style=\"text-align: justify;\">El tribunal de responsabilidades pol\u00edticas juzg\u00f3 su caso el 29 de julio de 1943; acord\u00f3 investigar sus propiedades para incautarse de ellas. La sentencia final de 30 de junio de 1947 orden\u00f3 el inmediato cumplimiento de la condena. Alguien escribi\u00f3 debajo:<em> \u201cSe cumpli\u00f3 lo ordenado\u201d<\/em>.<\/p>\n<h4 style=\"text-align: justify;\"><strong>Borrar su rastro y su memoria<\/strong><\/h4>\n<p style=\"text-align: justify;\">Parece que la tierra se ha tragado a esta mujer de la memoria de los granadinos. La documentaci\u00f3n sobre ella era escas\u00edsima \u2013excepto sus cartas pol\u00edticas a JUF de Madrid, que presid\u00eda la feminista Dra. <strong>Elisa Soriano Fischer<\/strong>-, a pesar de la brillantez de su expediente acad\u00e9mico y por ser de las poqu\u00edsimas mujeres granadinas \u201cde carrera\u201d asesinadas durante la contienda. Sus compa\u00f1eras de feminismo y socialismo universitarios fueron investigadas, pero lograron sobrevivir al franquismo y permanecer en sus puestos profesionales o universitarios. El caso m\u00e1s significativo fue el de<strong> Eudoxia P\u00edriz<\/strong>, hoy dando nombre a una calle de Granada. <strong>Alejandro Otero<\/strong>, <strong>Fernando de los R\u00edos<\/strong>, sus <em>padres<\/em> pol\u00edticos, han sido recuperados para el acervo granadino por sus compa\u00f1eros de militancia. Pero de Milagro Almenara P\u00e9rez nadie se ha acordado; ni una m\u00edsera placa con su nombre.<\/p>\n<div class=\"divdest\" style=\"text-align: justify;\">Los directivos del Colegio de Farmac\u00e9uticos de Granada, nada m\u00e1s finalizar la guerra, dejaron claro su sentimiento hacia los farmac\u00e9uticos<em> \u201cvilmente asesinados por el ej\u00e9rcito rojo y la canalla marxista<\/em>\u201d. Se mencion\u00f3 el nombre de un farmac\u00e9utico asesinado en Almu\u00f1\u00e9car, incluso por lo bajo el de otros tres boticarios varones muertos en zona azul. Pero ni una palabra sobre Milagro Almenara P\u00e9rez. Al menos hasta que la autora del libro de la historia del COF tuvo el coraje de dedicarle unos p\u00e1rrafos hace veinte a\u00f1os. Hemos rebuscado en el archivo del COF y parece que nunca existi\u00f3. No s\u00f3lo ella, sino tampoco la farmacia del Cobertizo de la Botica, 1.<\/div>\n<p class=\"sumari\" style=\"text-align: justify;\">Parece que la tierra se ha tragado a esta mujer de la memoria de los granadinos. La documentaci\u00f3n sobre ella era escas\u00edsima, a pesar de la brillantez de su expediente acad\u00e9mico y por ser de las poqu\u00edsimas mujeres granadinas \u201cde carrera\u201d asesinadas durante la contienda<\/p>\n<p style=\"text-align: justify;\">M\u00e1s extra\u00f1o a\u00fan es el caso de la Facultad de Farmacia, y de la UGR por extensi\u00f3n, de donde sali\u00f3 una de las licenciadas con mejor expediente acad\u00e9mico. La orla de su promoci\u00f3n (1916-21) desapareci\u00f3 del archivo fotogr\u00e1fico; de su expediente no hay rastro en Farmacia. Ni una sola menci\u00f3n a ella.<\/p>\n<p style=\"text-align: justify;\">En la revista de la Facultad de Farmacia, llamada <em>Ars Farmac\u00e9utica (2013; 54 (3): 37-47)<\/em>, se public\u00f3 recientemente un art\u00edculo de profesoras del Departamento de Historia de la Farmacia, en el que glosan la presencia de la mujer en los cien primeros a\u00f1os de Facultad (1850-1950); en ese periodo se licenciaron 69 mujeres. Pues bien, Milagro deber\u00eda figurar en la cuarta casilla, al ser la cuarta licenciada de la serie hist\u00f3rica, y seguramente el mejor expediente. Las licenciadas en Farmacia fueron 70, una m\u00e1s. Pero no hay ni rastro de Milagro en la Facultad donde estudi\u00f3 sola, entre una docena de hombres.<\/p>\n<div class=\"divdest\" style=\"text-align: justify;\">\n<p><img data-recalc-dims=\"1\" loading=\"lazy\" decoding=\"async\" class=\"media-image\" src=\"https:\/\/i0.wp.com\/www.elindependientedegranada.es\/sites\/default\/files\/styles\/large\/public\/licenciadas.jpg?resize=594%2C321\" alt=\"\" width=\"594\" height=\"321\" \/><\/p>\n<p style=\"text-align: justify;\">Cuadro de las escasas mujeres licenciadas en la Facultad de Farmacia entre 1850 y 1950. Milagros Almenara P\u00e9rez deber\u00eda figurar en tercer lugar&#8230;<strong>\/ REVISTA ARS PHARMA 2013\/3<\/strong><\/p>\n<\/div>\n<p style=\"text-align: justify;\">La mala suerte o alguna mano negra se han empe\u00f1ado en borrar a esta mujer de la faz de la tierra. Pero no lo han conseguido: el expediente acad\u00e9mico de Milagro Almenara ha aparecido en el Archivo Hist\u00f3rico de la Universidad de Granada, repartido en tres carpetas que a nadie han llamado la atenci\u00f3n.<\/p>\n<div class=\"divdest\" style=\"text-align: justify;\">La UGR y la Facultad de Farmacia \u2013ambas con dos catedr\u00e1ticas farmac\u00e9uticas al frente- todav\u00eda tienen la oportunidad de reescribir la historia de Milagro Almenara P\u00e9rez.<\/div>\n<p style=\"text-align: justify;\">Curiosamente, el libro de nacimientos del Registro civil de Arenas del Rey donde debi\u00f3 estar inscrita su madre, Br\u00edgida, el 25 de julio de 1862, tambi\u00e9n desapareci\u00f3.<\/p>\n<div class=\"divdest\" style=\"text-align: justify;\">\n<p class=\"img\" style=\"text-align: justify;\"><strong>MILAGRO ALMENARA EN LA GRANADA REVOLUCIONARIA DE 1919<\/strong><\/p>\n<p>Milagro Almenara, obreros y miles de estudiantes alzaron su voz a principios del a\u00f1o 1919. En el caso de Millagro, tambi\u00e9n entr\u00f3 en pol\u00edtica en ese momento. Desde 1917 se ven\u00eda incubando en Granada una eclosi\u00f3n social que cal\u00f3 en todas las esferas ciudadanas. Las actuaciones del clan de<strong> Ram\u00f3n La Chic<\/strong>a (\u00e9l diputado y su hermano <strong>Felipe<\/strong>, alcalde de la ciudad, unos aut\u00e9nticos caciques provinciales), elevaron las sospechas de corrupci\u00f3n. Se les ped\u00eda mayor fiscalizaci\u00f3n externa del Consistorio y la supresi\u00f3n del impuesto sobre consumos, se hab\u00eda disparado el coste de la vida. Despu\u00e9s se les sum\u00f3 la demanda de trabajo, ya que las obras de construcci\u00f3n de la Gran V\u00eda estaban finalizando tras treinta a\u00f1os de actividad.<\/p>\n<p>El proceder de los \u201clachiquistas\/caciques\u201d y su <em>pucherazo<\/em> en las municipales de 1917 concit\u00f3 la uni\u00f3n del resto de grupos sociales, desde el PSOE por la izquierda \u2013con el catedr\u00e1tico <strong>Fernando de los R\u00edos,<\/strong> a la cabeza-, los mon\u00e1rquicos por el centro y el C\u00edrculo Cat\u00f3lico de Obreros y tradicionalistas por la derecha.<\/p>\n<p>El 11 de febrero de 1919 se sumaron los estudiantes universitarios a las presiones contra caciques convocando una manifestaci\u00f3n por las calles de la ciudad. La respuesta del poder en manos de los hermanos La Chica fue sacar a la Guardia Civil al Embovedado. Comenzaron las carreras y los tiros por Reyes Cat\u00f3licos, Plaza del Carmen, Bib Rambla, San Jer\u00f3nimo y zona de la Universidad.<\/p>\n<p><img data-recalc-dims=\"1\" loading=\"lazy\" decoding=\"async\" class=\"media-image\" src=\"https:\/\/i0.wp.com\/www.elindependientedegranada.es\/sites\/default\/files\/styles\/large\/public\/embovedado_1919.jpg?resize=640%2C320\" alt=\"\" width=\"640\" height=\"320\" \/><\/p>\n<p>Un escuadr\u00f3n de guardias civiles, a pie y a caballo, desplegados por el Embovedado, cortaban el paso a la manifestaci\u00f3n de estudiantes. Era la ma\u00f1ana del 11 de enero de 1919. Los guardias comenzaron a perseguir a los manifestantes por las calles del centro de la ciudad; el resultado fue de tres muertos y varios heridos. <strong>\/ MUNDO GR\u00c1FICO<\/strong><\/p>\n<p>Los disparos de la Guardia Civil dejaron un reguero de heridos y de muertos. La primera en caer fue <strong>Josefa Gonz\u00e1lez Vives de Cazorla<\/strong>, de 25 a\u00f1os y reci\u00e9n casada. Estaba detr\u00e1s de los cristales de un balc\u00f3n de la calle Reyes y recibi\u00f3 un disparo. Despu\u00e9s cay\u00f3 mortalmente herido el mozo de la estaci\u00f3n <strong>Ram\u00f3n G\u00f3mez V\u00e1zquez<\/strong>. El \u00faltimo en morir por arma de fuego fue <strong>Ram\u00f3n Ruiz de Peralta<\/strong>, estudiante de Medicina, abatido en la calle Ni\u00f1os Luchando, frente a la Universidad. (La placa en su recuerdo fue retirada en 2004 de la fachada de las Siervas de Mar\u00eda).<\/p>\n<p>Granada fue declarada en estado de guerra y militarizada. La revuelta se extendi\u00f3 a varias ciudades espa\u00f1olas. Se puso a Granada como ejemplo de lucha estudiantil y obrera. Aquellas protestas universitarias fueron el bautismo pol\u00edtico de Milagro Almenara.<\/p>\n<p>Quiz\u00e1s por esta causa se afianzaron los sindicatos y partidos pol\u00edticos de izquierdas y feministas. Por aquellos meses de 1919 fue cuando apareci\u00f3 Milagro Almenara al frente de la delegaci\u00f3n de la JUF en Granada. Tambi\u00e9n fue el momento en que <strong>Fernando de los R\u00edos<\/strong> abandon\u00f3 su independencia y se puso al frente del PSOE provincial; gan\u00f3 las elecciones generales con rotundidad. Tambi\u00e9n apareci\u00f3 <strong>Agustina Gonz\u00e1lez L\u00f3pez<\/strong> (a) <em>la Zapatera<\/em> de Mesones, que presid\u00eda la Agrupaci\u00f3n Feminista Socialista (AFS), a quien Milagro propuso agrupar sus dos organizaciones. No conocemos el grado de acercamiento que hubo entre estos dos grupos feministas-socialistas en los a\u00f1os siguientes. Agustina Gonz\u00e1lez, <em>la Zapatera prodigiosa<\/em> de Lorca, corri\u00f3 la misma suerte que Milagro: muri\u00f3 fusilada en octubre de 1936.\u00e7<\/p>\n<p style=\"text-align: justify;\"><span class=\"autor\">Gabriel Pozo Felguera <\/span><\/p>\n<\/div>\n<p style=\"text-align: justify;\"><a href=\"http:\/\/www.elindependientedegranada.es\/cultura\/milagro-almenara-perez-boticaria-roja-feminista-asesinada-viznar-alfacar\">http:\/\/www.elindependientedegranada.es\/cultura\/milagro-almenara-perez-boticaria-roja-feminista-asesinada-viznar-alfacar<\/a><\/p>\n","protected":false},"excerpt":{"rendered":"<p>Esta es la historia de Milagro Almenara P\u00e9rez. Farmac\u00e9utica de brillante expediente, su vida y&#8230;<\/p>\n","protected":false},"author":1,"featured_media":14746,"comment_status":"closed","ping_status":"closed","sticky":false,"template":"","format":"standard","meta":{"_coblocks_attr":"","_coblocks_dimensions":"","_coblocks_responsive_height":"","_coblocks_accordion_ie_support":"","jetpack_post_was_ever_published":false,"_jetpack_newsletter_access":"","_jetpack_dont_email_post_to_subs":false,"_jetpack_newsletter_tier_id":0,"_jetpack_memberships_contains_paywalled_content":false,"_jetpack_memberships_contains_paid_content":false,"footnotes":"","jetpack_publicize_message":"","jetpack_publicize_feature_enabled":true,"jetpack_social_post_already_shared":false,"jetpack_social_options":{"image_generator_settings":{"template":"highway","default_image_id":0,"enabled":false},"version":2}},"categories":[1161,9,44,15],"tags":[490,3624,129,3625],"class_list":["post-14745","post","type-post","status-publish","format-standard","has-post-thumbnail","hentry","category-ciudadania","category-medio-ambiente","category-noticias-de-hoy","category-ultimas-noticias","tag-asesinato","tag-farmacia","tag-granada","tag-jesuitas"],"jetpack_publicize_connections":[],"jetpack_featured_media_url":"https:\/\/i0.wp.com\/miradordeatarfe.es\/wp-content\/uploads\/2017\/03\/firma_de_milagro.jpg?fit=750%2C223&ssl=1","jetpack_likes_enabled":true,"jetpack_sharing_enabled":true,"_links":{"self":[{"href":"https:\/\/miradordeatarfe.es\/index.php?rest_route=\/wp\/v2\/posts\/14745","targetHints":{"allow":["GET"]}}],"collection":[{"href":"https:\/\/miradordeatarfe.es\/index.php?rest_route=\/wp\/v2\/posts"}],"about":[{"href":"https:\/\/miradordeatarfe.es\/index.php?rest_route=\/wp\/v2\/types\/post"}],"author":[{"embeddable":true,"href":"https:\/\/miradordeatarfe.es\/index.php?rest_route=\/wp\/v2\/users\/1"}],"replies":[{"embeddable":true,"href":"https:\/\/miradordeatarfe.es\/index.php?rest_route=%2Fwp%2Fv2%2Fcomments&post=14745"}],"version-history":[{"count":3,"href":"https:\/\/miradordeatarfe.es\/index.php?rest_route=\/wp\/v2\/posts\/14745\/revisions"}],"predecessor-version":[{"id":14749,"href":"https:\/\/miradordeatarfe.es\/index.php?rest_route=\/wp\/v2\/posts\/14745\/revisions\/14749"}],"wp:featuredmedia":[{"embeddable":true,"href":"https:\/\/miradordeatarfe.es\/index.php?rest_route=\/wp\/v2\/media\/14746"}],"wp:attachment":[{"href":"https:\/\/miradordeatarfe.es\/index.php?rest_route=%2Fwp%2Fv2%2Fmedia&parent=14745"}],"wp:term":[{"taxonomy":"category","embeddable":true,"href":"https:\/\/miradordeatarfe.es\/index.php?rest_route=%2Fwp%2Fv2%2Fcategories&post=14745"},{"taxonomy":"post_tag","embeddable":true,"href":"https:\/\/miradordeatarfe.es\/index.php?rest_route=%2Fwp%2Fv2%2Ftags&post=14745"}],"curies":[{"name":"wp","href":"https:\/\/api.w.org\/{rel}","templated":true}]}}