{"id":14753,"date":"2017-03-11T09:01:59","date_gmt":"2017-03-11T08:01:59","guid":{"rendered":"http:\/\/miradordeatarfe.es\/?p=14753"},"modified":"2017-03-09T09:30:08","modified_gmt":"2017-03-09T08:30:08","slug":"elogio-de-la-escuela-publica-por-miguel-angel-santos-guerra","status":"publish","type":"post","link":"https:\/\/miradordeatarfe.es\/?p=14753","title":{"rendered":"\u00abElogio de la escuela p\u00fablica\u00bb por Miguel Angel Santos Guerra"},"content":{"rendered":"<div id=\"fb-root\" class=\" fb_reset\">\n<div><\/div>\n<div style=\"text-align: justify;\">En la radio andaluza se est\u00e1 repitiendo estos d\u00edas con machacona insistencia un anuncio sobre la ense\u00f1anza concertada. Dice algo as\u00ed (perd\u00f3n por no recordarlo de memoria) a trav\u00e9s de las voces de ni\u00f1os y de ni\u00f1as: \u201cYo soy de los maristas, yo soy de las teresianas, yo soy de los salesianos\u2026 Yo soy de la concertada. La escuela de todos y de todas\u201d. No. La escuela de todos y de todas no es la escuela concertada, es la escuela p\u00fablica.<\/div>\n<\/div>\n<p style=\"text-align: justify;\"><!--more--><\/p>\n<p style=\"text-align: justify;\">La escuela p\u00fablica ha de ser la causa de todos y de todas, porque es la causa de la justicia. Y, a la inversa, por ser la causa de la justicia ha de ser la causa de todos y de todas. Quienes defienden con ah\u00ednco la escuela privada y concertada, esconden muchas veces intereses particulares y utilizan argumentos de dudoso rigor. Decir que es preciso defender el derecho de todos a elegir, exigir\u00eda que todos pudiesen ejercerlo. Es sospechoso que defiendan ese derecho precisamente los que pueden y quieren ponerlo en pr\u00e1ctica. En aras de la libertad de ense\u00f1anza (quienes ahora la defienden, la han atacado como uno de los males de la sociedad) se pretende salvaguardar la libertad de quienes tienen posibilidades de acceder a unos servicios que consideran de mayor o de especial calidad.<\/p>\n<p style=\"text-align: justify;\">Quienes sostienen que ha de destinarse dinero p\u00fablico a proyectos privados, \u00bfc\u00f3mo pueden justificar que a los ciudadanos que no participan de ese ideario se les exija contribuir a su desarrollo y difusi\u00f3n? \u00bfPagar\u00eda alguien de buen grado la apertura de un Colegio de la organizaci\u00f3n terrorista ETA? S\u00e9 que dentro de la escuela privada existen instituciones y proyectos de muy diverso tipo: una cosa es un Colegio del Opus Dei y otra muy diferente una cooperativa de profesores que mantiene un proyecto ideol\u00f3gicamente abierto y plural.<\/p>\n<p style=\"text-align: justify;\">Dice Arist\u00f3teles en el comienzo de La Pol\u00edtica: \u201cY puesto que hay un fin \u00fanico para la ciudad que es la justicia, es claro que la educaci\u00f3n debe ser \u00fanica y la misma para todos de modo que no sea el dinero lo que diferencie la educaci\u00f3n. El cuidado de ella debe ser cosa del Estado, de un Estado justo, igualitario y no privada como en los tiempos en que cada uno se cuidaba privadamente de sus propios hijos para que sean provechosos en el futuro\u201d.<\/p>\n<p style=\"text-align: justify;\">\u00bfCu\u00e1les son las se\u00f1as de identidad de la escuela p\u00fablica? Hablo a continuaci\u00f3n de las que me parecen esenciales:<\/p>\n<p style=\"text-align: justify;\">1. Es una escuela a la que todos y todas pueden acceder independientemente de su clase social y de su potencial econ\u00f3mico. Porque la escuela p\u00fablica es de todos y para todos y, por consiguiente, es gratuita.<\/p>\n<p style=\"text-align: justify;\">2. Es una escuela democr\u00e1tica, ya que su titularidad, su gesti\u00f3n y los criterios que inspiran sus pretensiones y las actividades que organiza tienen car\u00e1cter p\u00fablico.<\/p>\n<p style=\"text-align: justify;\">3. La selecci\u00f3n de sus profesores y profesoras se hace por criterios de car\u00e1cter p\u00fablico abierto, de modo que no se privilegie a unos en detrimento de otros. Este hecho confiere a los profesionales una completa libertad a la hora de hablar y de actuar. Cuando el contrato depende de criterios particulares (en una sociedad con tasas tan elevadas de paro) la libertad de los profesionales puede estar coartada.<\/p>\n<p style=\"text-align: justify;\">4. Es laica, como corresponde a un estado aconfesional (entendiendo que la ense\u00f1anza religiosa puede realizarse en parroquias, sinagogas, mezquitas, etc.). No practica el adoctrinamiento y garantiza la libertad de expresi\u00f3n.<\/p>\n<p style=\"text-align: justify;\">5. Es plural ideol\u00f3gica y culturalmente. En ella est\u00e1n presentes las diferentes culturas y subculturas de la sociedad. Y practica intensamente la interculturalidad.<\/p>\n<p style=\"text-align: justify;\">6. Su ideario educativo se asienta en la \u00e9tica que propugna, defiende y cultiva valores universales como la justicia, la paz, la solidaridad, la tolerancia, la igualdad\u2026 No se asienta en la moral particular de una religi\u00f3n o de una secta sino en la \u00e9tica universal.<\/p>\n<p style=\"text-align: justify;\">7. Se implica activamente en la construcci\u00f3n de una sociedad m\u00e1s justa y m\u00e1s igualitaria. Est\u00e1 preocupada por formar no a los mejores del mundo sino a los mejores para el mundo.<\/p>\n<p style=\"text-align: justify;\">8. Practica la coeducaci\u00f3n y, para ello, parte de la convivencia de ni\u00f1os y ni\u00f1as en la misma instituci\u00f3n, tratando de ir m\u00e1s all\u00e1 para romper la cultura hegem\u00f3nica del var\u00f3n que hace de las escuelas instituciones de varones a las que han de adaptarse las ni\u00f1as.<\/p>\n<p style=\"text-align: justify;\">9 Defiende y practica la integraci\u00f3n de las personas con discapacidades, entendi\u00e9ndola como una riqueza cultural y personal. La diversidad es un valor que asume para el enriquecimiento de toda la sociedad. De esta forma se convierte en una instituci\u00f3n que compensa las desigualdades.<\/p>\n<p style=\"text-align: justify;\">10. Es cr\u00edtica en el planteamiento interno y en las directrices educativas, de modo que cuestiona la injusticia y se rebela ante las desigualdades. Mantiene una actitud autocr\u00edtica para salvar la coherencia de los principios que defiende, de modo que los encarna en su funcionamiento, en su estructura y en las relaciones que se establecen entre sus miembros.<\/p>\n<p style=\"text-align: justify;\">\u00bfC\u00f3mo podr\u00eda potenciarse y mejorarse la escuela p\u00fablica?<\/p>\n<p style=\"text-align: justify;\">Los recursos econ\u00f3micos p\u00fablicos han de destinarse a la escuela p\u00fablica. Sostener que la calidad est\u00e1 en los centros privados y que, por consiguiente ha de dotarse a esos colegis de ayudas especiales, no es m\u00e1s que una falacia y una forma de alimentar la injusticia.<\/p>\n<p style=\"text-align: justify;\">Ha de mejorar a trav\u00e9s de las condiciones necesarias para practicar una ense\u00f1anza de calidad. Aunque las condiciones no son equivalentes a la calidad, son el soporte de la misma.<\/p>\n<p style=\"text-align: justify;\">Debe potenciar proyectos innovadores y ambiciosos que aviven los valores democr\u00e1ticos, educativos y \u00e9ticos. La educaci\u00f3n m\u00e1s que una pr\u00e1ctica t\u00e9cnica es una actividad de orden moral, social y pol\u00edtico.<\/p>\n<p style=\"text-align: justify;\">Debe mantener una exigencia constante sobre sus profesionales. Para ello tiene que formarlos de manera rigurosa, elegirlos de forma adecuada y motivarlos inteligentemente.<\/p>\n<p style=\"text-align: justify;\">Debe permanecer abierta a la sociedad, en constante apertura hacia los problemas sociales. La permeabilidad ha de invadir los muros de la escuela dejando entrar en ella las preocupaciones sociales y haciendo salir hacia la sociedad los valores y la cultura.<\/p>\n<p style=\"text-align: justify;\">Debe incrementar y perfeccionar los mecanismos de la participaci\u00f3n, haciendo posible la existencia de una comunidad cr\u00edtica de aprendizaje.<\/p>\n<p style=\"text-align: justify;\">Ha de escribir y difundir sus experiencias para construir una plataforma de discusi\u00f3n, de debate y de desarrollo profesional.<\/p>\n<p style=\"text-align: justify;\">El perfeccionamiento de los profesionales ha de asentarse en la investigaci\u00f3n que realizan sobre su propia pr\u00e1ctica con el fin de comprenderla y de mejorarla en su racionalidad y en su justicia.<\/p>\n<p style=\"text-align: justify;\">El momento que atraviesa nuestra sociedad es muy delicado para la causa de la escuela p\u00fablica. La vigente LOMCE es una ley que atenta contra sus intereses. La exacerbaci\u00f3n de las leyes del mercado, de la competitividad y de la eficacia han generado un clima en el que es necesario romper el sofisma que asola el discurso pedag\u00f3gico: lo eficaz es verdadero, lo verdadero es justo, luego lo eficaz es justo.<\/p>\n<p style=\"text-align: justify;\">Los intereses p\u00fablicos frente a los intereses privados y la preocupaci\u00f3n por los desfavorecidos son dos cuestiones que resultan prioritarias en una sociedad en la que se declara la ley de la extrema competitividad, pero sin tener en cuenta el punto de partida de los que compiten. La escuela p\u00fablica es de todos y de todas. Para todos y para todas.<\/p>\n<p>&nbsp;<\/p>\n<blockquote class=\"wp-embedded-content\" data-secret=\"7wo3lAHiWG\"><p><a href=\"https:\/\/mas.laopiniondemalaga.es\/blog\/eladarve\/2017\/03\/04\/elogio-la-escuela-publica\/\">Elogio de la escuela p\u00fablica<\/a><\/p><\/blockquote>\n<p><iframe loading=\"lazy\" class=\"wp-embedded-content\" sandbox=\"allow-scripts\" security=\"restricted\" style=\"position: absolute; visibility: hidden;\" title=\"\u00abElogio de la escuela p\u00fablica\u00bb \u2014 El Adarve\" src=\"https:\/\/mas.laopiniondemalaga.es\/blog\/eladarve\/2017\/03\/04\/elogio-la-escuela-publica\/embed\/#?secret=ImIquZtMyb#?secret=7wo3lAHiWG\" data-secret=\"7wo3lAHiWG\" width=\"600\" height=\"338\" frameborder=\"0\" marginwidth=\"0\" marginheight=\"0\" scrolling=\"no\"><\/iframe><\/p>\n","protected":false},"excerpt":{"rendered":"<p>En la radio andaluza se est\u00e1 repitiendo estos d\u00edas con machacona insistencia un anuncio sobre&#8230;<\/p>\n","protected":false},"author":1,"featured_media":14755,"comment_status":"closed","ping_status":"closed","sticky":false,"template":"","format":"standard","meta":{"_coblocks_attr":"","_coblocks_dimensions":"","_coblocks_responsive_height":"","_coblocks_accordion_ie_support":"","jetpack_post_was_ever_published":false,"_jetpack_newsletter_access":"","_jetpack_dont_email_post_to_subs":false,"_jetpack_newsletter_tier_id":0,"_jetpack_memberships_contains_paywalled_content":false,"_jetpack_memberships_contains_paid_content":false,"footnotes":"","jetpack_publicize_message":"","jetpack_publicize_feature_enabled":true,"jetpack_social_post_already_shared":false,"jetpack_social_options":{"image_generator_settings":{"template":"highway","default_image_id":0,"enabled":false},"version":2}},"categories":[187,9,44,15],"tags":[3626,27,463],"class_list":["post-14753","post","type-post","status-publish","format-standard","has-post-thumbnail","hentry","category-centros-educativos","category-medio-ambiente","category-noticias-de-hoy","category-ultimas-noticias","tag-concertada","tag-educacion","tag-escuela-publica"],"jetpack_publicize_connections":[],"jetpack_featured_media_url":"https:\/\/i0.wp.com\/miradordeatarfe.es\/wp-content\/uploads\/2017\/03\/Escuela-P%C3%BAblica.jpeg?fit=260%2C194&ssl=1","jetpack_likes_enabled":true,"jetpack_sharing_enabled":true,"_links":{"self":[{"href":"https:\/\/miradordeatarfe.es\/index.php?rest_route=\/wp\/v2\/posts\/14753","targetHints":{"allow":["GET"]}}],"collection":[{"href":"https:\/\/miradordeatarfe.es\/index.php?rest_route=\/wp\/v2\/posts"}],"about":[{"href":"https:\/\/miradordeatarfe.es\/index.php?rest_route=\/wp\/v2\/types\/post"}],"author":[{"embeddable":true,"href":"https:\/\/miradordeatarfe.es\/index.php?rest_route=\/wp\/v2\/users\/1"}],"replies":[{"embeddable":true,"href":"https:\/\/miradordeatarfe.es\/index.php?rest_route=%2Fwp%2Fv2%2Fcomments&post=14753"}],"version-history":[{"count":1,"href":"https:\/\/miradordeatarfe.es\/index.php?rest_route=\/wp\/v2\/posts\/14753\/revisions"}],"predecessor-version":[{"id":14754,"href":"https:\/\/miradordeatarfe.es\/index.php?rest_route=\/wp\/v2\/posts\/14753\/revisions\/14754"}],"wp:featuredmedia":[{"embeddable":true,"href":"https:\/\/miradordeatarfe.es\/index.php?rest_route=\/wp\/v2\/media\/14755"}],"wp:attachment":[{"href":"https:\/\/miradordeatarfe.es\/index.php?rest_route=%2Fwp%2Fv2%2Fmedia&parent=14753"}],"wp:term":[{"taxonomy":"category","embeddable":true,"href":"https:\/\/miradordeatarfe.es\/index.php?rest_route=%2Fwp%2Fv2%2Fcategories&post=14753"},{"taxonomy":"post_tag","embeddable":true,"href":"https:\/\/miradordeatarfe.es\/index.php?rest_route=%2Fwp%2Fv2%2Ftags&post=14753"}],"curies":[{"name":"wp","href":"https:\/\/api.w.org\/{rel}","templated":true}]}}