{"id":14759,"date":"2017-03-06T12:22:00","date_gmt":"2017-03-06T11:22:00","guid":{"rendered":"http:\/\/miradordeatarfe.es\/?p=14759"},"modified":"2017-03-06T12:22:00","modified_gmt":"2017-03-06T11:22:00","slug":"fundacion-sierra-elvira-2o-concurso-de-escultura","status":"publish","type":"post","link":"https:\/\/miradordeatarfe.es\/?p=14759","title":{"rendered":"FUNDACI\u00d3N SIERRA ELVIRA: 2\u00ba Concurso de Escultura"},"content":{"rendered":"<p style=\"text-align: justify;\">La Fundaci\u00f3n Sierra Elvira, y el Departamento de Escultura de la Universidad de Granada convocan este 2\u00ba Concurso de Escultura dirigido a mayores de edad, hasta un l\u00edmite de 30 a\u00f1os, residentes en Espa\u00f1a.<!--more--><\/p>\n<p style=\"text-align: justify;\">Cada artista podr\u00e1 presentar una sola obra, no premiada en otros concursos, con libertad de temas, procedimientos y materiales, cuya medida m\u00e1xima en cualquiera de sus lados no ser\u00e1 superior a 60 cent\u00edmetros. Cada participante remitir\u00e1 por correo electr\u00f3nico a la direcci\u00f3n: info@fundacionsierraelvira.org una o dos fotograf\u00edas en color en formato digital (jpg, jpeg o tiff) de al menos 300 ppp de resoluci\u00f3n (m\u00e1ximo 1 Mb cada imagen) y la <a href=\"http:\/\/www.fundacionsierraelvira.org\/insescultura17.doc\">Ficha de Inscripci\u00f3n<\/a>, entre los d\u00edas <strong>6 y 15 de marzo, 2017.<\/strong><\/p>\n<p style=\"text-align: justify;\">El jurado seleccionar\u00e1 las obras a exponer y comunicar\u00e1 su decisi\u00f3n antes del d\u00eda 1 de abril de 2017. Los artistas seleccionados deber\u00e1n entregar su obra y respectiva ficha t\u00e9cnica a la Fundaci\u00f3n, en un embalaje reutilizable, <strong>antes del martes 11 de abril de 2017, en la direcci\u00f3n:<\/strong><\/p>\n<p style=\"text-align: justify;\"><b>Fundaci\u00f3n Sierra Elvira<\/b><br \/>\n<b>2\u00ba Concurso de Escultura &#8211; FSE<\/b><br \/>\n<b>Av. de Andaluc\u00eda, 139<\/b><br \/>\n<b>18230 Atarfe (Granada)<\/b><\/p>\n<p style=\"text-align: justify;\">El jurado otorgar\u00e1 tres premios: diploma y gratificaci\u00f3n, y las menciones honor\u00edficas que considere convenientes, en su caso. La entrega de premios est\u00e1 prevista para el viernes 21 de abril de 2017, siendo obligatoria la asistencia de los artistas galardonados.<br \/>\nLas obras premiadas pasan a ser propiedad de la Fundaci\u00f3n como parte de su patrimonio, con derecho a ser reproducidas gr\u00e1ficamente para uso en sus actividades.<\/p>\n<p style=\"text-align: justify;\">Este anuncio es un resumen de las <a href=\"http:\/\/www.fundacionsierraelvira.org\/escult2017.doc\">Bases<\/a>, por lo que se recomienda leerlas detenidamente.<\/p>\n<p style=\"text-align: justify;\">\n<p style=\"text-align: justify;\">FOTO:\u00a0<i>El Beso,<\/i> por Jes\u00fas Dom\u00ednguez Guti\u00e9rrez. <i>Primer premio del I Concurso de Escultura, 2015<\/i><\/p>\n","protected":false},"excerpt":{"rendered":"<p>La Fundaci\u00f3n Sierra Elvira, y el Departamento de Escultura de la Universidad de Granada convocan&#8230;<\/p>\n","protected":false},"author":1,"featured_media":14760,"comment_status":"closed","ping_status":"closed","sticky":false,"template":"","format":"standard","meta":{"_coblocks_attr":"","_coblocks_dimensions":"","_coblocks_responsive_height":"","_coblocks_accordion_ie_support":"","jetpack_post_was_ever_published":false,"_jetpack_newsletter_access":"","_jetpack_dont_email_post_to_subs":false,"_jetpack_newsletter_tier_id":0,"_jetpack_memberships_contains_paywalled_content":false,"_jetpack_memberships_contains_paid_content":false,"footnotes":"","jetpack_publicize_message":"","jetpack_publicize_feature_enabled":true,"jetpack_social_post_already_shared":false,"jetpack_social_options":{"image_generator_settings":{"template":"highway","default_image_id":0,"enabled":false},"version":2}},"categories":[2,12,186,44,15],"tags":[176,3628],"class_list":["post-14759","post","type-post","status-publish","format-standard","has-post-thumbnail","hentry","category-atarfe","category-cultura","category-instituciones","category-noticias-de-hoy","category-ultimas-noticias","tag-esculturas","tag-fundacon-sierra-elvira"],"jetpack_publicize_connections":[],"jetpack_featured_media_url":"https:\/\/i0.wp.com\/miradordeatarfe.es\/wp-content\/uploads\/2017\/03\/beso.jpg?fit=346%2C346&ssl=1","jetpack_likes_enabled":true,"jetpack_sharing_enabled":true,"_links":{"self":[{"href":"https:\/\/miradordeatarfe.es\/index.php?rest_route=\/wp\/v2\/posts\/14759","targetHints":{"allow":["GET"]}}],"collection":[{"href":"https:\/\/miradordeatarfe.es\/index.php?rest_route=\/wp\/v2\/posts"}],"about":[{"href":"https:\/\/miradordeatarfe.es\/index.php?rest_route=\/wp\/v2\/types\/post"}],"author":[{"embeddable":true,"href":"https:\/\/miradordeatarfe.es\/index.php?rest_route=\/wp\/v2\/users\/1"}],"replies":[{"embeddable":true,"href":"https:\/\/miradordeatarfe.es\/index.php?rest_route=%2Fwp%2Fv2%2Fcomments&post=14759"}],"version-history":[{"count":1,"href":"https:\/\/miradordeatarfe.es\/index.php?rest_route=\/wp\/v2\/posts\/14759\/revisions"}],"predecessor-version":[{"id":14761,"href":"https:\/\/miradordeatarfe.es\/index.php?rest_route=\/wp\/v2\/posts\/14759\/revisions\/14761"}],"wp:featuredmedia":[{"embeddable":true,"href":"https:\/\/miradordeatarfe.es\/index.php?rest_route=\/wp\/v2\/media\/14760"}],"wp:attachment":[{"href":"https:\/\/miradordeatarfe.es\/index.php?rest_route=%2Fwp%2Fv2%2Fmedia&parent=14759"}],"wp:term":[{"taxonomy":"category","embeddable":true,"href":"https:\/\/miradordeatarfe.es\/index.php?rest_route=%2Fwp%2Fv2%2Fcategories&post=14759"},{"taxonomy":"post_tag","embeddable":true,"href":"https:\/\/miradordeatarfe.es\/index.php?rest_route=%2Fwp%2Fv2%2Ftags&post=14759"}],"curies":[{"name":"wp","href":"https:\/\/api.w.org\/{rel}","templated":true}]}}