{"id":14768,"date":"2017-03-07T20:57:31","date_gmt":"2017-03-07T19:57:31","guid":{"rendered":"http:\/\/miradordeatarfe.es\/?p=14768"},"modified":"2017-03-07T20:57:48","modified_gmt":"2017-03-07T19:57:48","slug":"manifestacion-del-8-de-marzo","status":"publish","type":"post","link":"https:\/\/miradordeatarfe.es\/?p=14768","title":{"rendered":"MANIFESTACI\u00d3N DEL 8 DE MARZO EN GRANADA"},"content":{"rendered":"<div>Os convocamos a la <strong>Manifestaci\u00f3n<\/strong> que tendr\u00e1 lugar el pr\u00f3ximo Mi\u00e9rcoles <strong>8 de Marzo, D\u00eda Internacional de las Mujeres<\/strong>, bajo el lema <em><span style=\"color: #351c75;\"><strong>\u00abDignas, diversas, insumisas y juntas contra todas las violencias\u00bb, <\/strong><\/span><\/em>consensuado por la\u00a0Plataforma 8 de Marzo de Granada.<\/div>\n<p><!--more--><\/p>\n<div><\/div>\n<div><span style=\"font-family: 'trebuchet ms', sans-serif;\">Salida: Plaza Mariana Pineda a las 18.30 h.<\/span><\/div>\n<div><span style=\"font-family: 'trebuchet ms', sans-serif;\">Llegada: Plaza Nueva. Lectura de Manifiestos y llamamiento al <strong>Paro Internacional de Mujeres<em><span style=\"color: #4c1130;\">\u00abSi nuestras vidas no valen, produzcan sin nosotras\u00bb.<\/span><\/em><\/strong><\/span><\/div>\n<div><\/div>\n<div>Las socias y dem\u00e1s personas que quieran participar con nosotras en la manifestaci\u00f3n, nos citamos en\u00a0el <strong>\u00abCaf\u00e9 F\u00fatbol\u00bb de la Plaza Mariana Pineda a las 18.15 h.<\/strong><\/div>\n<div>A trav\u00e9s de distintas v\u00edas se pide a las personas asistentes que vayan <u>vestidas\/os de negro en honor a las mujeres que han sido asesinadas,<\/u> v\u00edctimas de la violencia machista.<\/div>\n<div><\/div>\n<div>Nos vemos en las calles.<\/div>\n<div><\/div>\n<div><a href=\"https:\/\/i0.wp.com\/miradordeatarfe.es\/wp-content\/uploads\/2017\/03\/unnamed.png?ssl=1\"><img data-recalc-dims=\"1\" loading=\"lazy\" decoding=\"async\" class=\"alignnone size-full wp-image-14769\" src=\"https:\/\/i0.wp.com\/miradordeatarfe.es\/wp-content\/uploads\/2017\/03\/unnamed.png?resize=429%2C607&#038;ssl=1\" alt=\"\" width=\"429\" height=\"607\" srcset=\"https:\/\/i0.wp.com\/miradordeatarfe.es\/wp-content\/uploads\/2017\/03\/unnamed.png?w=429&amp;ssl=1 429w, https:\/\/i0.wp.com\/miradordeatarfe.es\/wp-content\/uploads\/2017\/03\/unnamed.png?resize=212%2C300&amp;ssl=1 212w\" sizes=\"auto, (max-width: 429px) 100vw, 429px\" \/><\/a><\/div>\n<div><\/div>\n","protected":false},"excerpt":{"rendered":"<p>Os convocamos a la Manifestaci\u00f3n que tendr\u00e1 lugar el pr\u00f3ximo Mi\u00e9rcoles 8 de Marzo, D\u00eda&#8230;<\/p>\n","protected":false},"author":1,"featured_media":14770,"comment_status":"closed","ping_status":"closed","sticky":false,"template":"","format":"standard","meta":{"_coblocks_attr":"","_coblocks_dimensions":"","_coblocks_responsive_height":"","_coblocks_accordion_ie_support":"","jetpack_post_was_ever_published":false,"_jetpack_newsletter_access":"","_jetpack_dont_email_post_to_subs":false,"_jetpack_newsletter_tier_id":0,"_jetpack_memberships_contains_paywalled_content":false,"_jetpack_memberships_contains_paid_content":false,"footnotes":"","jetpack_publicize_message":"","jetpack_publicize_feature_enabled":true,"jetpack_social_post_already_shared":false,"jetpack_social_options":{"image_generator_settings":{"template":"highway","default_image_id":0,"enabled":false},"version":2}},"categories":[1161,14,186,44,15],"tags":[],"class_list":["post-14768","post","type-post","status-publish","format-standard","has-post-thumbnail","hentry","category-ciudadania","category-feminismo","category-instituciones","category-noticias-de-hoy","category-ultimas-noticias"],"jetpack_publicize_connections":[],"jetpack_featured_media_url":"https:\/\/i0.wp.com\/miradordeatarfe.es\/wp-content\/uploads\/2017\/03\/descarga-2-1.jpeg?fit=307%2C164&ssl=1","jetpack_likes_enabled":true,"jetpack_sharing_enabled":true,"_links":{"self":[{"href":"https:\/\/miradordeatarfe.es\/index.php?rest_route=\/wp\/v2\/posts\/14768","targetHints":{"allow":["GET"]}}],"collection":[{"href":"https:\/\/miradordeatarfe.es\/index.php?rest_route=\/wp\/v2\/posts"}],"about":[{"href":"https:\/\/miradordeatarfe.es\/index.php?rest_route=\/wp\/v2\/types\/post"}],"author":[{"embeddable":true,"href":"https:\/\/miradordeatarfe.es\/index.php?rest_route=\/wp\/v2\/users\/1"}],"replies":[{"embeddable":true,"href":"https:\/\/miradordeatarfe.es\/index.php?rest_route=%2Fwp%2Fv2%2Fcomments&post=14768"}],"version-history":[{"count":2,"href":"https:\/\/miradordeatarfe.es\/index.php?rest_route=\/wp\/v2\/posts\/14768\/revisions"}],"predecessor-version":[{"id":14772,"href":"https:\/\/miradordeatarfe.es\/index.php?rest_route=\/wp\/v2\/posts\/14768\/revisions\/14772"}],"wp:featuredmedia":[{"embeddable":true,"href":"https:\/\/miradordeatarfe.es\/index.php?rest_route=\/wp\/v2\/media\/14770"}],"wp:attachment":[{"href":"https:\/\/miradordeatarfe.es\/index.php?rest_route=%2Fwp%2Fv2%2Fmedia&parent=14768"}],"wp:term":[{"taxonomy":"category","embeddable":true,"href":"https:\/\/miradordeatarfe.es\/index.php?rest_route=%2Fwp%2Fv2%2Fcategories&post=14768"},{"taxonomy":"post_tag","embeddable":true,"href":"https:\/\/miradordeatarfe.es\/index.php?rest_route=%2Fwp%2Fv2%2Ftags&post=14768"}],"curies":[{"name":"wp","href":"https:\/\/api.w.org\/{rel}","templated":true}]}}