{"id":1478,"date":"2015-05-03T07:15:25","date_gmt":"2015-05-03T07:15:25","guid":{"rendered":"http:\/\/miradordeatarfe.es\/?p=1478"},"modified":"2015-05-04T10:49:59","modified_gmt":"2015-05-04T10:49:59","slug":"la-fiesta-de-la-cruz-de-mayo-en-granada-articulo-milagros-soler-cervantes","status":"publish","type":"post","link":"https:\/\/miradordeatarfe.es\/?p=1478","title":{"rendered":"LA FIESTA DE LA CRUZ DE MAYO EN GRANADA  Art\u00edculo: Milagros Soler Cervantes"},"content":{"rendered":"<p align=\"left\"><b><span style=\"color: #3c1e00; font-family: Calibri; font-size: large;\">LOS OR\u00cdGENES <\/span><\/b><\/p>\n<p align=\"justify\">\u00a0<b><span style=\"font-family: Calibri;\">Todas las culturas, desde la m\u00e1s remota antig\u00fcedad, han celebrado la llegada de la Primavera con rituales de consagraci\u00f3n a los dioses de la Naturaleza. Para las sociedades agr\u00edcolas contar con el favor de estas divinidades ten\u00eda una importancia trascendental, ya que de las cosechas depend\u00eda gran parte de la subsistencia. Son muchos los historiadores y antrop\u00f3logos que se han ocupado de averiguar el origen de las fiestas que han llegado hasta nuestros d\u00edas y todav\u00eda celebramos. En Europa, casi todas explican sus ra\u00edces desde el mundo greco romano, que a su vez recoge cultos de religiones neol\u00edticas o protohist\u00f3ricas con elementos comunes en toda la geograf\u00eda del Viejo Continente.<\/span><\/b><\/p>\n<p align=\"justify\"><b> <span style=\"font-family: Calibri;\">En Inglaterra, se vincula con la leyenda celta de\u00a0 Beltane o <i>Fuego brillante<\/i>; en Francia con la Reina de Mayo o\u00a0 Reina Maya, simbolizadas en j\u00f3venes v\u00edrgenes. En Suecia se eleg\u00eda al Conde de las Flores en el transcurso de una verbena popular, durante la \u00faltima noche del mes de Abril. En Toscana (Italia)\u00a0 un personaje llamado Calendimaggio rememora los cultos al dios Apolo. En la Grecia cl\u00e1sica encontramos la leyenda de Attis (en lengua frigia, macho cabr\u00edo; tambi\u00e9n <i>el hermoso<\/i>), que bien podr\u00eda servir de ejemplo como modelo de este tipo de soporte ideol\u00f3gico.\u00a0 <\/span> <\/b><\/p>\n<p align=\"center\"><span style=\"font-family: Corbel;\"> <img data-recalc-dims=\"1\" loading=\"lazy\" decoding=\"async\" src=\"https:\/\/i0.wp.com\/www.culturandalucia.com\/GRANADA\/Calendimaggio_3.jpg?resize=192%2C279\" alt=\"Fiesta del Calendimaggio en Italia\" width=\"192\" height=\"279\" longdesc=\"Fiesta del Calendimaggio en Italia\" hspace=\"0\" \/>\u00a0 <\/span> <img data-recalc-dims=\"1\" loading=\"lazy\" decoding=\"async\" src=\"https:\/\/i0.wp.com\/www.culturandalucia.com\/GRANADA\/Calendimaggio_2.jpg?resize=402%2C283\" alt=\"Calendimaggio. Celebraci\u00f3n de las fiestas de Mayo en Italia\" width=\"402\" height=\"283\" longdesc=\"Calendimaggio. Celebraci\u00f3n de las fiestas de Mayo en Italia\" border=\"0\" hspace=\"3\" \/><\/p>\n<p align=\"center\"><b> <span style=\"color: #800000; font-family: Calibri; font-size: small;\">En Europa la Fiesta de la Cruz tiene or\u00edgenes paganos enraizados con el mundo greco-romano y celta<\/span><\/b><\/p>\n<p align=\"center\"><b> <span style=\"font-family: Calibri;\">\u00a0<\/span><\/b><\/p>\n<div align=\"center\">\n<table id=\"table4\" border=\"2\" width=\"75%\" cellspacing=\"0\" cellpadding=\"0\" bgcolor=\"#B1B1B1\">\n<tbody>\n<tr>\n<td>\n<p align=\"center\"><b> <span style=\"color: #3c1e00; font-family: Calibri; font-size: large;\">LEYENDA DE ATTIS, AGDITIS Y CIBELES\u00a0 <\/span><\/b><\/p>\n<p align=\"center\"><span style=\"font-family: Calibri;\"> <b> <img data-recalc-dims=\"1\" loading=\"lazy\" decoding=\"async\" src=\"https:\/\/i0.wp.com\/www.culturandalucia.com\/GRANADA\/Cibeles_y_Attis.jpg?resize=313%2C207\" alt=\"Cibeles y Attis\" width=\"313\" height=\"207\" longdesc=\"Cibeles y Attis\" border=\"0\" hspace=\"7\" vspace=\"4\" \/><\/b><\/span><\/p>\n<p align=\"justify\"><b> <span style=\"font-family: Calibri;\">\u00a0 <\/span><\/b><\/p>\n<p align=\"justify\"><b> <span style=\"font-family: Calibri;\"> Durante un sue\u00f1o, Zeus dej\u00f3 caer su semen en la tierra y de \u00e9l nacer\u00eda el hermafrodita Agdistis. En otras versiones, Agdistis es hijo de Zeus y Cibeles. Los dioses, temerosos de este ser, le cortaron sus \u00f3rganos masculinos. En la tierra donde cayeron naci\u00f3 un almendro.<\/span><\/b><\/p>\n<p align=\"justify\"><b><span style=\"font-family: Calibri;\">Nana, hija del r\u00edo Sangario guard\u00f3 en su regazo una de sus almendras, que desapareci\u00f3, dej\u00e1ndola embarazada. Cuando dio a luz a su hijo Attis, lo abandon\u00f3 para que fuera criado por un macho cabr\u00edo. Cuando Agdistis vio a Attis, se enamor\u00f3 de \u00e9l. Al no poder conseguirlo, pues este iba a casarse con la hija del rey Midas, Agdistis enloqueci\u00f3 a Midas y a Attis, que se emascularon. Attis muri\u00f3 debajo de un pino; entonces, la hija de Midas se suicid\u00f3 junto a \u00e9l. Al juntarse la sangre de los amantes, brotaron violetas. Agdistis consigui\u00f3 de los dioses que el cuerpo de Attis no se corrompiera, lo enterr\u00f3 y de su tumba surgieron miles de flores.<\/span><\/b><\/p>\n<p align=\"justify\"><b> <span style=\"font-family: Calibri;\">Ovidio, por su parte,\u00a0 nos cuenta como la diosa Cibeles eligi\u00f3 al joven frigio Attis como amante y guardi\u00e1n de su templo, con la condici\u00f3n de que se mantuviera c\u00e9libe. Este, enamorado de la ninfa Sagaritis, falt\u00f3 a la promesa dada a la divinidad. El culto de Agdistis pas\u00f3 a Anatolia, \u00c1tica, Egipto y Samos.<\/span><\/b><\/p>\n<p align=\"justify\">\u00a0<b><span style=\"font-family: Calibri;\">La muerte y resurrecci\u00f3n de Attis trasformado en vegetaci\u00f3n, se produce durante el equinoccio de primavera, celebrando una procesi\u00f3n con un pino reci\u00e9n cortado, adornado con guirnaldas de violetas y cintas de lana de muchos colores.<\/span><\/b><\/p>\n<\/td>\n<\/tr>\n<\/tbody>\n<\/table>\n<\/div>\n<p align=\"justify\"><b><span style=\"font-family: Calibri;\">La leyenda de Attis, Agdistis y Cibeles refleja las variantes mas comunes en todas las fiestas mayas. Son celebraciones en las que la Naturaleza parece dislocar el sentido de dioses y mortales, haciendo que estos respondan a sus instintos amorosos o carnales,\u00a0 de manera irracional e incontrolada. En la antigua Roma, las fiestas de la Primavera se vinculaban a la diosa Flora. Las Floralias ten\u00edan lugar a finales de Abril y primero de Mayo. Parecidas a las Saturnales, la sexualidad y la fecundidad femenina se presentan relacionadas con el renacer de la vegetaci\u00f3n, que tiene lugar en esa \u00e9poca del a\u00f1o. <\/span><\/b><\/p>\n<p align=\"center\"><img data-recalc-dims=\"1\" loading=\"lazy\" decoding=\"async\" src=\"https:\/\/i0.wp.com\/www.culturandalucia.com\/GRANADA\/Calendimaggio_1.jpg?resize=392%2C285\" alt=\"Calendimaggio. Celebraci\u00f3n de las fiestas de Mayo en Italia\" width=\"392\" height=\"285\" longdesc=\"Calendimaggio. Celebraci\u00f3n de las fiestas de Mayo en Italia\" border=\"0\" \/> <b><span style=\"color: #0b6786; font-family: Corbel; font-size: small;\"> <img data-recalc-dims=\"1\" loading=\"lazy\" decoding=\"async\" src=\"https:\/\/i0.wp.com\/www.culturandalucia.com\/GRANADA\/Adoraci%C3%B3n_de_la_Cruz1.jpg?resize=216%2C285\" alt=\"Adoraci\u00f3n de la Santa Cruz a principios del Siglo XX\" width=\"216\" height=\"285\" longdesc=\"Adoraci\u00f3n de la Santa Cruz a principios del Siglo XX\" border=\"0\" hspace=\"0\" \/><\/span><\/b><\/p>\n<p align=\"center\"><b> <span style=\"color: #800000; font-family: Calibri; font-size: small;\">Las fiestas de mayo se relacionaban con la sexualidad y la fecundidad femenina.<\/span><\/b><\/p>\n<p align=\"justify\"><b><span style=\"font-family: Calibri;\">El Concilio de Nicea fue decisivo para consolidar la Cruz como emblema contra los paganos. Constantino y su madre Santa Elena propiciaron este pensamiento difundiendo la <a href=\"http:\/\/www.culturandalucia.com\/Fiesta%20de%20Exaltaci%C3%B3n%20de%20la%20Santa%20Cruz.htm\"> <span style=\"color: #000000;\">leyenda de la aparici\u00f3n milagrosa de la Cruz<\/span><\/a>, que alentaba al emperador en su lucha contra los infieles, bajo la consigna <i>In hoc signo vincis<\/i> (Con este signo vencer\u00e1s). Durante la Edad Media se convirti\u00f3 en se\u00f1era \u00e9pica contra el Islam. Durante el Renacimiento, todav\u00eda quedaban vestigios de los cultos paganos greco-romanos en muchos pa\u00edses de Europa, como es el caso de Italia, Francia o Espa\u00f1a, que el periodo Barroco lleg\u00f3 casi a extinguir.<\/span><\/b><\/p>\n<p align=\"justify\"><b><span style=\"font-family: Calibri;\">La Iglesia se esforz\u00f3 por borrar todo vestigio pagano, condenando el desenfreno y lo que calific\u00f3 de libertinaje de la la fiesta. En el caso de las cruces de Granada y Andaluc\u00eda en general, la tradici\u00f3n se vincula a la antes citada\u00a0 <a href=\"http:\/\/www.culturandalucia.com\/Fiesta%20de%20Exaltaci%C3%B3n%20de%20la%20Santa%20Cruz.htm\"> <span style=\"color: #000000;\">Leyenda de Constantino y su madre, Santa Elena<\/span><\/a>. Hemos podido comprobar, siguiendo la trayectoria de otras\u00a0 mitolog\u00edas, que la fecundidad femenina y de la tierra, el \u00e1rbol y la cruz se relacionan estrechamente. La cruz adopta la simbolog\u00eda comprendida en los ciclos de\u00a0 vida,\u00a0 muerte y renacimiento. En la <i>Lex Romana Visigothorum<\/i> sancionada por Recesvinto ( a\u00f1o 654 d.d.C.) y en el <i>Leccionario de Silos<\/i> (a\u00f1o 650 d.d.C.) se cita el <i>dies Santae Crucis<\/i>\u00a0 compar\u00e1ndola con las de mayor entidad del ciclo lit\u00fargico en Espa\u00f1a. El s\u00edmbolo pagano del \u00e1rbol fue sustituido por el cristiano de la cruz, dando lugar a un sincretismo religioso cuyas celebraciones han perdurado hasta nuestros d\u00edas.<\/span><\/b><\/p>\n<p align=\"justify\"><b><span style=\"font-family: Calibri;\">En Granada la tradici\u00f3n ya la encontramos documentada en catecismos y liturgias moz\u00e1rabes, dado que su culto estaba muy enraizado en la comarca. En la catedral de Guadix se conserva una reliquia de la Santa Cruz en la que muri\u00f3 Cristo. El aspecto moderno de la fiesta y sus a\u00f1os de m\u00e1ximo esplendor tenemos que buscarlo hacia los siglos XVIII y XIX, iniciando su declive a principios del siglo XX.<\/span><\/b><\/p>\n<p align=\"justify\"><b><span style=\"font-family: Calibri;\">\u00a0<\/span><\/b><\/p>\n<p align=\"center\"><img data-recalc-dims=\"1\" loading=\"lazy\" decoding=\"async\" src=\"https:\/\/i0.wp.com\/www.culturandalucia.com\/GRANADA\/Cruz_de_Mayo_1.jpg?resize=449%2C220\" alt=\"\" width=\"449\" height=\"220\" \/><\/p>\n<p align=\"justify\"><b><span style=\"font-family: Calibri;\">Nacimiento-Muerte-Resurrecci\u00f3n es lo que se conmemora en el periodo lit\u00fargico denominado Semana Santa, aunque de una forma m\u00e1s intensa y dram\u00e1tica. Como ya dijimos cuando habl\u00e1bamos de los precedentes rituales de la Noche de Difuntos, durante la Semana Santa el gran totem ancestral representado por la Cruz, sostiene en sus brazos de madera, el cuerpo de Jes\u00fas, que representa la Vida. La cruz es la abstracci\u00f3n de los cuatro puntos cardinales y por lo tanto, del Universo en cuyo centro se sit\u00faa el Crucificado. <\/span><\/b><\/p>\n<p align=\"justify\">\u00a0<b><span style=\"font-family: Calibri;\">En el caso de la Semana Santa, la celebraci\u00f3n adopta car\u00e1cter publico y colectivo, con marcado sentimiento luctuoso. Otra celebraci\u00f3n religiosa de gran relieve en Granada es la festividad del Corpus Christi. En este caso, la Vida se interpreta desde la solemnidad, sin las connotaciones tr\u00e1gicas de la muerte ya que esta, finalmente,\u00a0 ha trascendido. Sin embargo, la Fiesta de la Cruz de Mayo, aunque tambi\u00e9n anuncia y celebra la llegada de la Primavera, como heredera de su pasado unido a divinidades como los amantes Attis y Cibeles, o las diosas D\u00e9meter, Ceres\u00a0 y Danae, se celebran desde un \u00e1nimo l\u00fadico y jocoso, que en su origen se manten\u00eda dentro del \u00e1mbito privado pero que finalmente se trasladar\u00eda al colectivo.<\/span><\/b><\/p>\n<p align=\"left\"><b><span style=\"color: #3c1e00; font-family: Calibri; font-size: large;\"> \u00a0LA FIESTA<\/span><\/b><\/p>\n<p align=\"justify\"><b><span style=\"font-family: Calibri;\">Seguramente, siguiendo la tradici\u00f3n intimista de los carmenes \u00e1rabes, en Andaluc\u00eda la fiesta de la Cruz de Mayo se celebraba antiguamente en el interior de las viviendas. En sus patios constru\u00edan altares en los que se levantaban cruces adornadas con guirnaldas de flores. Junto a ellos se pon\u00edan como adorno objetos de prestigio. Aunque la intenci\u00f3n era de honrar con las mayores riquezas el s\u00edmbolo cristiano, no dejaba de ser una muestra de ostentaci\u00f3n de riqueza, muy cuidada, por parte de sus due\u00f1os. So origen se pierde entre las brumas del tiempo, vincul\u00e1ndose su celebraci\u00f3n a ritos ancestrales.<\/span><\/b><\/p>\n<p align=\"justify\">\u00a0<b><span style=\"font-family: Calibri;\">Piezas de cer\u00e1mica, de cobre, mantones de Manila y todo aquello que implicara abundancia, era seleccionado para ser exhibido en esas ocasiones. Plantas, frutas, cereales y en definitiva todo lo relacionado con la vegetaci\u00f3n t\u00edpica de esa estaci\u00f3n del a\u00f1o, tambi\u00e9n ten\u00eda\u00a0 en ella su espacio. En torno a la cruz se reun\u00edan amigos y familiares, organizando recitales de baile y coplillas , en las que todas ten\u00edan como motivo la exaltaci\u00f3n de la Cruz y la Primavera.<\/span><\/b><\/p>\n<p align=\"center\"><b> <span style=\"font-family: Calibri;\"> <img data-recalc-dims=\"1\" loading=\"lazy\" decoding=\"async\" src=\"https:\/\/i0.wp.com\/www.culturandalucia.com\/GRANADA\/Cruz_de_Mayo_detalle_catedral_granada.jpg?resize=325%2C238\" alt=\"Detalle del altar en la Cruz de la Plaza de la Catedral de Granada.\" width=\"325\" height=\"238\" longdesc=\"Detalle del altar en la Cruz, en la Plaza de la Catedral de Granada.\" border=\"0\" hspace=\"0\" \/>\u00a0\u00a0 <\/span><\/b><span style=\"color: #0b6786;\"><b><span style=\"font-family: Corbel; font-size: small;\"> <img data-recalc-dims=\"1\" loading=\"lazy\" decoding=\"async\" src=\"https:\/\/i0.wp.com\/www.culturandalucia.com\/GRANADA\/Cruz00.jpg?resize=331%2C238\" alt=\"\" width=\"331\" height=\"238\" hspace=\"0\" \/><\/span><\/b><\/span><\/p>\n<p align=\"center\"><b> <span style=\"color: #800000; font-family: Calibri; font-size: small;\">Los patios andaluces, siguiendo las tradiciones del recogimiento religioso \u00e1rabe, adornaban sus altares con objetos de prestigio.<\/span><\/b><\/p>\n<p align=\"justify\"><b><span style=\"font-family: Calibri;\">La m\u00fasica era un elemento que no pod\u00eda faltar en esta ocasiones. No era raro escuchar algunas cancioncillas populares con letras un tanto ir\u00f3nicas aludiendo a la relaci\u00f3n de las parejas, o sencillamente, en tono desenfadado no exento de toques de humor.\u00a0 Incluso llegaban a establecerse rivalidades l\u00edricas entre los que las interpretaban, improvisando muchas veces la letra de las canciones. Era una especie de concurso trovero como los que ten\u00edan lugar entre los vecinos de las Alpujarras. En los barrios, las clases menos pudientes organizaban cruces colectivas en plazas y corralas, en las que los vecinos prestaban sus mejores ajuares para que sirvieran de adorno en los altares. Exist\u00eda gran competici\u00f3n y rivalidad entre ellos, llegando en muchas ocasiones a enfrentamientos de tal violencia, que las autoridades ten\u00edan que llegar a intervenir.<\/span><\/b><\/p>\n<p align=\"center\">\u00a0<b><span style=\"color: #0b6786; font-family: Corbel; font-size: small;\"><img data-recalc-dims=\"1\" loading=\"lazy\" decoding=\"async\" src=\"https:\/\/i0.wp.com\/www.culturandalucia.com\/GRANADA\/Cruz_catedral_de_Granada.jpg?resize=250%2C190\" alt=\"Altar de una cruz en al puerta de la Catedral de Granada\" width=\"250\" height=\"190\" longdesc=\"Altar de una cruz en al puerta de la Catedral de Granada\" border=\"0\" hspace=\"0\" \/>\u00a0 <img data-recalc-dims=\"1\" loading=\"lazy\" decoding=\"async\" src=\"https:\/\/i0.wp.com\/www.culturandalucia.com\/GRANADA\/Misa_en_el_Fargue_dia_de_la_Cruz.jpg?resize=283%2C189\" alt=\"\" width=\"283\" height=\"189\" border=\"0\" hspace=\"0\" \/><\/span><\/b><\/p>\n<p align=\"center\"><b> <span style=\"color: #800000; font-family: Calibri; font-size: small;\">Se rend\u00eda culto a la Cruz tanto en las grandes ciudades como en los peque\u00f1os pueblos y pedan\u00edas.<\/span><\/b><\/p>\n<p align=\"center\"><img data-recalc-dims=\"1\" loading=\"lazy\" decoding=\"async\" src=\"https:\/\/i0.wp.com\/www.culturandalucia.com\/GRANADA\/Granada_Fiesta_de_la_Cruz_Portada_periodico_Ideal_4_05_1935.jpg?resize=264%2C358\" alt=\"\" width=\"264\" height=\"358\" border=\"0\" \/>\u00a0\u00a0\u00a0 <img data-recalc-dims=\"1\" loading=\"lazy\" decoding=\"async\" src=\"https:\/\/i0.wp.com\/www.culturandalucia.com\/GRANADA\/Granada_Fiesta_de_la_Cruz_Portada_periodico_Ideal_5_05_193.jpg?resize=271%2C360\" alt=\"\" width=\"271\" height=\"360\" border=\"0\" \/><\/p>\n<p align=\"center\"><b> <span style=\"color: #800000; font-family: Calibri; font-size: small;\">Portadas para conmemorar el D\u00eda de la Cruz del peri\u00f3dico<i> El Ideal de Granada<\/i> de los d\u00edas 4 y 5 de mayo del a\u00f1o 1935.<\/span><\/b><\/p>\n<p align=\"justify\"><b><span style=\"font-family: Calibri;\">Las cruces se montaban en la madrugada del d\u00eda 2 de mayo; es decir, la v\u00edspera de la fiesta. Cuando estaban terminadas, se establec\u00eda la llamada <i>vela de la cruz<\/i>, en la que algunos devotos la custodiaban en oraci\u00f3n, pero tambi\u00e9n vigilando los bienes comunales que en ella\u00a0 se hab\u00edan depositado. A esas altas horas del amanecer ya se iniciaban los primeros paseos de los m\u00e1s curiosos para ver los resultados obtenidos por sus vecinos y rivales. Al d\u00eda siguiente se celebraban misas al aire libre y en el interior de las iglesias. El resto de la jornada se dedicaba a honrar a la Cruz, con cantes y bailes, comidas y oraciones. <\/span><\/b><\/p>\n<p align=\"justify\"><b><span style=\"font-family: Calibri;\">Algo que no pod\u00eda faltar en ninguna cruz es un <i>pero<\/i>, pinchado con unas tijeras. Seg\u00fan la tradici\u00f3n, con eso se da a entender a los pretend\u00edan criticar la est\u00e9tica del altar que esa opini\u00f3n o actitud\u00a0 se <i>corta<\/i> de ra\u00edz con unas buenas tijeras. Tambi\u00e9n se coloca un plato, brasero de cobre o cualquier recipiente en el que los visitantes deben depositar unas monedas (<i>chavicos<\/i>) en aquellas cruces que han llamado m\u00e1s su atenci\u00f3n. Era una especie de reconocimiento en forma de limosna, que luego era repartida entre los m\u00e1s necesitados.<\/span><\/b><\/p>\n<p align=\"justify\"><b><span style=\"font-family: Calibri;\">Igualmente resulta interesante ver como los ni\u00f1os asumieron la fiesta. Fabricaban sus peque\u00f1as cruces port\u00e1tiles que paseaban por la ciudad, recogiendo monedas que en este caso terminaban siendo cambiadas por golosinas. \u00a0Antiguamente era frecuente escuchar en patios y plazas, entre buenas tapas y manzanilla, letrillas como estas:<\/span><\/b><\/p>\n<p align=\"center\"><b><span style=\"color: #0b6786; font-family: Corbel; font-size: small;\"> <img data-recalc-dims=\"1\" loading=\"lazy\" decoding=\"async\" src=\"https:\/\/i0.wp.com\/www.culturandalucia.com\/GRANADA\/Ni%C3%B1os_con_Cruz_de_Mayo.jpg?resize=316%2C266\" alt=\"Ni\u00f1os con una cruz de mayo, pidiendo &quot;chavicos&quot;\" width=\"316\" height=\"266\" longdesc=\"Ni\u00f1os con una cruz de mayo, pidiendo &quot;chavicos&quot;\" border=\"0\" hspace=\"0\" \/> <\/span><\/b><\/p>\n<div align=\"center\">\n<table id=\"table5\" border=\"1\" width=\"32%\" cellspacing=\"0\" cellpadding=\"0\">\n<tbody>\n<tr>\n<td>\n<p align=\"justify\"><b><span style=\"font-family: Calibri;\">Salve, dulces clavos<\/span><\/b><\/p>\n<p align=\"justify\"><b><span style=\"font-family: Calibri;\">Salve, dulce le\u00f1o,<\/span><\/b><\/p>\n<p align=\"justify\"><b><span style=\"font-family: Calibri;\">\u00e1ngeles y hombres<\/span><\/b><\/p>\n<p align=\"justify\"><b><span style=\"font-family: Calibri;\">todos te adoremos <\/span><\/b><\/p>\n<p align=\"justify\"><b><span style=\"font-family: Calibri;\">con mucha alegr\u00eda<\/span><\/b><\/p>\n<p align=\"justify\"><b><span style=\"font-family: Calibri;\">mozuelas y mozuelos.<\/span><\/b><\/p>\n<p align=\"justify\"><b><span style=\"font-family: Calibri;\">A esta sant\u00edsima Cruz<\/span><\/b><\/p>\n<p align=\"justify\"><b><span style=\"font-family: Calibri;\">le venimos a cantar<\/span><\/b><\/p>\n<p align=\"justify\"><b><span style=\"font-family: Calibri;\">que no se coman las ratas<\/span><\/b><\/p>\n<p align=\"justify\"><b><span style=\"font-family: Calibri;\">las pipas del melonar.<\/span><\/b><\/p>\n<p align=\"justify\"><b><span style=\"font-family: Calibri;\">A esta sant\u00edsima Cruz<\/span><\/b><\/p>\n<p align=\"justify\"><b><span style=\"font-family: Calibri;\">le venimos a cantar<\/span><\/b><\/p>\n<p align=\"justify\"><b><span style=\"font-family: Calibri;\">que no se coman los grillos<\/span><\/b><\/p>\n<p align=\"justify\"><b><span style=\"font-family: Calibri;\">los trigos ni las <i>ceb\u00e1s.<\/i><\/span><\/b><\/p>\n<p align=\"justify\"><b><span style=\"font-family: Calibri;\">A esta sant\u00edsima Cruz<\/span><\/b><\/p>\n<p align=\"justify\"><b><span style=\"font-family: Calibri;\">le venimos a cantar<\/span><\/b><\/p>\n<p align=\"justify\"><b><span style=\"font-family: Calibri;\">que nos d\u00e9 un mont\u00f3n de trigo<\/span><\/b><\/p>\n<p align=\"justify\"><b><span style=\"font-family: Calibri;\">y otro tanto de <i>ceb\u00e1<\/i><\/span><\/b><\/p>\n<p align=\"justify\"><b><span style=\"font-family: Calibri;\">Ya est\u00e1 aqu\u00ed la Cruz de Mayo<\/span><\/b><\/p>\n<p align=\"justify\"><b><span style=\"font-family: Calibri;\">la fiesta de las mujeres<\/span><\/b><\/p>\n<p align=\"justify\"><b><span style=\"font-family: Calibri;\">la que no le salga novio<\/span><\/b><\/p>\n<p align=\"justify\"><b><span style=\"font-family: Calibri;\">que espere el a\u00f1o que viene.<\/span><\/b><\/p>\n<p>&nbsp;<\/td>\n<\/tr>\n<\/tbody>\n<\/table>\n<\/div>\n","protected":false},"excerpt":{"rendered":"<p>LOS OR\u00cdGENES \u00a0Todas las culturas, desde la m\u00e1s remota antig\u00fcedad, han celebrado la llegada de&#8230;<\/p>\n","protected":false},"author":1,"featured_media":1514,"comment_status":"closed","ping_status":"closed","sticky":false,"template":"","format":"standard","meta":{"_coblocks_attr":"","_coblocks_dimensions":"","_coblocks_responsive_height":"","_coblocks_accordion_ie_support":"","jetpack_post_was_ever_published":false,"_jetpack_newsletter_access":"","_jetpack_dont_email_post_to_subs":false,"_jetpack_newsletter_tier_id":0,"_jetpack_memberships_contains_paywalled_content":false,"_jetpack_memberships_contains_paid_content":false,"footnotes":"","jetpack_publicize_message":"","jetpack_publicize_feature_enabled":true,"jetpack_social_post_already_shared":false,"jetpack_social_options":{"image_generator_settings":{"template":"highway","default_image_id":0,"enabled":false},"version":2}},"categories":[15],"tags":[539,540],"class_list":["post-1478","post","type-post","status-publish","format-standard","has-post-thumbnail","hentry","category-ultimas-noticias","tag-cruz-de-mayo","tag-religion-fiestas"],"jetpack_publicize_connections":[],"jetpack_featured_media_url":"https:\/\/i0.wp.com\/miradordeatarfe.es\/wp-content\/uploads\/2015\/05\/Cruz.jpg?fit=2288%2C1712&ssl=1","jetpack_likes_enabled":true,"jetpack_sharing_enabled":true,"_links":{"self":[{"href":"https:\/\/miradordeatarfe.es\/index.php?rest_route=\/wp\/v2\/posts\/1478","targetHints":{"allow":["GET"]}}],"collection":[{"href":"https:\/\/miradordeatarfe.es\/index.php?rest_route=\/wp\/v2\/posts"}],"about":[{"href":"https:\/\/miradordeatarfe.es\/index.php?rest_route=\/wp\/v2\/types\/post"}],"author":[{"embeddable":true,"href":"https:\/\/miradordeatarfe.es\/index.php?rest_route=\/wp\/v2\/users\/1"}],"replies":[{"embeddable":true,"href":"https:\/\/miradordeatarfe.es\/index.php?rest_route=%2Fwp%2Fv2%2Fcomments&post=1478"}],"version-history":[{"count":2,"href":"https:\/\/miradordeatarfe.es\/index.php?rest_route=\/wp\/v2\/posts\/1478\/revisions"}],"predecessor-version":[{"id":1515,"href":"https:\/\/miradordeatarfe.es\/index.php?rest_route=\/wp\/v2\/posts\/1478\/revisions\/1515"}],"wp:featuredmedia":[{"embeddable":true,"href":"https:\/\/miradordeatarfe.es\/index.php?rest_route=\/wp\/v2\/media\/1514"}],"wp:attachment":[{"href":"https:\/\/miradordeatarfe.es\/index.php?rest_route=%2Fwp%2Fv2%2Fmedia&parent=1478"}],"wp:term":[{"taxonomy":"category","embeddable":true,"href":"https:\/\/miradordeatarfe.es\/index.php?rest_route=%2Fwp%2Fv2%2Fcategories&post=1478"},{"taxonomy":"post_tag","embeddable":true,"href":"https:\/\/miradordeatarfe.es\/index.php?rest_route=%2Fwp%2Fv2%2Ftags&post=1478"}],"curies":[{"name":"wp","href":"https:\/\/api.w.org\/{rel}","templated":true}]}}