{"id":14781,"date":"2017-03-08T07:42:34","date_gmt":"2017-03-08T06:42:34","guid":{"rendered":"http:\/\/miradordeatarfe.es\/?p=14781"},"modified":"2017-03-07T21:46:52","modified_gmt":"2017-03-07T20:46:52","slug":"la-seleccion-sueca-de-futbol-viste-mensajes-feministas","status":"publish","type":"post","link":"https:\/\/miradordeatarfe.es\/?p=14781","title":{"rendered":"La selecci\u00f3n sueca de f\u00fatbol viste mensajes feministas"},"content":{"rendered":"<p>El equipo nacional femenino intercambia sus nombres en las camisetas por tuits<!--more--><\/p>\n<p class=\"mce\">\u201cNo soy una mandona, soy la jefa\u201d. La selecci\u00f3n femenina de futbol sueca ha estrenado una nueva camiseta en la que han intercambiado sus nombres por tuits motivadores de apoyo a las mujeres. En v\u00edsperas del d\u00eda internacional de la mujer, las jugadoras se han sumado a la iniciativa #IDittNamn (\u201cen tu nombre\u201d) para inspirar a otras mujeres.<\/p>\n<p class=\"mce\">\u201cQueremos demostrar que todo es posible\u201d, dice Lotta Schelin, la capitana del equipo, quien a\u00f1ade que \u201cla camiseta es un importante s\u00edmbolo y orgullo para nosotras y creo que es incre\u00edble que a trav\u00e9s de ella podemos unirnos con otras mujeres\u201d. Schelin viste un mensaje tuiteado por la l\u00edder feminista sueca Gudrun Schyman que dice: \u201cNunca mires a alguien desde arriba a menos que la est\u00e9s ayudando a levantarse\u201d.<\/p>\n<section id=\"edi-ad-slot-intext\" class=\"md-advertisement md hspace no-adv-socios\" data-google-query-id=\"CNjjpJahxdICFcEIGQodjm4Atw\">\n<div id=\"google_ads_iframe_\/34616581\/eldiario.es\/noticia_intext_0__container__\"><iframe id=\"google_ads_iframe_\/34616581\/eldiario.es\/noticia_intext_0\" title=\"3rd party ad content\" name=\"google_ads_iframe_\/34616581\/eldiario.es\/noticia_intext_0\" width=\"1\" height=\"1\" frameborder=\"0\" marginwidth=\"0\" marginheight=\"0\" scrolling=\"no\" data-mce-fragment=\"1\"><\/iframe><\/div>\n<\/section>\n<p class=\"mce\">En las camisetas se pueden leer otros mensajes como \u201ccree en ti misma\u201d, \u00abtodos los que conoces est\u00e1n luchando una batalla de la que no sabes nada, s\u00e9 bueno siempre\u00bb o \u201cyo creo que las mujeres pueden hacer cualquier cosa que decidan hacer\u201d.<\/p>\n<div class=\"inset cf width643\">\n<figure class=\"media-holder\">\n<div class=\"mg \"><img data-recalc-dims=\"1\" loading=\"lazy\" decoding=\"async\" src=\"https:\/\/i0.wp.com\/images.eldiario.es\/fotos\/Queremos-demostrar-Lotta-Schelin-capitana_EDIIMA20170302_0309_20.jpg?resize=640%2C316\" alt=\"\u201cQueremos demostrar que todo es posible\u201d, dice Lotta Schelin, la capitana del equipo.\" width=\"640\" height=\"316\" \/><\/div><figcaption class=\"caption-inside\">\u201cQueremos demostrar que todo es posible\u201d, dice Lotta Schelin, la capitana del equipo. <span class=\"font\">FEDERACI\u00d3N SUECA<\/span><\/p>\n<\/figcaption><\/figure>\n<\/div>\n<p class=\"mce\">Esta iniciativa parte de la federaci\u00f3n sueca de f\u00fatbol y de Adidas, que quiere homenajear a las jugadoras por su gran \u00e9xito en el campo (se colgaron la medalla de plata en los Juegos Ol\u00edmpicos de R\u00edo) y por ser modelos de conducta a seguir. Niklas Bodell, director de comunicaci\u00f3n de la selecci\u00f3n sueca, asegura que esta iniciativa nace de \u201cla uni\u00f3n fuerte entre las jugadoras, los \u00e9xitos que han logrado y para inspirar a otras mujeres a ayudarse las unas a las otras\u201d.<\/p>\n<p class=\"mce\">La camiseta la est\u00e1n vistiendo en la Copa Algarve, que se est\u00e1 disputando en Portugal. A partir del 8 de marzo se podr\u00e1n adquirir en las tiendas Adidas y parte de los beneficios recaudados se destinar\u00e1n a proyectos que fomenten el deporte entre las mujeres j\u00f3venes.<\/p>\n","protected":false},"excerpt":{"rendered":"<p>El equipo nacional femenino intercambia sus nombres en las camisetas por tuits<\/p>\n","protected":false},"author":1,"featured_media":14782,"comment_status":"closed","ping_status":"closed","sticky":false,"template":"","format":"standard","meta":{"_coblocks_attr":"","_coblocks_dimensions":"","_coblocks_responsive_height":"","_coblocks_accordion_ie_support":"","jetpack_post_was_ever_published":false,"_jetpack_newsletter_access":"","_jetpack_dont_email_post_to_subs":false,"_jetpack_newsletter_tier_id":0,"_jetpack_memberships_contains_paywalled_content":false,"_jetpack_memberships_contains_paid_content":false,"footnotes":"","jetpack_publicize_message":"","jetpack_publicize_feature_enabled":true,"jetpack_social_post_already_shared":false,"jetpack_social_options":{"image_generator_settings":{"template":"highway","default_image_id":0,"enabled":false},"version":2}},"categories":[182,14,186,44,15],"tags":[3631,41,19],"class_list":["post-14781","post","type-post","status-publish","format-standard","has-post-thumbnail","hentry","category-deportes","category-feminismo","category-instituciones","category-noticias-de-hoy","category-ultimas-noticias","tag-8-marzo","tag-feminismo","tag-mujeres"],"jetpack_publicize_connections":[],"jetpack_featured_media_url":"https:\/\/i0.wp.com\/miradordeatarfe.es\/wp-content\/uploads\/2017\/03\/seleccion-decidido-vestir-mensajes-feministas_EDIIMA20170302_0292_20-1.jpg?fit=643%2C362&ssl=1","jetpack_likes_enabled":true,"jetpack_sharing_enabled":true,"_links":{"self":[{"href":"https:\/\/miradordeatarfe.es\/index.php?rest_route=\/wp\/v2\/posts\/14781","targetHints":{"allow":["GET"]}}],"collection":[{"href":"https:\/\/miradordeatarfe.es\/index.php?rest_route=\/wp\/v2\/posts"}],"about":[{"href":"https:\/\/miradordeatarfe.es\/index.php?rest_route=\/wp\/v2\/types\/post"}],"author":[{"embeddable":true,"href":"https:\/\/miradordeatarfe.es\/index.php?rest_route=\/wp\/v2\/users\/1"}],"replies":[{"embeddable":true,"href":"https:\/\/miradordeatarfe.es\/index.php?rest_route=%2Fwp%2Fv2%2Fcomments&post=14781"}],"version-history":[{"count":1,"href":"https:\/\/miradordeatarfe.es\/index.php?rest_route=\/wp\/v2\/posts\/14781\/revisions"}],"predecessor-version":[{"id":14783,"href":"https:\/\/miradordeatarfe.es\/index.php?rest_route=\/wp\/v2\/posts\/14781\/revisions\/14783"}],"wp:featuredmedia":[{"embeddable":true,"href":"https:\/\/miradordeatarfe.es\/index.php?rest_route=\/wp\/v2\/media\/14782"}],"wp:attachment":[{"href":"https:\/\/miradordeatarfe.es\/index.php?rest_route=%2Fwp%2Fv2%2Fmedia&parent=14781"}],"wp:term":[{"taxonomy":"category","embeddable":true,"href":"https:\/\/miradordeatarfe.es\/index.php?rest_route=%2Fwp%2Fv2%2Fcategories&post=14781"},{"taxonomy":"post_tag","embeddable":true,"href":"https:\/\/miradordeatarfe.es\/index.php?rest_route=%2Fwp%2Fv2%2Ftags&post=14781"}],"curies":[{"name":"wp","href":"https:\/\/api.w.org\/{rel}","templated":true}]}}