{"id":14784,"date":"2017-03-08T09:47:56","date_gmt":"2017-03-08T08:47:56","guid":{"rendered":"http:\/\/miradordeatarfe.es\/?p=14784"},"modified":"2017-03-07T21:50:16","modified_gmt":"2017-03-07T20:50:16","slug":"nos-estan-asesinando-por-almudena-grandes","status":"publish","type":"post","link":"https:\/\/miradordeatarfe.es\/?p=14784","title":{"rendered":"\u00abNOS EST\u00c1N ASESINANDO\u00bb por Almudena Grandes"},"content":{"rendered":"<p>Los cr\u00edmenes machistas son el s\u00edntoma de una enfermedad social, que se ir\u00e1 haciendo m\u00e1s peligrosa y letal si seguimos ignor\u00e1ndola<!--more--><\/p>\n<p>SCULPEN LAS molestias,<a href=\"http:\/\/elpais.com\/tag\/violencia_genero\/a\"> nos est\u00e1n asesinando<\/a>.<\/p>\n<p>Semana tras semana, mes tras mes, a\u00f1o tras a\u00f1o, caemos como moscas. Adolescentes, j\u00f3venes, maduras, ancianas, mueren mujeres de todas las edades y clases sociales. Todas conoc\u00edan a su asesino, casi todas lo hab\u00edan querido, algunas lo quer\u00edan todav\u00eda. Por eso, no s\u00f3lo las instituciones, sino tambi\u00e9n buena parte de la sociedad, lamentan sus muertes como cr\u00edmenes privados, lamentables excesos sentimentales, cat\u00e1strofes inevitables. Y no es verdad.<\/p>\n<p>Disculpen las molestias, nos est\u00e1n asesinando, gritaban los manifestantes \u2013porque all\u00ed, afortunadamente, tambi\u00e9n hab\u00eda hombres\u2013 que acudieron a la Puerta del Sol para apoyar a ocho feministas, en huelga de hambre para protestar por la insoportable cosecha de cad\u00e1veres que provoca el terrorismo machista. Ese grito, que muchas personas de orden habr\u00e1n considerado exagerado, histri\u00f3nico y, por supuesto, populista, me parece tan justo y necesario en su primera frase como en la segunda. Porque mientras otras v\u00edctimas, de grandes accidentes o atentados no menos terroristas, concitan una instant\u00e1nea unanimidad pol\u00edtica de grandes declaraciones, con promesas de cambios legislativos e incremento de los fondos destinados a prevenir tragedias futuras, parece que las mujeres muertas ensucian los telediarios, amargan los \u00edndices del crecimiento econ\u00f3mico y, a fuerza de repetirse, ocupan cada vez una posici\u00f3n m\u00e1s marginal en la actualidad.<\/p>\n<div id=\"661488918732\" class=\"aside_summary\">\n<div class=\"summary\">\n<p>PARECE QUE LAS MUJERES MUERTAS ENSUCIAN LOS TELEDIARIOS, AMARGAN LOS \u00cdNDICES DEL CRECIMIENTO ECON\u00d3MICO Y, A FUERZA DE REPETIRSE, OCUPAN CADA VEZ UNA POSICI\u00d3N M\u00c1S MARGINAL EN LA ACTUALIDAD<\/p>\n<\/div>\n<\/div>\n<p>El austericidio que represent\u00f3 el bot\u00edn del vencedor en esa guerra que perdimos creyendo que era una crisis econ\u00f3mica se ceb\u00f3 de forma extraordinaria en las pol\u00edticas de prevenci\u00f3n de los cr\u00edmenes machistas y en la red p\u00fablica de apoyo a las mujeres amenazadas. Las cifras de los recortes bastan para explicar el grado de importancia que el Gobierno de Espa\u00f1a concede a esta clase de v\u00edctimas. Pero eso es s\u00f3lo un cap\u00edtulo de una historia muy larga y muy oscura. Tanto como el argumento del c\u00f3mic que dibuj\u00f3 Luc\u00eda, una ni\u00f1a murciana de 13 a\u00f1os que se suicid\u00f3 el pasado 10 de enero. \u201cEra una ni\u00f1a muy feliz\u201d, as\u00ed empezaba su historia, hasta que \u201caparecieron unos monstruos\u201d. \u00a1Fea, tonta, gorda! Despu\u00e9s de escuchar esos gritos, Luc\u00eda se dibujo sobre una b\u00e1scula. 64 kilos, anot\u00f3, y despu\u00e9s, por encima, una voz que gritaba: \u00bfves? \u00a1gorda!<\/p>\n<p>En el instituto de Luc\u00eda consideran que no sufri\u00f3 acoso, aunque expulsaron a dos de sus compa\u00f1eros por lo que juzgaron un problema puntual. Pues bien, su suicidio tambi\u00e9n es un crimen machista. Ella, como el resto de las v\u00edctimas, sufri\u00f3 enormemente mientras las personas que la rodeaban ni siquiera eran capaces de detectar su sufrimiento. Porque, si pesaba 64 kilos, estaba gorda y, si estaba gorda, lo normal era que se lo llamaran. Cosas de ni\u00f1os, como son cosas de pareja, en las que no conviene meterse, las broncas, los gritos y los desprecios que ciertos maridos infligen en p\u00fablico a sus mujeres. Vete a saber, dice la gente, luego, lo que pase en cada casa\u2026 Hasta que lo que pasa es un cad\u00e1ver desangr\u00e1ndose encima de la alfombra. Mientras tanto, en la televisi\u00f3n, que quiz\u00e1 sigue encendida, una tertulia comenta la liposucci\u00f3n de Menganita o lo ideal que se ha quedado Fulanita despu\u00e9s de haberse quitado las bolsas, o la fabulosa elegancia de Melania Trump. Esa es la realidad que hemos fabricado, la normalidad en la que nos movemos, la herencia que legaremos a nuestros hijos y, sobre todo, a nuestras hijas.<\/p>\n<p>Cuando se sienten acorralados, los pol\u00edticos dicen que es un problema de pedagog\u00eda, que s\u00f3lo se solucionar\u00e1 con educaci\u00f3n, a largo plazo. Aparte de que la parrilla televisiva de cada d\u00eda incentiva el machismo hasta un nivel con el que dif\u00edcilmente podr\u00eda competir la mejor de las reformas educativas, ese argumento s\u00f3lo es una m\u00e1quina de echar balones fuera.<\/p>\n<p>Los cr\u00edmenes machistas son el s\u00edntoma de una enfermedad social, que se ir\u00e1 agravando, haci\u00e9ndose cada vez m\u00e1s peligrosa, m\u00e1s letal, si seguimos ignor\u00e1ndola. Que cambiar la mentalidad de una sociedad sea muy dif\u00edcil no puede justificar que no se haga absolutamente nada para intentarlo.<\/p>\n<p>Porque todos los meses mueren mujeres y de vez en cuando se suicidan ni\u00f1as de 13 a\u00f1os.<\/p>\n<p>Y no lo hacen por molestar.<\/p>\n","protected":false},"excerpt":{"rendered":"<p>Los cr\u00edmenes machistas son el s\u00edntoma de una enfermedad social, que se ir\u00e1 haciendo m\u00e1s&#8230;<\/p>\n","protected":false},"author":1,"featured_media":14785,"comment_status":"closed","ping_status":"closed","sticky":false,"template":"","format":"standard","meta":{"_coblocks_attr":"","_coblocks_dimensions":"","_coblocks_responsive_height":"","_coblocks_accordion_ie_support":"","jetpack_post_was_ever_published":false,"_jetpack_newsletter_access":"","_jetpack_dont_email_post_to_subs":false,"_jetpack_newsletter_tier_id":0,"_jetpack_memberships_contains_paywalled_content":false,"_jetpack_memberships_contains_paid_content":false,"footnotes":"","jetpack_publicize_message":"","jetpack_publicize_feature_enabled":true,"jetpack_social_post_already_shared":false,"jetpack_social_options":{"image_generator_settings":{"template":"highway","default_image_id":0,"enabled":false},"version":2}},"categories":[1161,14,44,15],"tags":[480,41,19],"class_list":["post-14784","post","type-post","status-publish","format-standard","has-post-thumbnail","hentry","category-ciudadania","category-feminismo","category-noticias-de-hoy","category-ultimas-noticias","tag-asesinatos","tag-feminismo","tag-mujeres"],"jetpack_publicize_connections":[],"jetpack_featured_media_url":"https:\/\/i0.wp.com\/miradordeatarfe.es\/wp-content\/uploads\/2017\/03\/COLUMNISTAS-REDONDOS_ALMUDENAGRANDES-440x330.png?fit=440%2C330&ssl=1","jetpack_likes_enabled":true,"jetpack_sharing_enabled":true,"_links":{"self":[{"href":"https:\/\/miradordeatarfe.es\/index.php?rest_route=\/wp\/v2\/posts\/14784","targetHints":{"allow":["GET"]}}],"collection":[{"href":"https:\/\/miradordeatarfe.es\/index.php?rest_route=\/wp\/v2\/posts"}],"about":[{"href":"https:\/\/miradordeatarfe.es\/index.php?rest_route=\/wp\/v2\/types\/post"}],"author":[{"embeddable":true,"href":"https:\/\/miradordeatarfe.es\/index.php?rest_route=\/wp\/v2\/users\/1"}],"replies":[{"embeddable":true,"href":"https:\/\/miradordeatarfe.es\/index.php?rest_route=%2Fwp%2Fv2%2Fcomments&post=14784"}],"version-history":[{"count":1,"href":"https:\/\/miradordeatarfe.es\/index.php?rest_route=\/wp\/v2\/posts\/14784\/revisions"}],"predecessor-version":[{"id":14786,"href":"https:\/\/miradordeatarfe.es\/index.php?rest_route=\/wp\/v2\/posts\/14784\/revisions\/14786"}],"wp:featuredmedia":[{"embeddable":true,"href":"https:\/\/miradordeatarfe.es\/index.php?rest_route=\/wp\/v2\/media\/14785"}],"wp:attachment":[{"href":"https:\/\/miradordeatarfe.es\/index.php?rest_route=%2Fwp%2Fv2%2Fmedia&parent=14784"}],"wp:term":[{"taxonomy":"category","embeddable":true,"href":"https:\/\/miradordeatarfe.es\/index.php?rest_route=%2Fwp%2Fv2%2Fcategories&post=14784"},{"taxonomy":"post_tag","embeddable":true,"href":"https:\/\/miradordeatarfe.es\/index.php?rest_route=%2Fwp%2Fv2%2Ftags&post=14784"}],"curies":[{"name":"wp","href":"https:\/\/api.w.org\/{rel}","templated":true}]}}