{"id":14787,"date":"2017-03-08T10:51:08","date_gmt":"2017-03-08T09:51:08","guid":{"rendered":"http:\/\/miradordeatarfe.es\/?p=14787"},"modified":"2017-03-07T21:54:01","modified_gmt":"2017-03-07T20:54:01","slug":"para-la-rae-sexo-debil-es-un-conjunto-de-mujeres","status":"publish","type":"post","link":"https:\/\/miradordeatarfe.es\/?p=14787","title":{"rendered":"Para la RAE, &#8216;sexo d\u00e9bil&#8217; es un conjunto de mujeres"},"content":{"rendered":"<p>Una joven de 18 a\u00f1os recoge firmas para que la Real Academia Espa\u00f1ola elimine la definici\u00f3n. A las puertas del 8 de marzo, D\u00eda Internacional de la Mujer, la campa\u00f1a de la joven onubense hab\u00eda reunido ya este viernes m\u00e1s de 76.000 firmas.<!--more--><\/p>\n<p><em>Sexo d\u00e9bil: conjunto de mujeres\u00bb. \u00abSexo fuerte: conjunto de hombres\u00bb<\/em>. Es la definici\u00f3n que hace la <strong>Real Academia Espa\u00f1ola<\/strong>\u00a0<strong>(RAE) <\/strong>en su diccionario.<\/p>\n<p>Y as\u00ed se expresa Sara Flores Romero, una joven onubense de 18 a\u00f1os en la plataforma change.org, donde ha impulsado una recogida de firmas para reclamar a la RAE que elimine semejante definici\u00f3n:<\/p>\n<div class=\"divdest\"><strong>\u00abEs incre\u00edble que en los tiempos que corren se sigan permitiendo estos machismos y m\u00e1s en una instituci\u00f3n tan importante como es la Real Academia Espa\u00f1ola, que dice &#8216;velar por el buen uso de la lengua espa\u00f1ola&#8217;. Creo que son definiciones que no deber\u00edan existir por el mero hecho de que seamos mujeres u hombres.<\/p>\n<p>Como mujer que soy es normal que me sienta ofendida y tambi\u00e9n pienso que es una gran ofensa para todas las mujeres y para todas las que han luchado por que hoy en d\u00eda tengamos derechos. En pleno 2017 me parece vergonzoso que todav\u00eda queden mentes tan cerradas.<\/p>\n<p>Cuantas m\u00e1s personas firmemos esta petici\u00f3n (hombres y mujeres) m\u00e1s posibilidades tendremos de que la RAE reconsidere estas definiciones y act\u00fae para eliminarlas\u00bb.<\/strong><\/div>\n<p>Su petici\u00f3n, con la etiqueta en las redes <strong><em>#Yonosoyelsexod\u00e9bil<\/em><\/strong>, hab\u00eda reunido ya este viernes 76.000 firmas. La RAE ha anunciado una revisi\u00f3n en la que pretende incluir una aclaraci\u00f3n asegurando que se trata de un \u00abuso despectivo\u00bb.<\/p>\n<p>Como ha explicado la joven a TVE, esa aclaraci\u00f3n no es suficiente. Pero la RAE, en ning\u00fan caso se plantea su retirada. Porque, seg\u00fan alega, el uso est\u00e1 documentado.<\/p>\n<p>Sara Flores Romero estudia Marketing e Investigaci\u00f3n en Mercados y Turismo en C\u00e1diz.<\/p>\n<p>&nbsp;<\/p>\n","protected":false},"excerpt":{"rendered":"<p>Una joven de 18 a\u00f1os recoge firmas para que la Real Academia Espa\u00f1ola elimine la&#8230;<\/p>\n","protected":false},"author":1,"featured_media":14788,"comment_status":"closed","ping_status":"closed","sticky":false,"template":"","format":"standard","meta":{"_coblocks_attr":"","_coblocks_dimensions":"","_coblocks_responsive_height":"","_coblocks_accordion_ie_support":"","jetpack_post_was_ever_published":false,"_jetpack_newsletter_access":"","_jetpack_dont_email_post_to_subs":false,"_jetpack_newsletter_tier_id":0,"_jetpack_memberships_contains_paywalled_content":false,"_jetpack_memberships_contains_paid_content":false,"footnotes":"","jetpack_publicize_message":"","jetpack_publicize_feature_enabled":true,"jetpack_social_post_already_shared":false,"jetpack_social_options":{"image_generator_settings":{"template":"highway","default_image_id":0,"enabled":false},"version":2}},"categories":[1161,186,44,15],"tags":[2125,3633,3632],"class_list":["post-14787","post","type-post","status-publish","format-standard","has-post-thumbnail","hentry","category-ciudadania","category-instituciones","category-noticias-de-hoy","category-ultimas-noticias","tag-rae","tag-sexo-debil","tag-vocabulario"],"jetpack_publicize_connections":[],"jetpack_featured_media_url":"https:\/\/i0.wp.com\/miradordeatarfe.es\/wp-content\/uploads\/2017\/03\/yonosoyelsexodebil_.png?fit=750%2C352&ssl=1","jetpack_likes_enabled":true,"jetpack_sharing_enabled":true,"_links":{"self":[{"href":"https:\/\/miradordeatarfe.es\/index.php?rest_route=\/wp\/v2\/posts\/14787","targetHints":{"allow":["GET"]}}],"collection":[{"href":"https:\/\/miradordeatarfe.es\/index.php?rest_route=\/wp\/v2\/posts"}],"about":[{"href":"https:\/\/miradordeatarfe.es\/index.php?rest_route=\/wp\/v2\/types\/post"}],"author":[{"embeddable":true,"href":"https:\/\/miradordeatarfe.es\/index.php?rest_route=\/wp\/v2\/users\/1"}],"replies":[{"embeddable":true,"href":"https:\/\/miradordeatarfe.es\/index.php?rest_route=%2Fwp%2Fv2%2Fcomments&post=14787"}],"version-history":[{"count":1,"href":"https:\/\/miradordeatarfe.es\/index.php?rest_route=\/wp\/v2\/posts\/14787\/revisions"}],"predecessor-version":[{"id":14789,"href":"https:\/\/miradordeatarfe.es\/index.php?rest_route=\/wp\/v2\/posts\/14787\/revisions\/14789"}],"wp:featuredmedia":[{"embeddable":true,"href":"https:\/\/miradordeatarfe.es\/index.php?rest_route=\/wp\/v2\/media\/14788"}],"wp:attachment":[{"href":"https:\/\/miradordeatarfe.es\/index.php?rest_route=%2Fwp%2Fv2%2Fmedia&parent=14787"}],"wp:term":[{"taxonomy":"category","embeddable":true,"href":"https:\/\/miradordeatarfe.es\/index.php?rest_route=%2Fwp%2Fv2%2Fcategories&post=14787"},{"taxonomy":"post_tag","embeddable":true,"href":"https:\/\/miradordeatarfe.es\/index.php?rest_route=%2Fwp%2Fv2%2Ftags&post=14787"}],"curies":[{"name":"wp","href":"https:\/\/api.w.org\/{rel}","templated":true}]}}