{"id":14790,"date":"2017-03-08T08:02:25","date_gmt":"2017-03-08T07:02:25","guid":{"rendered":"http:\/\/miradordeatarfe.es\/?p=14790"},"modified":"2017-03-07T22:05:24","modified_gmt":"2017-03-07T21:05:24","slug":"las-empresas-con-mujeres-directivas-son-mas-innovadoras-segun-un-estudio-de-la-ugr","status":"publish","type":"post","link":"https:\/\/miradordeatarfe.es\/?p=14790","title":{"rendered":"Las empresas con mujeres directivas son m\u00e1s innovadoras, seg\u00fan un estudio de la UGR"},"content":{"rendered":"<p id=\"skip-link\">Las empresas tecnol\u00f3gicas que cuentan con una cifra equilibrada de hombres y mujeres dentro de sus equipos de alta direcci\u00f3n implementan una mayor innovaci\u00f3n tanto en el producto que fabrican como en el proceso de fabricaci\u00f3n del mismo.<!--more--><\/p>\n<div id=\"container\">\n<div id=\"content\">\n<div class=\"content\">\n<div id=\"main\">\n<div class=\"item\">\n<div class=\"cols2-2\">\n<div class=\"colA\">\n<div class=\"blq-img\">\n<div class=\"txt\">\n<div class=\"pie\">FOTO: Las dos autoras de esta investigaci\u00f3n: Jenny Mar\u00eda Ruiz y Mar\u00eda del Mar Fuentes.<\/div>\n<\/div>\n<\/div>\n<div class=\"cuerpo\">\n<p>&nbsp;<\/p>\n<p>As\u00ed se desprende de una investigaci\u00f3n realizada por dos profesoras de la Universidad de Granada, pertenecientes al departamento de Organizaci\u00f3n de Empresas, que han dado a conocer este trabajo con motivo del D\u00eda Internacional de la Mujer que se celebra este 8 de marzo.<\/p>\n<p>Esta investigaci\u00f3n analiza la influencia de las capacidades directivas en los resultados de innovaci\u00f3n de pymes de base tecnol\u00f3gica, y el papel que en dicha relaci\u00f3n desempe\u00f1a la diversidad de g\u00e9nero en el equipo de alta direcci\u00f3n.<\/p>\n<p>Para llevarla a cabo, las investigadoras analizaron una muestra formada por 205 pymes tecnol\u00f3gicas espa\u00f1olas y un an\u00e1lisis de regresi\u00f3n jer\u00e1rquica (es un an\u00e1lisis estad\u00edstico para estimar las relaciones entre las variables estudiadas). Los resultados confirman que las capacidades directivas afectan positivamente tanto a la innovaci\u00f3n de producto como de proceso.<\/p>\n<p>Adem\u00e1s, \u201cla diversidad de g\u00e9nero en el equipo de alta direcci\u00f3n modera positivamente esta relaci\u00f3n, de modo que la influencia de las capacidades directivas sobre la innovaci\u00f3n de producto y proceso, respectivamente, es mayor cuando hay equipos directivos con una composici\u00f3n m\u00e1s equilibrada de hombres y mujeres\u201d, explica Jenny Mar\u00eda Ruiz Jim\u00e9nez, una de las autoras del trabajo.<\/p>\n<p>Esta investigaci\u00f3n contribuye a una mejor comprensi\u00f3n de los factores que explican c\u00f3mo las capacidades directivas se traducen en mayores logros organizativos y justifica la necesidad de analizar de manera m\u00e1s extensa el papel de los equipos de alta direcci\u00f3n y su composici\u00f3n, sobre todo en el contexto de las pymes tecnol\u00f3gicas.<\/p>\n<p>Adicionalmente, aborda una cuesti\u00f3n de total actualidad como es el papel que desempe\u00f1a la mujer en la alta direcci\u00f3n de las empresas.<\/p>\n<p>\u201cAunque las mujeres han ido paulatinamente asumiendo un mayor liderazgo en los \u00e1mbitos pol\u00edticos y sociales, en el \u00e1mbito empresarial siguen ocupando posiciones minoritarias y secundarias, y de forma m\u00e1s acusada, en los sectores tecnol\u00f3gicos\u201d, apunta Mar\u00eda del Mar Fuentes Fuentes, catedr\u00e1tica de Organizaci\u00f3n de Empresas de la Universidad de Granada.<\/p>\n<p>Este estudio contribuye a aportar nuevas evidencias sobre los todav\u00eda escasos trabajos que han analizado el efecto de la diversidad de g\u00e9nero de los equipos de alta direcci\u00f3n en la innovaci\u00f3n y la inexistente investigaci\u00f3n en el \u00e1mbito particular de las pymes tecnol\u00f3gicas.<\/p>\n<\/div>\n<\/div>\n<\/div>\n<\/div>\n<\/div>\n<\/div>\n<\/div>\n<\/div>\n","protected":false},"excerpt":{"rendered":"<p>Las empresas tecnol\u00f3gicas que cuentan con una cifra equilibrada de hombres y mujeres dentro de&#8230;<\/p>\n","protected":false},"author":1,"featured_media":14791,"comment_status":"closed","ping_status":"closed","sticky":false,"template":"","format":"standard","meta":{"_coblocks_attr":"","_coblocks_dimensions":"","_coblocks_responsive_height":"","_coblocks_accordion_ie_support":"","jetpack_post_was_ever_published":false,"_jetpack_newsletter_access":"","_jetpack_dont_email_post_to_subs":false,"_jetpack_newsletter_tier_id":0,"_jetpack_memberships_contains_paywalled_content":false,"_jetpack_memberships_contains_paid_content":false,"footnotes":"","jetpack_publicize_message":"","jetpack_publicize_feature_enabled":true,"jetpack_social_post_already_shared":false,"jetpack_social_options":{"image_generator_settings":{"template":"highway","default_image_id":0,"enabled":false},"version":2}},"categories":[1161,186,44,15],"tags":[3634,561,19],"class_list":["post-14790","post","type-post","status-publish","format-standard","has-post-thumbnail","hentry","category-ciudadania","category-instituciones","category-noticias-de-hoy","category-ultimas-noticias","tag-direccion","tag-empresas","tag-mujeres"],"jetpack_publicize_connections":[],"jetpack_featured_media_url":"https:\/\/i0.wp.com\/miradordeatarfe.es\/wp-content\/uploads\/2017\/03\/ugr_mujeres_directivas.jpg?fit=598%2C448&ssl=1","jetpack_likes_enabled":true,"jetpack_sharing_enabled":true,"_links":{"self":[{"href":"https:\/\/miradordeatarfe.es\/index.php?rest_route=\/wp\/v2\/posts\/14790","targetHints":{"allow":["GET"]}}],"collection":[{"href":"https:\/\/miradordeatarfe.es\/index.php?rest_route=\/wp\/v2\/posts"}],"about":[{"href":"https:\/\/miradordeatarfe.es\/index.php?rest_route=\/wp\/v2\/types\/post"}],"author":[{"embeddable":true,"href":"https:\/\/miradordeatarfe.es\/index.php?rest_route=\/wp\/v2\/users\/1"}],"replies":[{"embeddable":true,"href":"https:\/\/miradordeatarfe.es\/index.php?rest_route=%2Fwp%2Fv2%2Fcomments&post=14790"}],"version-history":[{"count":1,"href":"https:\/\/miradordeatarfe.es\/index.php?rest_route=\/wp\/v2\/posts\/14790\/revisions"}],"predecessor-version":[{"id":14793,"href":"https:\/\/miradordeatarfe.es\/index.php?rest_route=\/wp\/v2\/posts\/14790\/revisions\/14793"}],"wp:featuredmedia":[{"embeddable":true,"href":"https:\/\/miradordeatarfe.es\/index.php?rest_route=\/wp\/v2\/media\/14791"}],"wp:attachment":[{"href":"https:\/\/miradordeatarfe.es\/index.php?rest_route=%2Fwp%2Fv2%2Fmedia&parent=14790"}],"wp:term":[{"taxonomy":"category","embeddable":true,"href":"https:\/\/miradordeatarfe.es\/index.php?rest_route=%2Fwp%2Fv2%2Fcategories&post=14790"},{"taxonomy":"post_tag","embeddable":true,"href":"https:\/\/miradordeatarfe.es\/index.php?rest_route=%2Fwp%2Fv2%2Ftags&post=14790"}],"curies":[{"name":"wp","href":"https:\/\/api.w.org\/{rel}","templated":true}]}}