{"id":14810,"date":"2017-03-12T10:55:10","date_gmt":"2017-03-12T09:55:10","guid":{"rendered":"http:\/\/miradordeatarfe.es\/?p=14810"},"modified":"2017-03-12T11:36:03","modified_gmt":"2017-03-12T10:36:03","slug":"estos-son-los-10-anos-mas-importantes-de-su-vida","status":"publish","type":"post","link":"https:\/\/miradordeatarfe.es\/?p=14810","title":{"rendered":"Estos son los 10 a\u00f1os m\u00e1s importantes de su vida"},"content":{"rendered":"<p class=\"articulo-subtitulo\" style=\"text-align: justify;\">Te\u00f3ricos internacionales se\u00f1alan que de los 18 a los 28 se toman las decisiones que determinan el futuro. \u00bfEs eso acorde con la realidad de nuestro pa\u00eds?<!--more--><\/p>\n<p style=\"text-align: justify;\">Si existiera una franja de 10 a\u00f1os realmente determinante en nuestra vida, \u00bfcu\u00e1l ser\u00eda? Soci\u00f3logos y psic\u00f3logos llevan a\u00f1os filosofando sobre el momento clave en el que se deber\u00eda abandonar el <em>s\u00edndrome de Peter Pan<\/em> y tomar decisiones que marcar\u00e1n los siguientes a\u00f1os<iframe id=\"google_ads_iframe_\/7811748\/elpais_buenavida_web\/noticias_0\" title=\"3rd party ad content\" name=\"google_ads_iframe_\/7811748\/elpais_buenavida_web\/noticias_0\" width=\"1\" height=\"1\" frameborder=\"0\" marginwidth=\"0\" marginheight=\"0\" scrolling=\"no\" data-integralas-id-9424c9f6-ddf3-463e-df61-4eadf42c6def=\"\" data-mce-fragment=\"1\"><\/iframe><\/p>\n<div id=\"elpais_gpt-INTEXT\" style=\"text-align: justify;\" data-google-query-id=\"CPW-4_yUx9ICFZMB0wodA04K4Q\"><\/div>\n<p style=\"text-align: justify;\">En el libro <a href=\"https:\/\/books.google.es\/books?id=Gi-CDQAAQBAJ&amp;pg=PT28&amp;lpg=PT28&amp;dq=La+d%8Ecada+decisiva.+Por+qu%8E+son+importantes+de+los+veinte+a+los+treinta+a%96os+y+c%97mo+sacarles+el+m%87ximo+partido&amp;source=bl&amp;ots=cH4Z-V7GE3&amp;sig=U_j7CnJ6D2QaXFD1XdZssc6GqV8&amp;hl=es&amp;sa=X&amp;ved=0ahUKEwjj4tynqKzSAhUGQBQKHeBsAM4Q6AEINjAF#v=onepage&amp;q&amp;f=false\"><em>La<\/em><\/a> <a href=\"https:\/\/books.google.es\/books?id=Gi-CDQAAQBAJ&amp;pg=PT28&amp;lpg=PT28&amp;dq=La+d%8Ecada+decisiva.+Por+qu%8E+son+importantes+de+los+veinte+a+los+treinta+a%96os+y+c%97mo+sacarles+el+m%87ximo+partido&amp;source=bl&amp;ots=cH4Z-V7GE3&amp;sig=U_j7CnJ6D2QaXFD1XdZssc6GqV8&amp;hl=es&amp;sa=X&amp;ved=0ahUKEwjj4tynqKzSAhUGQBQKHeBsAM4Q6AEINjAF#v=onepage&amp;q&amp;f=false\" target=\"_blank\"><em>d\u00e9cada decisiva. Por qu\u00e9 son importantes de los veinte a los treinta a\u00f1os y c\u00f3mo sacarles el m\u00e1ximo partido<\/em><\/a> (Asertos, 2016), la psic\u00f3loga cl\u00ednica Meg Jay plantea la teor\u00eda de que los veintea\u00f1eros son seres \u201cconfundidos y desorientados\u201d, que no saben que de los 20 a los 30 a\u00f1os, supuestamente, se deber\u00eda encauzar la vida para que esta sea satisfactoria.<\/p>\n<div id=\"inread1\" style=\"text-align: justify;\" data-inread-tag=\"https:\/\/pubads.g.doubleclick.net\/gampad\/ads?sz=640x480|640x380&amp;iu=\/7811748\/elpais_buenavida_web\/player_intext\/html5&amp;impl=s&amp;cust_params=CxSegments%3D%26pbskey%3Ddesempleo_a%2cjuventud_a%2cpsicologia_a%2cempleo_a%2cbienestar_a%2cestilo_vida_a%2ctrabajo_a%2csociedad_a%2c1488279854_225338%2cpbs1&amp;gdfp_req=1&amp;env=vp&amp;output=vast&amp;unviewed_position_start=1&amp;url=[referrer_url]&amp;description_url=[description_url]&amp;correlator=900194\" data-inread-width=\"640\" data-inread-height=\"360\" data-inread-transition-time=\"1\" data-inread-preload=\"false\" data-inread-debug=\"false\">\u00a0Conseguir un trabajo y una casa, elegir a la pareja perfecta y tener hijos deber\u00edan ser, seg\u00fan Jay, las preocupaciones de los <em>millennials<\/em> y la Generaci\u00f3n Z (nacidos entre 1995 y 2000). En sus <a href=\"https:\/\/www.youtube.com\/watch?v=vhhgI4tSMwc\" target=\"_blank\">charlas TED,<\/a> la autora defiende que \u201ccuando se dejan muchas decisiones para los 30 se sufre una gran presi\u00f3n para empezar una carrera, elegir una ciudad, elegir una pareja y tener dos o tres hijos en muy poco tiempo. Algunas investigaciones se\u00f1alan que es mucho m\u00e1s dif\u00edcil hacerlo todo a la vez a los 30\u201d. No solo eso; la psic\u00f3loga advierte que \u201cel 80% de los momentos decisivos tienen lugar antes de los 30 o 35 a\u00f1os, por lo que nos vemos obligados a enmendar las decisiones que tomamos con 20 a\u00f1os o a aceptarlas\u201d. Es decir, si tienes entre 30 y 35 a\u00f1os y no has tomado las decisiones correctas, seg\u00fan esta <em>coach<\/em>, vas por mal camino.<\/div>\n<p style=\"text-align: justify;\">En la misma l\u00ednea se posiciona <a href=\"https:\/\/www.psychologytoday.com\/blog\/the-prime-life\/201504\/what-are-the-most-important-10-years-your-life?utm_source=FacebookPost&amp;utm_medium=FBPost&amp;utm_campaign=FBPost\" target=\"_blank\">Steven Mintz<\/a>, profesor de Historia en la Universidad de Texas (EE UU) y director del Instituto de Aprendizaje Transformacional. Su teor\u00eda considera que de los 18 a los 28 a\u00f1os, concretamente, los errores tienen consecuencias determinantes en las siguientes d\u00e9cadas. En su libro <a href=\"http:\/\/www.hup.harvard.edu\/catalog.php?isbn=9780674047679\" target=\"_blank\"><em>The prime of life. A history of modern adulthood<\/em><\/a>(<em>Lo principal de la vida. Una historia de la vida adulta moderna)<\/em> se\u00f1ala que quien se queda a vivir en casa de sus padres es debido a cierta comodidad que retrasa cualquier responsabilidad. Y los que no tienen familia en la que apoyarse est\u00e1n condenados a trabajos precarios y relaciones inestables.<\/p>\n<h3 style=\"text-align: justify;\">J\u00f3venes a la espera<\/h3>\n<p style=\"text-align: justify;\">M\u00e1s all\u00e1 de las teor\u00edas \u201c<em>yes, you can<\/em>\u201d lanzadas desde un despacho, \u00bfqu\u00e9 hay de cierto en esta corriente determinista que azuza a los j\u00f3venes para que se responsabilicen de sus vidas a los 20 a\u00f1os? \u00bfEs realista este planteamiento en el contexto de crisis socioecon\u00f3mica del mundo occidental?<\/p>\n<p style=\"text-align: justify;\">Un <a href=\"http:\/\/econtent.hogrefe.com\/doi\/abs\/10.1027\/1015-5759\/a000115\" target=\"_blank\">estudio piloto<\/a> elaborado en 2013 por el <a href=\"http:\/\/psico.fcep.urv.cat\/cramc\/es\/es_index.html\" target=\"_blank\">Centro de Investigaci\u00f3n en Evaluaci\u00f3n y Medida de la Conducta<\/a> (Cramc) de la Universitat Rovira i Virgili (URV), en Tarragona, propon\u00eda el test PSYMAS (Psychological Maturity Assessment Scale) para conocer la madurez psicol\u00f3gica de los j\u00f3venes, influida por el desarrollo cerebral, el entorno y las experiencias vividas. Las conclusiones de su estudio es que los j\u00f3venes espa\u00f1oles no mostraban rasgos de madurez hasta los 27 a\u00f1os, pero tiene una explicaci\u00f3n.<\/p>\n<section id=\"sumario_2|html\" class=\"sumario_html izquierda\"><a name=\"sumario_2\"><\/a><\/p>\n<div class=\"sumario__interior\">\n<div class=\"sumario-texto\">\n<p class=\"texto_grande\">\u201cEn la juventud se supone que decidimos c\u00f3mo ser\u00e1 la etapa adulta. Pero \u00bfqu\u00e9 define realmente el paso de joven a adulto? Que te puedas emancipar\u00bb (Guillermo Fouce, psic\u00f3logo social)<\/p>\n<\/div>\n<\/div>\n<\/section>\n<p style=\"text-align: justify;\">\u201cEl fen\u00f3meno que posiblemente se da en Espa\u00f1a y que estamos intentando analizar ahora con un nuevo estudio en marcha \u2014que pasar\u00e1 el test PSYMAS a una muestra m\u00e1s amplia de j\u00f3venes universitarios y estudiantes de FP, que trabajan o no trabajan, para buscar cu\u00e1l es el punto de inflexi\u00f3n de la madurez\u2014 es la <em>identidad en moratoria<\/em> o <em>identidad en espera\u201d,<\/em> describe F\u00e0bia Morales, directora de la investigaci\u00f3n. \u201cEs decir, encontramos j\u00f3venes que te\u00f3ricamente ya tienen conocimientos sobre s\u00ed mismos, pero no viven de acuerdo a esa identidad porque al seguir viviendo con sus padres no pueden desarrollarla. Parece que se comportan de forma m\u00e1s inmadura de lo que realmente son porque no pueden vivir de acuerdo a su forma de ser. Y cuando consiguen salir del hogar familiar maduran muy r\u00e1pidamente. Lo que subyace a todo esto es un motivo econ\u00f3mico. Con trabajos precarios y sin estabilidad laboral no pueden independizarse ni desarrollarse en la veintena\u201d.<\/p>\n<p style=\"text-align: justify;\">Esta supuesta par\u00e1lisis no es algo exclusivo de los <em>millennials<\/em> espa\u00f1oles, de los que un 61% a\u00fan vive con sus padres y el 80% solo se plantea un alquiler, seg\u00fan un reciente informe de la consultora inmobiliaria CBRE. En otros pa\u00edses, la situaci\u00f3n tampoco es mucho mejor. Los investigadores del Pew Research Center advierten que el 36,4% de mujeres y el 42,8% de hombres estadounidenses de entre 18 y 34 a\u00f1os viven a\u00fan con sus padres, volviendo a niveles de los a\u00f1os 40. Esta <em>generaci\u00f3n<\/em> <em>boomerang<\/em> tampoco tiene viviendas en propiedad ni hijos. En Italia existe incluso un t\u00e9rmino despectivo, <em>mammoni<\/em>, para describir a los j\u00f3venes que siguen viviendo en la casa familiar (uno de cada tres, seg\u00fan un estudio de la organizaci\u00f3n Coldiretti, que se\u00f1ala tambi\u00e9n al <a href=\"http:\/\/www.coldiretti.it\/News\/Pagine\/360---21-Maggio-2013.aspx\">43% de j\u00f3venes entre 25 y 34 a\u00f1os que dependen<\/a> <a href=\"http:\/\/www.coldiretti.it\/News\/Pagine\/360---21-Maggio-2013.aspx\" target=\"_blank\">econ\u00f3micamente<\/a> <a href=\"http:\/\/www.coldiretti.it\/News\/Pagine\/360---21-Maggio-2013.aspx\">de sus<\/a><a href=\"http:\/\/www.coldiretti.it\/News\/Pagine\/360---21-Maggio-2013.aspx\">padres<\/a>). En Jap\u00f3n los definen como \u201csolteros par\u00e1sitos\u201d. Lo que todos estos juicios no consideran es que muchos <em>millennials<\/em>y <em>centennials<\/em> no han podido elegir.<\/p>\n<p style=\"text-align: justify;\">\u201cEn la juventud (que se define de dos formas, biol\u00f3gica o subjetiva), se supone que decidimos c\u00f3mo ser\u00e1 la etapa adulta: qu\u00e9 profesi\u00f3n, qu\u00e9 estilo de vida, qu\u00e9 pareja queremos. Pero \u00bfqu\u00e9 define realmente el paso de joven a adulto? Que te puedas emancipar. Y hoy tenemos un bloqueo del plan de emancipaci\u00f3n social. Encontramos modelos que se est\u00e1n extendiendo desde Centro Europa: tienes una habitaci\u00f3n en casa de tus padres y eso es lo m\u00e1ximo a lo que puedes aspirar. Vas saltando de trabajo en precario a trabajo en precario, muchas veces ni siquiera relacionados con la profesi\u00f3n que hab\u00edas elegido. Con un 60% de paro juvenil en Espa\u00f1a, \u00bfc\u00f3mo no se va a alargar la toma de decisiones hasta los 30 a\u00f1os o m\u00e1s?\u201d, describe Guillermo Fouce, doctor especializado en Psicolog\u00eda Social y profesor de la Universidad Complutense de Madrid. En su opini\u00f3n, para muchos de ellos esa d\u00e9cada crucial nunca llegar\u00e1: \u201cPuede que ni siquiera suceda un cambio, que se mantengan permanentemente en trabajos que no garanticen la inserci\u00f3n y la identidad. Son individualistas, hedonistas, competitivos, viven al d\u00eda porque se han adaptado, porque la sociedad les obliga a ser as\u00ed\u201d.<\/p>\n<p style=\"text-align: justify;\">\u00bfCu\u00e1l es la d\u00e9cada decisiva? Aquella en la que los j\u00f3venes recuperen las riendas de su vida, sustra\u00eddas por el sistema econ\u00f3mico y pol\u00edtico. Seg\u00fan el soci\u00f3logo y polit\u00f3logo Juan Mar\u00eda Gonz\u00e1lez-Anleo, profesor del ESIC, lo que falta a los <em>millennials<\/em> es una \u201cconciencia de generaci\u00f3n\u201d porque el individualismo no les permite organizarse y reclamar un cambio. \u201cConf\u00edo en que antes o despu\u00e9s suceda un <em>crack<\/em>, como un hueso que sufre una presi\u00f3n y no pasa nada hasta que rompe. Si realmente sucediese esa fractura, si tomasen conciencia de s\u00ed mismos como grupo al que se est\u00e1 poniendo las cosas muy dif\u00edciles, entonces podr\u00eda suceder un cambio\u201d. Habr\u00e1 que ver que si esta ruptura en el hueso de los j\u00f3venes sucede antes de que sea demasiado tarde.<\/p>\n<section id=\"sumario_1|despiece\" class=\"sumario_despiece centro\"><a name=\"sumario_1\"><\/a><\/p>\n<div class=\"sumario__interior\">\n<header class=\"sumario-encabezado\">\n<h4 class=\"sumario-titulo\"><span class=\"sin_enlace\">C\u00d3MO ESE RETRASO EN LA TOMA DE DECISIONES AFECTA A LOS DEM\u00c1S<\/span><\/h4>\n<\/header>\n<div class=\"sumario-texto\">\n<p style=\"text-align: justify;\">El peligro de no poder tomar decisiones a los 20 a\u00f1os ya no es solo que las siguientes d\u00e9cadas vendr\u00e1n determinadas por este inmovilismo. Es que ni siquiera el sistema econ\u00f3mico lo podr\u00e1 soportar. El modelo universitario actual, con grados de cuatro a\u00f1os m\u00e1s dos de m\u00e1ster, nos lleva a j\u00f3venes sin experiencia laboral con 28 a\u00f1os que no consiguen acceder a un empleo. Por si se nos ha olvidado: de ellos depende el desarrollo econ\u00f3mico y las pensiones.<\/p>\n<p style=\"text-align: justify;\">\u201cEl adjetivo <i>antiecon\u00f3mico<\/i> para describir a los <i>millennials<\/i>, citando a un pol\u00edtico, se basa en que estos j\u00f3venes no mantendr\u00e1n el ritmo de crecimiento. Por un lado, este ritmo es insostenible, y por ello las soluciones tipo econom\u00eda colaborativa ofrecen las \u00fanicas alternativas posibles para aunar ambos aspectos: unas generaciones no interesadas en la compra y adquisici\u00f3n, y un sistema que puede permitir un desarrollo econ\u00f3mico, aunque rompiendo gran parte de las reglas del juego\u201d, afirma <a href=\"http:\/\/www.esade.edu\/web\/eng\/about-esade\/today\/esade-opinion\/viewelement\/304496\/1\/de-millennials-y-mammonis\" target=\"_blank\">Gerard Costa<\/a>, profesor de ESADE. Y a\u00f1ade: \u201cLa decisi\u00f3n es muy compleja porque el estado actual sufre con ello. \u00bfC\u00f3mo nos planteamos los impuestos, las tasas, por no hablar de las jubilaciones, y en definitiva el Estado del Bienestar? El sue\u00f1o de los <i>boomers<\/i> [nacidos en el <i>baby boom<\/i> de los a\u00f1os 40 y 60] era un sueldo, una casa, un autom\u00f3vil y una jubilaci\u00f3n, y eso lo compraban en parte con el voto. Ahora los sue\u00f1os son distintos: no funcionar\u00e1 si les tildamos de <i>antiecon\u00f3micos<\/i> porque esta no es su econom\u00eda\u201d.<\/p>\n<p style=\"text-align: justify;\">Si no tienen opciones para elegir su vida a los 20 a\u00f1os, \u00bfsignifica eso que son adolescentes tard\u00edos hasta los 30, como critican los te\u00f3ricos norteamericanos? Para el soci\u00f3logo y polit\u00f3logo Juan Mar\u00eda Gonz\u00e1lez-Anleo, profesor del ESIC, la \u201csociolog\u00eda de sal\u00f3n\u201d que traduce estos informes extranjeros no tiene en cuenta la realidad espa\u00f1ola. Y esta realidad es desoladora, como desarrolla en su libro <i><a href=\"https:\/\/www.amazon.es\/Generaci%97n-Selfie-Actualidad-Gonz%87lez-Anleo-S%87nchez\/dp\/842882813X\" target=\"_blank\">Generaci\u00f3n selfie<\/a> (<\/i>Editorial SM, 2015). \u201cEn los pa\u00edses n\u00f3rdicos se favorece la independencia de sus j\u00f3venes con presupuestos concretos y subvenciones, algo que en Espa\u00f1a no sucede porque la sociedad les ha abandonado. Esto provoca un <i>enroque<\/i> de los j\u00f3venes en sus <i>guaridas<\/i>: la familia, los amigos, el ocio nocturno. No empiezan a integrarse econ\u00f3micamente hasta los 30 a\u00f1os y eso les hace estar desconectados de la sociedad\u201d, afirma Gonz\u00e1lez-Anleo.<\/p>\n<\/div>\n<\/div>\n<\/section>\n","protected":false},"excerpt":{"rendered":"<p>Te\u00f3ricos internacionales se\u00f1alan que de los 18 a los 28 se toman las decisiones que&#8230;<\/p>\n","protected":false},"author":1,"featured_media":14861,"comment_status":"closed","ping_status":"closed","sticky":false,"template":"","format":"standard","meta":{"_coblocks_attr":"","_coblocks_dimensions":"","_coblocks_responsive_height":"","_coblocks_accordion_ie_support":"","jetpack_post_was_ever_published":false,"_jetpack_newsletter_access":"","_jetpack_dont_email_post_to_subs":false,"_jetpack_newsletter_tier_id":0,"_jetpack_memberships_contains_paywalled_content":false,"_jetpack_memberships_contains_paid_content":false,"footnotes":"","jetpack_publicize_message":"","jetpack_publicize_feature_enabled":true,"jetpack_social_post_already_shared":false,"jetpack_social_options":{"image_generator_settings":{"template":"highway","default_image_id":0,"enabled":false},"version":2}},"categories":[1161,9,44,15],"tags":[3636,27,390],"class_list":["post-14810","post","type-post","status-publish","format-standard","has-post-thumbnail","hentry","category-ciudadania","category-medio-ambiente","category-noticias-de-hoy","category-ultimas-noticias","tag-decisiones","tag-educacion","tag-juventud"],"jetpack_publicize_connections":[],"jetpack_featured_media_url":"https:\/\/i0.wp.com\/miradordeatarfe.es\/wp-content\/uploads\/2017\/03\/descarga-1.jpeg?fit=262%2C192&ssl=1","jetpack_likes_enabled":true,"jetpack_sharing_enabled":true,"_links":{"self":[{"href":"https:\/\/miradordeatarfe.es\/index.php?rest_route=\/wp\/v2\/posts\/14810","targetHints":{"allow":["GET"]}}],"collection":[{"href":"https:\/\/miradordeatarfe.es\/index.php?rest_route=\/wp\/v2\/posts"}],"about":[{"href":"https:\/\/miradordeatarfe.es\/index.php?rest_route=\/wp\/v2\/types\/post"}],"author":[{"embeddable":true,"href":"https:\/\/miradordeatarfe.es\/index.php?rest_route=\/wp\/v2\/users\/1"}],"replies":[{"embeddable":true,"href":"https:\/\/miradordeatarfe.es\/index.php?rest_route=%2Fwp%2Fv2%2Fcomments&post=14810"}],"version-history":[{"count":1,"href":"https:\/\/miradordeatarfe.es\/index.php?rest_route=\/wp\/v2\/posts\/14810\/revisions"}],"predecessor-version":[{"id":14811,"href":"https:\/\/miradordeatarfe.es\/index.php?rest_route=\/wp\/v2\/posts\/14810\/revisions\/14811"}],"wp:featuredmedia":[{"embeddable":true,"href":"https:\/\/miradordeatarfe.es\/index.php?rest_route=\/wp\/v2\/media\/14861"}],"wp:attachment":[{"href":"https:\/\/miradordeatarfe.es\/index.php?rest_route=%2Fwp%2Fv2%2Fmedia&parent=14810"}],"wp:term":[{"taxonomy":"category","embeddable":true,"href":"https:\/\/miradordeatarfe.es\/index.php?rest_route=%2Fwp%2Fv2%2Fcategories&post=14810"},{"taxonomy":"post_tag","embeddable":true,"href":"https:\/\/miradordeatarfe.es\/index.php?rest_route=%2Fwp%2Fv2%2Ftags&post=14810"}],"curies":[{"name":"wp","href":"https:\/\/api.w.org\/{rel}","templated":true}]}}