{"id":14821,"date":"2017-03-09T09:39:04","date_gmt":"2017-03-09T08:39:04","guid":{"rendered":"http:\/\/miradordeatarfe.es\/?p=14821"},"modified":"2017-03-09T09:39:04","modified_gmt":"2017-03-09T08:39:04","slug":"el-ayuntamiento-busca-locales-para-albergar-servicios-basicos","status":"publish","type":"post","link":"https:\/\/miradordeatarfe.es\/?p=14821","title":{"rendered":"El Ayuntamiento busca locales para albergar servicios b\u00e1sicos"},"content":{"rendered":"<p><span class=\"contenidos_subtitulo\">A concurso p\u00fablico el arrendamiento de cuatro inmuebles para albergar el Centro Ocupacional, la sede de la Polic\u00eda, un centro c\u00edvico en Santa Amalia y los Servicios Sociales.\u00a0 <\/span><br \/>\n<!--more--><\/p>\n<p>El Ayuntamiento de Atarfe busca locales para albergar servicios b\u00e1sicos que ofrece a los ciudadanos ante la falta de espacio y la necesidad de reformas que se quieren poner en marcha de forma inmediata en distintas dependencias municipales.<\/p>\n<p>Para ello ha sacado a concurso p\u00fablico el arrendamiento de cuatro inmuebles que albergar\u00e1n el <strong>Centro Municipal Ocupacional<\/strong> mientras dure la reforma que se quiere hacer en las dependencias actuales de la calle Escuela; <strong>la sede de la Polic\u00eda Local<\/strong>, ante la inminente obra de accesibilidad para la instalaci\u00f3n de un ascensor en el Consistorio; <strong>un centro c\u00edvico en el barrio de Santa Amalia<\/strong>, que servir\u00e1 tambi\u00e9n para organizar actividades dirigidas a ni\u00f1os y adolescentes; y las <strong>dependencias del \u00e1rea de los Servicios Sociales<\/strong>, cuyo actual emplazamiento se ha quedado peque\u00f1o.<\/p>\n<p>En la sede electr\u00f3nica del Ayuntamiento <strong>se han publicado los pliegos de cl\u00e1usulas administrativas para formalizar el contrato de arrendamiento de los cuatro inmuebles, as\u00ed como las prescripciones t\u00e9cnicas o condiciones que deben reunir los locales<\/strong>.<\/p>\n<p>Los propietarios de los inmuebles pueden <a href=\"http:\/\/atarfe.sedelectronica.es\/?x=KImyFFLJvOu9pagh2DchJQ\" target=\"_blank\"><strong>descargar o consultar toda la informaci\u00f3n en el siguiente enlace<\/strong>.<\/a> El plazo de presentaci\u00f3n de propuestas finaliza el d\u00eda 16 de marzo de 2017.<\/p>\n<p>&nbsp;<\/p>\n<div align=\"right\"><a href=\"http:\/\/www.ciudadatarfe.com\/index.php\"><img data-recalc-dims=\"1\" decoding=\"async\" src=\"https:\/\/i0.wp.com\/www.ciudadatarfe.com\/imagenes\/boton_volver.gif?w=640\" alt=\"Volver al Listado\" align=\"absmiddle\" border=\"0\" \/><\/a><\/div>\n","protected":false},"excerpt":{"rendered":"<p>A concurso p\u00fablico el arrendamiento de cuatro inmuebles para albergar el Centro Ocupacional, la sede&#8230;<\/p>\n","protected":false},"author":1,"featured_media":14822,"comment_status":"closed","ping_status":"closed","sticky":false,"template":"","format":"standard","meta":{"_coblocks_attr":"","_coblocks_dimensions":"","_coblocks_responsive_height":"","_coblocks_accordion_ie_support":"","jetpack_post_was_ever_published":false,"_jetpack_newsletter_access":"","_jetpack_dont_email_post_to_subs":false,"_jetpack_newsletter_tier_id":0,"_jetpack_memberships_contains_paywalled_content":false,"_jetpack_memberships_contains_paid_content":false,"footnotes":"","jetpack_publicize_message":"","jetpack_publicize_feature_enabled":true,"jetpack_social_post_already_shared":false,"jetpack_social_options":{"image_generator_settings":{"template":"highway","default_image_id":0,"enabled":false},"version":2}},"categories":[2,1161,186,44,15],"tags":[81,864],"class_list":["post-14821","post","type-post","status-publish","format-standard","has-post-thumbnail","hentry","category-atarfe","category-ciudadania","category-instituciones","category-noticias-de-hoy","category-ultimas-noticias","tag-atarfe","tag-ayuntamiento"],"jetpack_publicize_connections":[],"jetpack_featured_media_url":"https:\/\/i0.wp.com\/miradordeatarfe.es\/wp-content\/uploads\/2017\/03\/se-alquila_local.jpg?fit=460%2C309&ssl=1","jetpack_likes_enabled":true,"jetpack_sharing_enabled":true,"_links":{"self":[{"href":"https:\/\/miradordeatarfe.es\/index.php?rest_route=\/wp\/v2\/posts\/14821","targetHints":{"allow":["GET"]}}],"collection":[{"href":"https:\/\/miradordeatarfe.es\/index.php?rest_route=\/wp\/v2\/posts"}],"about":[{"href":"https:\/\/miradordeatarfe.es\/index.php?rest_route=\/wp\/v2\/types\/post"}],"author":[{"embeddable":true,"href":"https:\/\/miradordeatarfe.es\/index.php?rest_route=\/wp\/v2\/users\/1"}],"replies":[{"embeddable":true,"href":"https:\/\/miradordeatarfe.es\/index.php?rest_route=%2Fwp%2Fv2%2Fcomments&post=14821"}],"version-history":[{"count":1,"href":"https:\/\/miradordeatarfe.es\/index.php?rest_route=\/wp\/v2\/posts\/14821\/revisions"}],"predecessor-version":[{"id":14823,"href":"https:\/\/miradordeatarfe.es\/index.php?rest_route=\/wp\/v2\/posts\/14821\/revisions\/14823"}],"wp:featuredmedia":[{"embeddable":true,"href":"https:\/\/miradordeatarfe.es\/index.php?rest_route=\/wp\/v2\/media\/14822"}],"wp:attachment":[{"href":"https:\/\/miradordeatarfe.es\/index.php?rest_route=%2Fwp%2Fv2%2Fmedia&parent=14821"}],"wp:term":[{"taxonomy":"category","embeddable":true,"href":"https:\/\/miradordeatarfe.es\/index.php?rest_route=%2Fwp%2Fv2%2Fcategories&post=14821"},{"taxonomy":"post_tag","embeddable":true,"href":"https:\/\/miradordeatarfe.es\/index.php?rest_route=%2Fwp%2Fv2%2Ftags&post=14821"}],"curies":[{"name":"wp","href":"https:\/\/api.w.org\/{rel}","templated":true}]}}