{"id":14828,"date":"2017-03-10T06:46:23","date_gmt":"2017-03-10T05:46:23","guid":{"rendered":"http:\/\/miradordeatarfe.es\/?p=14828"},"modified":"2017-03-09T23:49:04","modified_gmt":"2017-03-09T22:49:04","slug":"llega-al-parque-de-las-ciencias-la-exposicion-robots-los-humanos-y-las-maquinas","status":"publish","type":"post","link":"https:\/\/miradordeatarfe.es\/?p=14828","title":{"rendered":"Llega al Parque de las Ciencias la exposici\u00f3n &#8216;Robots. Los humanos y las m\u00e1quinas&#8217;"},"content":{"rendered":"<p style=\"text-align: justify;\">Casi un centenar de objetos, piezas hist\u00f3ricas y robots narran la historia de la relaci\u00f3n humano-m\u00e1quina desde las herramientas de la Edad de Piedra hasta los implantes artificiales que sustituyen a \u00f3rganos humanos.<!--more--><\/p>\n<div class=\"cuerpo\">\n<p style=\"text-align: justify;\">La relaci\u00f3n entre el ser humano y las m\u00e1quinas es el hilo conductor de la nueva exposici\u00f3n temporal &#8216;Robots. Los humanos y las m\u00e1quinas&#8217; del Parque de las Ciencias que puede verse desde este lunes en Granada y que es fruto de una coproducci\u00f3n internacional entre los museos de divulgaci\u00f3n cient\u00edfica andaluz y de Industria y Trabajo DASA de Alemania.<\/p>\n<p style=\"text-align: justify;\">Se trata de un novedoso proyecto que aborda un tema de enorme calado y actualidad con implicaciones en campos que van desde la vida cotidiana a la econom\u00eda mundial, la industria, la investigaci\u00f3n, el transporte o la salud.<\/p>\n<p style=\"text-align: justify;\">A trav\u00e9s de casi un centenar interactivos, piezas hist\u00f3ricas, v\u00eddeos, robots actuales, y talleres, &#8216;Robots. Los humanos y las m\u00e1quinas&#8217; invita a los visitantes a reflexionar sobre el pasado, presente y futuro de la tecnolog\u00eda rob\u00f3tica desde \u00e1mbitos tan diversos como la medicina, la \u00e9tica, la investigaci\u00f3n cient\u00edfica e incluso el arte y la literatura. Adem\u00e1s, la exposici\u00f3n se plantea como un espacio abierto a la reflexi\u00f3n p\u00fablica en el que los visitantes podr\u00e1n implicarse en el debate actual en torno a cuestiones como si se podr\u00e1n distinguir los robots de los humanos o c\u00f3mo ser\u00e1 la relaci\u00f3n humano-m\u00e1quina en el futuro.<\/p>\n<p style=\"text-align: justify;\">La muestra, que estar\u00e1 instalada en el Parque de las Ciencias hasta marzo de 2018, cuenta con la colaboraci\u00f3n de m\u00e1s de 60 museos y entidades diversas y el patrocinio de la Fundaci\u00f3n Espa\u00f1ola para la Ciencia y la Tecnolog\u00eda del Ministerio de Econom\u00eda y Competitividad.<\/p>\n<p style=\"text-align: justify;\">Granada es el primer lugar en el que puede verse tras su presentaci\u00f3n en Dortmund (Alemania). La exposici\u00f3n es de car\u00e1cter itinerante y est\u00e1 previsto que, tras su paso por Granada, se exponga en otras ciudades europeas. En el Parque de las Ciencias ocupa una superficie de 1.800 metros cuadrados e incluye novedades que ampl\u00edan los contenidos de la exposici\u00f3n alemana como son talleres educativos, audiovisuales y tecnolog\u00eda rob\u00f3tica dise\u00f1ada por investigadores espa\u00f1oles.<\/p>\n<p style=\"text-align: justify;\">Tambi\u00e9n cuenta con un FabLab (acr\u00f3nimo del ingl\u00e9s &#8216;Fabrication Laboratory&#8217;), vinculado a la investigaci\u00f3n en los centros educativos y talleres familiares, que permite dar visibilidad al trabajo realizado en el campo de la ciencia y la tecnolog\u00eda. Es un espacio para el desarrollo de proyectos educativos, que tengan como eje la producci\u00f3n de objetos f\u00edsicos con m\u00e1quinas y tecnolog\u00eda controladas por ordenador.<\/p>\n<p style=\"text-align: justify;\">Adem\u00e1s de este FabLab, se ofertan talleres did\u00e1cticos de rob\u00f3tica con lego, biotecnolog\u00eda y salud, Arduino, iniciaci\u00f3n a la rob\u00f3tica, o impresi\u00f3n 3D.<\/p>\n<p style=\"text-align: justify;\">La exposici\u00f3n se completa con un programa paralelo de actividades entre las que destacan un curso de actualidad cient\u00edfica, que se inaugura este martes 7 de marzo, y un ciclo de &#8216;Ciencia de cerca&#8217;, en el que expertos en el mundo de la rob\u00f3tica, micro-rob\u00f3tica y tecnolog\u00eda explicar\u00e1n su trabajo de una forma amena e interactiva.<\/p>\n<p style=\"text-align: justify;\">El museo augura gran \u00e9xito a esta muestra y espera que contribuya a la tendencia de incremento de visitas anuales que ha ido experimentando en los \u00faltimos a\u00f1os, ha indicado la presidenta del consorcio que rige el Parque de las Ciencias y consejera de Educaci\u00f3n, Adelaida de la Calle, que ha inaugurado la exposici\u00f3n en un acto con el alcalde de Granada, Francisco Cuenca; el director de Relaciones Internacionales y Cooperaci\u00f3n Cient\u00edfica del Instituto Federal de Salud de Alemania, Armin Windel; el presidente de la Diputaci\u00f3n Provincial de Granada, Jos\u00e9 Entrena; la representante del Ministerio de Econom\u00eda, Industria y Competitividad, Carmen Rodr\u00edguez; el director del museo alem\u00e1n de la industria y el trabajo DASA, Gregor Isenbort; y el director del Parque de las Ciencias, Ernesto P\u00e1ramo, entre otros.<\/p>\n<p style=\"text-align: justify;\">A la muestra da la bienvenida un robot que adentra a los visitantes en el contenido de la exposici\u00f3n visualizando un v\u00eddeo interactivo sobre la naturaleza de la relaci\u00f3n hombre-m\u00e1quina desde un punto de vista t\u00e9cnico y filos\u00f3fico.<\/p>\n<p style=\"text-align: justify;\">Se aborda la historia de las m\u00e1quinas con un recorrido desde las herramientas de la Edad de Piedra o los logros de la ingenier\u00eda llevados a cabo en la Antigua Grecia a las m\u00e1quinas de precisi\u00f3n de la Edad Media, las m\u00e1quinas ut\u00f3picas del Renacimiento o la primera guerra mecanizada hasta el comienzo de la era moderna.<\/p>\n<p style=\"text-align: justify;\">Tambi\u00e9n se muestra el nacimiento del robot que surge a mediados del siglo XIX, y se propone un recorrido por el desarrollo de la rob\u00f3tica en el \u00faltimo siglo hasta la actualidad present\u00e1ndose sus usos en la industria, el salvamento, la medicina y la salud. Tambi\u00e9n hay espacio para el dise\u00f1o humanoide de los robots, desde un simple brazo rob\u00f3tico hasta un robot humano que camina.<\/p>\n<\/div>\n<div><\/div>\n","protected":false},"excerpt":{"rendered":"<p>Casi un centenar de objetos, piezas hist\u00f3ricas y robots narran la historia de la relaci\u00f3n&#8230;<\/p>\n","protected":false},"author":1,"featured_media":0,"comment_status":"closed","ping_status":"closed","sticky":false,"template":"","format":"standard","meta":{"_coblocks_attr":"","_coblocks_dimensions":"","_coblocks_responsive_height":"","_coblocks_accordion_ie_support":"","jetpack_post_was_ever_published":false,"_jetpack_newsletter_access":"","_jetpack_dont_email_post_to_subs":false,"_jetpack_newsletter_tier_id":0,"_jetpack_memberships_contains_paywalled_content":false,"_jetpack_memberships_contains_paid_content":false,"footnotes":"","jetpack_publicize_message":"","jetpack_publicize_feature_enabled":true,"jetpack_social_post_already_shared":false,"jetpack_social_options":{"image_generator_settings":{"template":"highway","default_image_id":0,"enabled":false},"version":2}},"categories":[186,44,15],"tags":[],"class_list":["post-14828","post","type-post","status-publish","format-standard","hentry","category-instituciones","category-noticias-de-hoy","category-ultimas-noticias"],"jetpack_publicize_connections":[],"jetpack_featured_media_url":"","jetpack_likes_enabled":true,"jetpack_sharing_enabled":true,"_links":{"self":[{"href":"https:\/\/miradordeatarfe.es\/index.php?rest_route=\/wp\/v2\/posts\/14828","targetHints":{"allow":["GET"]}}],"collection":[{"href":"https:\/\/miradordeatarfe.es\/index.php?rest_route=\/wp\/v2\/posts"}],"about":[{"href":"https:\/\/miradordeatarfe.es\/index.php?rest_route=\/wp\/v2\/types\/post"}],"author":[{"embeddable":true,"href":"https:\/\/miradordeatarfe.es\/index.php?rest_route=\/wp\/v2\/users\/1"}],"replies":[{"embeddable":true,"href":"https:\/\/miradordeatarfe.es\/index.php?rest_route=%2Fwp%2Fv2%2Fcomments&post=14828"}],"version-history":[{"count":1,"href":"https:\/\/miradordeatarfe.es\/index.php?rest_route=\/wp\/v2\/posts\/14828\/revisions"}],"predecessor-version":[{"id":14829,"href":"https:\/\/miradordeatarfe.es\/index.php?rest_route=\/wp\/v2\/posts\/14828\/revisions\/14829"}],"wp:attachment":[{"href":"https:\/\/miradordeatarfe.es\/index.php?rest_route=%2Fwp%2Fv2%2Fmedia&parent=14828"}],"wp:term":[{"taxonomy":"category","embeddable":true,"href":"https:\/\/miradordeatarfe.es\/index.php?rest_route=%2Fwp%2Fv2%2Fcategories&post=14828"},{"taxonomy":"post_tag","embeddable":true,"href":"https:\/\/miradordeatarfe.es\/index.php?rest_route=%2Fwp%2Fv2%2Ftags&post=14828"}],"curies":[{"name":"wp","href":"https:\/\/api.w.org\/{rel}","templated":true}]}}