{"id":14830,"date":"2017-03-13T07:49:15","date_gmt":"2017-03-13T06:49:15","guid":{"rendered":"http:\/\/miradordeatarfe.es\/?p=14830"},"modified":"2017-03-10T00:39:26","modified_gmt":"2017-03-09T23:39:26","slug":"la-dignidad-del-escritor-por-andres-cardenas","status":"publish","type":"post","link":"https:\/\/miradordeatarfe.es\/?p=14830","title":{"rendered":"\u00abLa dignidad del escritor\u00bb por Andr\u00e9s C\u00e1rdenas"},"content":{"rendered":"<p style=\"text-align: justify;\">Yo ya he empezado a escribir para los que no puedan ni quieran leerme. Eso me dijo aquel escritor al que fui a presentar un libro suyo en la Cuadra Dorada de la Casa de los Tiros.<\/p>\n<p style=\"text-align: justify;\"><!--more--> Aquel escritor hab\u00eda publicado recientemente una novela y hace unos veinte a\u00f1os fue un personaje que tuvo cierta relevancia p\u00fablica porque sal\u00eda en televisi\u00f3n. Pero hab\u00eda pasado el tiempo y la gente lo hab\u00eda olvidado. Por eso no hab\u00eda nadie en la presentaci\u00f3n de su libro. Por eso y, sobre todo, porque la tarde se hab\u00eda presentado con lluvia y fr\u00edo. Adem\u00e1s televisaban un partido del Real Madrid. Esos dos factores unidos pueden acabar con cualquier acto cultural que se precie, por mucho prestigio que tengan los ponentes. Cuando digo que no fue nadie a la presentaci\u00f3n es que no fue nadie. O sea, cero personas. Podr\u00edamos habernos excusado en que los medios informativos no se hab\u00edan hecho eco de la presentaci\u00f3n o que el acto no hab\u00eda sido lo suficientemente difundido en las redes sociales, pero ninguna de esas excusas val\u00eda porque los dos peri\u00f3dicos de papel lo tra\u00edan en sus p\u00e1ginas culturales, las radios locales lo hab\u00edan anunciado y se hab\u00eda colgado en twiter y feisbuq. Le suger\u00ed\u00a0 suspender la presentaci\u00f3n e irnos a tomarnos unas ca\u00f1as al bar de enfrente (todav\u00eda funcionaba el \u2018Seis peniques\u2019) pero \u00e9l me mir\u00f3 con cierta dureza y me dijo:<\/p>\n<p style=\"text-align: justify;\">&#8211; He venido a presentar mi libro a Granada y lo voy a presentar.<\/p>\n<p style=\"text-align: justify;\">\u00c9l y yo \u00e9ramos los \u00fanicos que est\u00e1bamos en la sala.<\/p>\n<p style=\"text-align: justify;\">&#8211; Pres\u00e9ntame -me dijo.<\/p>\n<p style=\"text-align: justify;\">Yo le\u00ed los dos o tres folios que me hab\u00eda preparado sobre \u00e9l y la novela que hab\u00eda escrito, que a m\u00ed me hab\u00eda gustado mucho porque retrata una infancia y unos tiempos que no me eran indiferentes. As\u00ed lo dije en la sala vac\u00eda.<\/p>\n<p style=\"text-align: justify;\">\u00c9l entonces tom\u00f3 la palabra y se\u00f1al\u00f3 lo que le hab\u00eda impulsado a escribir aquella novela. Habl\u00f3 con la misma emoci\u00f3n que como si la sala hubiera estado repleta. Miraba ora al espl\u00e9ndido artesonado y ora cercano horizonte de la sala y completaba sus espl\u00e9ndidas frases y pensamientos a un p\u00fablico imaginario.<\/p>\n<p style=\"text-align: justify;\">Al terminar cont\u00f3 con mi \u00fanico aplauso.<\/p>\n<p style=\"text-align: justify;\">&#8211; Ahora s\u00ed, ahora podemos ir a tomarnos unas ca\u00f1as \u2013me dijo con la autosuficiencia del torero que ha cuajado una buena faena.<\/p>\n<p style=\"text-align: justify;\">Al escritor lo vi hace dos o tres a\u00f1os Barcelona. Yo hab\u00eda ido a cubrir el Premio Planeta. Lo encontr\u00e9 en el hotel desayunando, lo salud\u00e9 y me pidi\u00f3 que me sentara en su mesa. \u00c9l no se acordaba de m\u00ed y yo se lo record\u00e9. Juntos rememoramos con buen humor aquel d\u00eda en Granada que no fue nadie a la presentaci\u00f3n de su libro. Y entonces dijo la sentencia que tengo presente siempre que me pongo a escribir:<\/p>\n<p style=\"text-align: justify;\">&#8211; Podemos perder lectores todos los d\u00edas, pero lo que no hay que perder nunca es la dignidad -dijo.<\/p>\n<p style=\"text-align: justify;\">El escritor era Fernando Delgado.<\/p>\n<p>&nbsp;<\/p>\n","protected":false},"excerpt":{"rendered":"<p>Yo ya he empezado a escribir para los que no puedan ni quieran leerme. Eso&#8230;<\/p>\n","protected":false},"author":1,"featured_media":14831,"comment_status":"closed","ping_status":"closed","sticky":false,"template":"","format":"standard","meta":{"_coblocks_attr":"","_coblocks_dimensions":"","_coblocks_responsive_height":"","_coblocks_accordion_ie_support":"","jetpack_post_was_ever_published":false,"_jetpack_newsletter_access":"","_jetpack_dont_email_post_to_subs":false,"_jetpack_newsletter_tier_id":0,"_jetpack_memberships_contains_paywalled_content":false,"_jetpack_memberships_contains_paid_content":false,"footnotes":"","jetpack_publicize_message":"","jetpack_publicize_feature_enabled":true,"jetpack_social_post_already_shared":false,"jetpack_social_options":{"image_generator_settings":{"template":"highway","default_image_id":0,"enabled":false},"version":2}},"categories":[186,9,44,15],"tags":[3639,3638,2092],"class_list":["post-14830","post","type-post","status-publish","format-standard","has-post-thumbnail","hentry","category-instituciones","category-medio-ambiente","category-noticias-de-hoy","category-ultimas-noticias","tag-cardenas","tag-escritor","tag-reflexiones"],"jetpack_publicize_connections":[],"jetpack_featured_media_url":"https:\/\/i0.wp.com\/miradordeatarfe.es\/wp-content\/uploads\/2017\/03\/images.jpeg?fit=225%2C225&ssl=1","jetpack_likes_enabled":true,"jetpack_sharing_enabled":true,"_links":{"self":[{"href":"https:\/\/miradordeatarfe.es\/index.php?rest_route=\/wp\/v2\/posts\/14830","targetHints":{"allow":["GET"]}}],"collection":[{"href":"https:\/\/miradordeatarfe.es\/index.php?rest_route=\/wp\/v2\/posts"}],"about":[{"href":"https:\/\/miradordeatarfe.es\/index.php?rest_route=\/wp\/v2\/types\/post"}],"author":[{"embeddable":true,"href":"https:\/\/miradordeatarfe.es\/index.php?rest_route=\/wp\/v2\/users\/1"}],"replies":[{"embeddable":true,"href":"https:\/\/miradordeatarfe.es\/index.php?rest_route=%2Fwp%2Fv2%2Fcomments&post=14830"}],"version-history":[{"count":1,"href":"https:\/\/miradordeatarfe.es\/index.php?rest_route=\/wp\/v2\/posts\/14830\/revisions"}],"predecessor-version":[{"id":14832,"href":"https:\/\/miradordeatarfe.es\/index.php?rest_route=\/wp\/v2\/posts\/14830\/revisions\/14832"}],"wp:featuredmedia":[{"embeddable":true,"href":"https:\/\/miradordeatarfe.es\/index.php?rest_route=\/wp\/v2\/media\/14831"}],"wp:attachment":[{"href":"https:\/\/miradordeatarfe.es\/index.php?rest_route=%2Fwp%2Fv2%2Fmedia&parent=14830"}],"wp:term":[{"taxonomy":"category","embeddable":true,"href":"https:\/\/miradordeatarfe.es\/index.php?rest_route=%2Fwp%2Fv2%2Fcategories&post=14830"},{"taxonomy":"post_tag","embeddable":true,"href":"https:\/\/miradordeatarfe.es\/index.php?rest_route=%2Fwp%2Fv2%2Ftags&post=14830"}],"curies":[{"name":"wp","href":"https:\/\/api.w.org\/{rel}","templated":true}]}}