{"id":14833,"date":"2017-03-11T10:55:28","date_gmt":"2017-03-11T09:55:28","guid":{"rendered":"http:\/\/miradordeatarfe.es\/?p=14833"},"modified":"2017-03-10T00:01:46","modified_gmt":"2017-03-09T23:01:46","slug":"14833","status":"publish","type":"post","link":"https:\/\/miradordeatarfe.es\/?p=14833","title":{"rendered":"La \u00e9lite nacional del atletismo de monta\u00f1a se da cita en la carrera de Sierra Elvira, primera prueba de la COPA DE ESPA\u00d1A"},"content":{"rendered":"<p style=\"text-align: justify;\"><span class=\"contenidos_subtitulo\">La X edici\u00f3n de la CxM Sierra Elvira se celebra el <strong>18 de marzo con 31 kil\u00f3metros<\/strong> y en ella participan 470 corredores, entre ellos los campeones absolutos de anteriores ediciones.<\/span><br \/>\n<!--more--><\/p>\n<div style=\"text-align: justify;\"><\/div>\n<div style=\"text-align: justify;\"><\/div>\n<div style=\"text-align: justify;\">Los mejores atletas del pa\u00eds en competiciones de monta\u00f1a participan el pr\u00f3ximo 18 de marzo en la <strong>X edici\u00f3n de la Carrera de Monta\u00f1a (CxM) Sierra Elvira<\/strong>, la primera de las pruebas de la Copa de Espa\u00f1a con un recorrido de 31 kil\u00f3metros de distancia.<\/div>\n<div style=\"text-align: justify;\"><\/div>\n<div style=\"text-align: justify;\">Un total de 470 corredores partir\u00e1n el s\u00e1bado 18 del Lago de la Ermita, donde est\u00e1 situada la salida y la meta de una carrera organizada por el Club Atletismo y Monta\u00f1a Atarfe, el Ayuntamiento de Atarfe y la Federaci\u00f3n Espa\u00f1ola de Deportes de Monta\u00f1a y Escalada (FEDME).<\/div>\n<div style=\"text-align: justify;\"><\/div>\n<div style=\"text-align: justify;\">La prueba discurrir\u00e1 por los caminos y senderos de Sierra Elvira, una zona de baja monta\u00f1a con un trazado que pertenece en su mayor parte al municipio de Atarfe pero que tambi\u00e9n se adentra en los t\u00e9rminos de Albolote y Pinos Puente.<\/div>\n<div style=\"text-align: justify;\"><\/div>\n<div style=\"text-align: justify;\">Durante la presentaci\u00f3n que he tenido lugar hoy en el Centro Cultural Medina Elvira, el alcalde de Atarfe, <strong>Francisco Rodr\u00edguez Quesada<\/strong>, ha elogiado el trabajo que viene realizando la escuela del Club Atletismo y Monta\u00f1a por &#8216;fomentar la pr\u00e1ctica de una actividad sana entre los m\u00e1s j\u00f3venes y por proyectar al exterior, con la organizaci\u00f3n de esta prueba, los valores paisaj\u00edsticos y patrimoniales de Sierra Elvira&#8217;.<\/div>\n<div style=\"text-align: justify;\"><\/div>\n<div style=\"text-align: justify;\"><img data-recalc-dims=\"1\" decoding=\"async\" src=\"https:\/\/i0.wp.com\/www.ciudadatarfe.com\/data\/fotos_contenidos_web\/1683_2003_20170307184131.jpg?w=640\" border=\"0\" \/><\/div>\n<div style=\"text-align: justify;\"><\/div>\n<div style=\"text-align: justify;\">Por su parte, el presidente de la Federaci\u00f3n Andaluza de Monta\u00f1a y vocal de la FEDME, <strong>Julio Perea<\/strong>, destac\u00f3 la importancia de que tenga lugar en Atarfe el &#8216;comienzo de la temporada oficial de las carreras por monta\u00f1a&#8217;, una prueba que &#8216;se ha convertido en uno de los pilares esenciales de nuestra competici\u00f3n gracias a la atenci\u00f3n cada vez mayor que suscita esta especialidad deportiva, con m\u00e1s de mil pruebas celebradas en 2016&#8217;.<\/div>\n<div style=\"text-align: justify;\"><\/div>\n<div style=\"text-align: justify;\">Perea se refiri\u00f3 a la &#8216;gran demanda&#8217; por organizar una de las seis pruebas de la Copa de Espa\u00f1a, con m\u00e1s de treinta candidaturas presentadas, de las que dos son andaluzas: Atarfe (Granada) y Dal\u00edas (Almer\u00eda). El m\u00e1ximo responsable de la Federaci\u00f3n tambi\u00e9n aprovech\u00f3 el acto para elogiar el nivel de los atletas nacionales, &#8216;a la altura de los mejores del mundo&#8217;, subrayando la hegemon\u00eda de los atletas andaluces, &#8216;los m\u00e1s galardonados en 2016 con 111 p\u00f3dium nacionales&#8217;.<\/div>\n<div style=\"text-align: justify;\"><\/div>\n<div style=\"text-align: justify;\">Por \u00faltimo, el director t\u00e9cnico de la carrera, <strong>Jos\u00e9 Manuel Peula<\/strong>, explic\u00f3 las caracter\u00edsticas de la prueba de Sierra Elvira que contar\u00e1 este a\u00f1o con 470 corredores, de los que 50 son cadetes junior procedentes de la mayor parte escuelas de tecnificaci\u00f3n espa\u00f1olas, que competir\u00e1n en una distancia m\u00e1s corta de 13,5 kil\u00f3metros.<\/div>\n<div style=\"text-align: justify;\"><\/div>\n<div style=\"text-align: justify;\">Sobre la prueba reina, Peula adelant\u00f3 que habr\u00e1 presencia de todas las selecciones de Espa\u00f1a y de campeones absolutos como son los casos de <strong>Noem\u00ed Delgado<\/strong> y <strong>Antonio Manj\u00f3n<\/strong>. &#8216;La CxM de Sierra Elvira tendr\u00e1 la calidad de participaci\u00f3n suficiente como para que se brinde un gran espect\u00e1culo&#8217;, asegur\u00f3.<\/div>\n<div style=\"text-align: justify;\"><\/div>\n<div style=\"text-align: justify;\">Este a\u00f1o se celebra de forma simult\u00e1nea el <strong>I OPEN CxM Sierra Elvira para personas con discapacidad visual<\/strong> que recorrer\u00e1n una distancia de 18 km, una prueba integrada en el Circuito Nacional de Carreras por Monta\u00f1a que organiza conjuntamente por la FEDME y la FEDC (Federaci\u00f3n Espa\u00f1ola de Deportes para Ciegos). Est\u00e1 prevista la participaci\u00f3n de once equipos de toda Espa\u00f1a y un total de 130 corredores.<\/div>\n<div style=\"text-align: justify;\"><\/div>\n<p style=\"text-align: justify;\">\n","protected":false},"excerpt":{"rendered":"<p>La X edici\u00f3n de la CxM Sierra Elvira se celebra el 18 de marzo con&#8230;<\/p>\n","protected":false},"author":1,"featured_media":14834,"comment_status":"closed","ping_status":"closed","sticky":false,"template":"","format":"standard","meta":{"_coblocks_attr":"","_coblocks_dimensions":"","_coblocks_responsive_height":"","_coblocks_accordion_ie_support":"","jetpack_post_was_ever_published":false,"_jetpack_newsletter_access":"","_jetpack_dont_email_post_to_subs":false,"_jetpack_newsletter_tier_id":0,"_jetpack_memberships_contains_paywalled_content":false,"_jetpack_memberships_contains_paid_content":false,"footnotes":"","jetpack_publicize_message":"","jetpack_publicize_feature_enabled":true,"jetpack_social_post_already_shared":false,"jetpack_social_options":{"image_generator_settings":{"template":"highway","default_image_id":0,"enabled":false},"version":2}},"categories":[2,182,186,44,15],"tags":[3640,123],"class_list":["post-14833","post","type-post","status-publish","format-standard","has-post-thumbnail","hentry","category-atarfe","category-deportes","category-instituciones","category-noticias-de-hoy","category-ultimas-noticias","tag-carrera-atarfe","tag-deportes"],"jetpack_publicize_connections":[],"jetpack_featured_media_url":"https:\/\/i0.wp.com\/miradordeatarfe.es\/wp-content\/uploads\/2017\/03\/1683_2002_20170307184036.jpg?fit=442%2C287&ssl=1","jetpack_likes_enabled":true,"jetpack_sharing_enabled":true,"_links":{"self":[{"href":"https:\/\/miradordeatarfe.es\/index.php?rest_route=\/wp\/v2\/posts\/14833","targetHints":{"allow":["GET"]}}],"collection":[{"href":"https:\/\/miradordeatarfe.es\/index.php?rest_route=\/wp\/v2\/posts"}],"about":[{"href":"https:\/\/miradordeatarfe.es\/index.php?rest_route=\/wp\/v2\/types\/post"}],"author":[{"embeddable":true,"href":"https:\/\/miradordeatarfe.es\/index.php?rest_route=\/wp\/v2\/users\/1"}],"replies":[{"embeddable":true,"href":"https:\/\/miradordeatarfe.es\/index.php?rest_route=%2Fwp%2Fv2%2Fcomments&post=14833"}],"version-history":[{"count":3,"href":"https:\/\/miradordeatarfe.es\/index.php?rest_route=\/wp\/v2\/posts\/14833\/revisions"}],"predecessor-version":[{"id":14837,"href":"https:\/\/miradordeatarfe.es\/index.php?rest_route=\/wp\/v2\/posts\/14833\/revisions\/14837"}],"wp:featuredmedia":[{"embeddable":true,"href":"https:\/\/miradordeatarfe.es\/index.php?rest_route=\/wp\/v2\/media\/14834"}],"wp:attachment":[{"href":"https:\/\/miradordeatarfe.es\/index.php?rest_route=%2Fwp%2Fv2%2Fmedia&parent=14833"}],"wp:term":[{"taxonomy":"category","embeddable":true,"href":"https:\/\/miradordeatarfe.es\/index.php?rest_route=%2Fwp%2Fv2%2Fcategories&post=14833"},{"taxonomy":"post_tag","embeddable":true,"href":"https:\/\/miradordeatarfe.es\/index.php?rest_route=%2Fwp%2Fv2%2Ftags&post=14833"}],"curies":[{"name":"wp","href":"https:\/\/api.w.org\/{rel}","templated":true}]}}