{"id":14842,"date":"2017-03-10T11:11:33","date_gmt":"2017-03-10T10:11:33","guid":{"rendered":"http:\/\/miradordeatarfe.es\/?p=14842"},"modified":"2017-03-10T00:13:59","modified_gmt":"2017-03-09T23:13:59","slug":"escolares-de-distintos-colegios-de-atarfe-participan-en-la-reforestacion-del-entorno-de-la-ermita-de-los-tres-juanes","status":"publish","type":"post","link":"https:\/\/miradordeatarfe.es\/?p=14842","title":{"rendered":"Escolares de distintos colegios de Atarfe participan en la reforestaci\u00f3n del entorno de la ermita de los Tres Juanes"},"content":{"rendered":"<p style=\"text-align: justify;\">Alumnos de los colegios Jim\u00e9nez Rueda, Atalaya y Clara Campoamor se implican en la reforestaci\u00f3n de los espacios naturales con motivo del programa de sensibilizaci\u00f3n de la Concejal\u00eda de Medio Ambiente.<!--more--><\/p>\n<div style=\"text-align: justify;\">Alumnos de los colegios p\u00fablicos Jim\u00e9nez Rueda, Atalaya y Clara Campoamor participan estos d\u00edas en la reforestaci\u00f3n del entorno de la ermita de los Tres Juanes con motivo del programa de sensibilizaci\u00f3n que ha puesto en marcha la Concejal\u00eda de Medio Ambiente del Ayuntamiento de Atarfe.<\/div>\n<div style=\"text-align: justify;\"><\/div>\n<div style=\"text-align: justify;\">La iniciativa pretende &amp;ldquo;fomentar entre los m\u00e1s j\u00f3venes el respeto y el amor por el medio natural, que se sientan part\u00edcipes de la necesidad de proteger el medio ambiente&amp;quot;, seg\u00fan explic\u00f3 la concejal de Atarfe Gloria Casado.<\/div>\n<div style=\"text-align: justify;\"><\/div>\n<div style=\"text-align: justify;\">La intervenci\u00f3n incluye la repoblaci\u00f3n de una zona deforestada de la ermita en la que el alumnado participa sembrando especies mediterr\u00e1neas como pinos carrasco y resinero, retamas y encinas. Desde la Concejal\u00eda de Medio Ambiente se ha apostado por especies que necesitan menos recursos h\u00eddricos y se adaptan mejor a las condiciones del terreno.<\/div>\n<div style=\"text-align: justify;\"><\/div>\n<div style=\"text-align: justify;\">Para la concejal de Medio Ambiente, &amp;ldquo;es necesario que los j\u00f3venes se impliquen en la reforestaci\u00f3n de los espacios naturales para que aprendan a respetarlos, cuidarlos y al mismo tiempo disfrutar de ellos&amp;rdquo;.<\/div>\n<div style=\"text-align: justify;\"><\/div>\n<div style=\"text-align: justify;\">La campa\u00f1a de concienciaci\u00f3n se inici\u00f3 el viernes 3 de marzo, con la presencia de alumnos del CEIP Jim\u00e9nez Rueda. El lunes de marzo le toc\u00f3 el turno a los escolares del CEIP Atalaya y el pr\u00f3ximo viernes ser\u00e1 el alumnado del CEIP Clara Campoamor, que pondr\u00e1 fin a la jornada de reforestaci\u00f3n participativa.<\/div>\n<div style=\"text-align: justify;\"><\/div>\n<div style=\"text-align: justify;\">La Concejal\u00eda de Medio Ambiente tambi\u00e9n est\u00e1 llevando a cabo mejoras en la red de riego y plantaci\u00f3n de especies mediterr\u00e1neas en el parque Corredor Verde, que cuenta con una superficie ajardinada de 15.000 metros cuadrados, as\u00ed como en otros parques y jardines del municipio.<\/div>\n<div style=\"text-align: justify;\"><\/div>\n<div style=\"text-align: justify;\"><img data-recalc-dims=\"1\" decoding=\"async\" src=\"https:\/\/i0.wp.com\/www.ciudadatarfe.com\/data\/fotos_contenidos_web\/1682_2001_20170307105423.jpg?w=640\" border=\"0\" \/><\/div>\n<div style=\"text-align: justify;\"><\/div>\n<div style=\"text-align: justify;\"><\/div>\n<p style=\"text-align: justify;\">\n","protected":false},"excerpt":{"rendered":"<p>Alumnos de los colegios Jim\u00e9nez Rueda, Atalaya y Clara Campoamor se implican en la reforestaci\u00f3n&#8230;<\/p>\n","protected":false},"author":1,"featured_media":14839,"comment_status":"closed","ping_status":"closed","sticky":false,"template":"","format":"standard","meta":{"_coblocks_attr":"","_coblocks_dimensions":"","_coblocks_responsive_height":"","_coblocks_accordion_ie_support":"","jetpack_post_was_ever_published":false,"_jetpack_newsletter_access":"","_jetpack_dont_email_post_to_subs":false,"_jetpack_newsletter_tier_id":0,"_jetpack_memberships_contains_paywalled_content":false,"_jetpack_memberships_contains_paid_content":false,"footnotes":"","jetpack_publicize_message":"","jetpack_publicize_feature_enabled":true,"jetpack_social_post_already_shared":false,"jetpack_social_options":{"image_generator_settings":{"template":"highway","default_image_id":0,"enabled":false},"version":2}},"categories":[2,187,44,15],"tags":[81,526,1674],"class_list":["post-14842","post","type-post","status-publish","format-standard","has-post-thumbnail","hentry","category-atarfe","category-centros-educativos","category-noticias-de-hoy","category-ultimas-noticias","tag-atarfe","tag-centros-educativos","tag-reforestacion"],"jetpack_publicize_connections":[],"jetpack_featured_media_url":"https:\/\/i0.wp.com\/miradordeatarfe.es\/wp-content\/uploads\/2017\/03\/1682_2000_20170307105335.jpg?fit=442%2C295&ssl=1","jetpack_likes_enabled":true,"jetpack_sharing_enabled":true,"_links":{"self":[{"href":"https:\/\/miradordeatarfe.es\/index.php?rest_route=\/wp\/v2\/posts\/14842","targetHints":{"allow":["GET"]}}],"collection":[{"href":"https:\/\/miradordeatarfe.es\/index.php?rest_route=\/wp\/v2\/posts"}],"about":[{"href":"https:\/\/miradordeatarfe.es\/index.php?rest_route=\/wp\/v2\/types\/post"}],"author":[{"embeddable":true,"href":"https:\/\/miradordeatarfe.es\/index.php?rest_route=\/wp\/v2\/users\/1"}],"replies":[{"embeddable":true,"href":"https:\/\/miradordeatarfe.es\/index.php?rest_route=%2Fwp%2Fv2%2Fcomments&post=14842"}],"version-history":[{"count":1,"href":"https:\/\/miradordeatarfe.es\/index.php?rest_route=\/wp\/v2\/posts\/14842\/revisions"}],"predecessor-version":[{"id":14843,"href":"https:\/\/miradordeatarfe.es\/index.php?rest_route=\/wp\/v2\/posts\/14842\/revisions\/14843"}],"wp:featuredmedia":[{"embeddable":true,"href":"https:\/\/miradordeatarfe.es\/index.php?rest_route=\/wp\/v2\/media\/14839"}],"wp:attachment":[{"href":"https:\/\/miradordeatarfe.es\/index.php?rest_route=%2Fwp%2Fv2%2Fmedia&parent=14842"}],"wp:term":[{"taxonomy":"category","embeddable":true,"href":"https:\/\/miradordeatarfe.es\/index.php?rest_route=%2Fwp%2Fv2%2Fcategories&post=14842"},{"taxonomy":"post_tag","embeddable":true,"href":"https:\/\/miradordeatarfe.es\/index.php?rest_route=%2Fwp%2Fv2%2Ftags&post=14842"}],"curies":[{"name":"wp","href":"https:\/\/api.w.org\/{rel}","templated":true}]}}