{"id":14870,"date":"2017-03-13T12:18:51","date_gmt":"2017-03-13T11:18:51","guid":{"rendered":"http:\/\/miradordeatarfe.es\/?p=14870"},"modified":"2017-03-13T12:18:14","modified_gmt":"2017-03-13T11:18:14","slug":"el-psoe-reconoce-con-el-premio-clara-campoamor-el-trabajo-de-la-rectora-de-la-ugr-pilar-aranda","status":"publish","type":"post","link":"https:\/\/miradordeatarfe.es\/?p=14870","title":{"rendered":"El PSOE reconoce con el premio Clara Campoamor el trabajo de la rectora de la UGR, Pilar Aranda"},"content":{"rendered":"<div class=\"elements-box\">\n<p><strong>Recogi\u00f3 el galard\u00f3n en un acto que tuvo lugar en M\u00e1laga con motivo del D\u00eda Internacional de la Mujer<\/strong><\/p>\n<p><!--more--><\/p>\n<p style=\"text-align: justify;\">El PSOE de Andaluc\u00eda, a propuesta de la agrupaci\u00f3n provincial granadina, ha concedido este a\u00f1o el premio Clara Campoamor a la rectora de la Universidad de Granada (UGR), Pilar Aranda, la primera mujer que dirige esta instituci\u00f3n acad\u00e9mica tras cinco siglos de historia, un gesto que \u201csimb\u00f3licamente representa la ruptura de un techo de cristal, ya que hasta ahora una mujer no hab\u00eda asumido el cargo de mayor responsabilidad al frente de la Universidad granadina\u201d, ha informado el PSOE de Granada en una nota de prensa.<\/p>\n<p style=\"text-align: justify;\">Esta es una de las razones por la que este s\u00e1bado, Pilar Aranda recoger\u00e1 el galard\u00f3n en un acto que tendr\u00e1 lugar en M\u00e1laga con motivo del D\u00eda Internacional de la Mujer y en el que participar\u00e1 la presidenta de la Junta y secretaria general del PSOE de Andaluc\u00eda, Susana D\u00edaz.<\/p>\n<p style=\"text-align: justify;\">La secretaria general del PSOE de Granada, Teresa Jim\u00e9nez, ha trasladado su felicitaci\u00f3n a la premiada por \u201csu extenso trabajo y como figura destacada en el \u00e1mbito acad\u00e9mico por su contribuci\u00f3n y defensa de la igualdad\u201d.<\/p>\n<p style=\"text-align: justify;\">La dirigente socialista ha resaltado que Pilar Aranda, vinculada siempre a la defensa de la educaci\u00f3n p\u00fablica como pilar fundamental para el avance de la sociedad, es tambi\u00e9n todo un ejemplo de superaci\u00f3n para otras muchas mujeres que \u201ctrabajan a diario por un mundo igualitario en derechos y oportunidades para mujeres y hombres\u201d.<\/p>\n<p style=\"text-align: justify;\">Jim\u00e9nez ha valorado positivamente la irrupci\u00f3n de una mujer como m\u00e1xima representante de la UGR, \u201cuna se\u00f1al de que una ciudadan\u00eda m\u00e1s equilibrada es posible\u201d. Adem\u00e1s, ha remarcado que \u201ca pesar de las pol\u00edticas da\u00f1inas del PP contra el colectivo femenino, hay figuras como Pilar que invitan al optimismo por su coraje y empuje despu\u00e9s de protagonizar un hito en la Universidad de Granada\u201d.<\/p>\n<p style=\"text-align: justify;\">En ese sentido, Teresa Jim\u00e9nez, ha apuntado que todav\u00eda queda mucho camino que recorrer puesto que lamentablemente \u201clas mujeres seguimos viviendo en la desigualdad y padeciendo discriminaciones como las que le han costado la vida a 17 mujeres en este a\u00f1o\u201d.<\/p>\n<p style=\"text-align: justify;\">Biograf\u00eda Pilar Aranda (Zaragoza, 1958) es en la actualidad rectora de la Universidad de Granada, cargo al que lleg\u00f3 en 2015. Catedr\u00e1tica de Fisiolog\u00eda de la UGR y docente de la Facultad de Farmacia, entre otras de la misma Universidad, Aranda ha pasado tambi\u00e9n por otras universidades e instituciones acad\u00e9micas como la Universidad Aut\u00f3noma de Madrid y la de Barcelona. En Latinoam\u00e9rica ha ejercido la docencia en la Universidad de Guadalajara (M\u00e9xico) o la Universidad de Quito (Ecuador).<\/p>\n<\/div>\n<p style=\"text-align: justify;\">\n","protected":false},"excerpt":{"rendered":"<p>Recogi\u00f3 el galard\u00f3n en un acto que tuvo lugar en M\u00e1laga con motivo del D\u00eda&#8230;<\/p>\n","protected":false},"author":1,"featured_media":14873,"comment_status":"closed","ping_status":"closed","sticky":false,"template":"","format":"standard","meta":{"_coblocks_attr":"","_coblocks_dimensions":"","_coblocks_responsive_height":"","_coblocks_accordion_ie_support":"","jetpack_post_was_ever_published":false,"_jetpack_newsletter_access":"","_jetpack_dont_email_post_to_subs":false,"_jetpack_newsletter_tier_id":0,"_jetpack_memberships_contains_paywalled_content":false,"_jetpack_memberships_contains_paid_content":false,"footnotes":"","jetpack_publicize_message":"","jetpack_publicize_feature_enabled":true,"jetpack_social_post_already_shared":false,"jetpack_social_options":{"image_generator_settings":{"template":"highway","default_image_id":0,"enabled":false},"version":2}},"categories":[1161,44,15],"tags":[43,723,20],"class_list":["post-14870","post","type-post","status-publish","format-standard","has-post-thumbnail","hentry","category-ciudadania","category-noticias-de-hoy","category-ultimas-noticias","tag-premio-clara-campoamor","tag-psoe","tag-universidad"],"jetpack_publicize_connections":[],"jetpack_featured_media_url":"https:\/\/i0.wp.com\/miradordeatarfe.es\/wp-content\/uploads\/2017\/03\/Pilar-Aranda-junto-Rectorado-1.jpg?fit=400%2C185&ssl=1","jetpack_likes_enabled":true,"jetpack_sharing_enabled":true,"_links":{"self":[{"href":"https:\/\/miradordeatarfe.es\/index.php?rest_route=\/wp\/v2\/posts\/14870","targetHints":{"allow":["GET"]}}],"collection":[{"href":"https:\/\/miradordeatarfe.es\/index.php?rest_route=\/wp\/v2\/posts"}],"about":[{"href":"https:\/\/miradordeatarfe.es\/index.php?rest_route=\/wp\/v2\/types\/post"}],"author":[{"embeddable":true,"href":"https:\/\/miradordeatarfe.es\/index.php?rest_route=\/wp\/v2\/users\/1"}],"replies":[{"embeddable":true,"href":"https:\/\/miradordeatarfe.es\/index.php?rest_route=%2Fwp%2Fv2%2Fcomments&post=14870"}],"version-history":[{"count":2,"href":"https:\/\/miradordeatarfe.es\/index.php?rest_route=\/wp\/v2\/posts\/14870\/revisions"}],"predecessor-version":[{"id":14874,"href":"https:\/\/miradordeatarfe.es\/index.php?rest_route=\/wp\/v2\/posts\/14870\/revisions\/14874"}],"wp:featuredmedia":[{"embeddable":true,"href":"https:\/\/miradordeatarfe.es\/index.php?rest_route=\/wp\/v2\/media\/14873"}],"wp:attachment":[{"href":"https:\/\/miradordeatarfe.es\/index.php?rest_route=%2Fwp%2Fv2%2Fmedia&parent=14870"}],"wp:term":[{"taxonomy":"category","embeddable":true,"href":"https:\/\/miradordeatarfe.es\/index.php?rest_route=%2Fwp%2Fv2%2Fcategories&post=14870"},{"taxonomy":"post_tag","embeddable":true,"href":"https:\/\/miradordeatarfe.es\/index.php?rest_route=%2Fwp%2Fv2%2Ftags&post=14870"}],"curies":[{"name":"wp","href":"https:\/\/api.w.org\/{rel}","templated":true}]}}