{"id":14875,"date":"2017-03-13T12:45:27","date_gmt":"2017-03-13T11:45:27","guid":{"rendered":"http:\/\/miradordeatarfe.es\/?p=14875"},"modified":"2017-03-13T13:57:30","modified_gmt":"2017-03-13T12:57:30","slug":"antonio-enrique-boabdil-el-principe-del-dia-y-de-la-noche","status":"publish","type":"post","link":"https:\/\/miradordeatarfe.es\/?p=14875","title":{"rendered":"Antonio Enrique: \u201cBoabdil, el pr\u00edncipe del d\u00eda y de la noche\u201d por Alberto Granados"},"content":{"rendered":"<p>La novela rese\u00f1ada se present\u00f3 en el Sal\u00f3n de Plenos del Ayuntamiento de Granada . Acompa\u00f1ar\u00f3n al autor Jos\u00e9 Vallejo Prieto (Director General del \u00c1rea de Cultura y Patrimonio del Ayuntamiento), Tico Medina (Cronista de la ciudad) y Pilar S\u00e1nchez (Responsable de Dauro Ediciones).<!--more--><\/p>\n<p style=\"text-align: justify;\">\u00a0\u00a0\u00a0\u00a0\u00a0\u00a0\u00a0 Pese a lo que pueda decir su partida de nacimiento, Antonio Enrique es, fundamentalmente, un hombre del Barroco: ampl\u00edsimo dominio del lenguaje del los Siglos de Oro, trasfondo lleno de pesimismo barroco, utilizaci\u00f3n de los t\u00f3picos de la \u00e9poca (<em>ubi sunt<\/em> o <em>carpe diem<\/em>), etc. Quien no crea esta extravagante aseveraci\u00f3n que lea su <a href=\"http:\/\/www.antonioenrique.com\/La%20espada%20de%20Miramamolin.html\">\u201cLa espada de Miramamol\u00edn\u201d<\/a>. Es tambi\u00e9n un documentalista excepcional: no consigo explicarme qu\u00e9 fuentes consulta para ambientar sus novelas historicistas, pero se le ve un dominio del dato, una vast\u00edsima cultura y un manejo de las situaciones hist\u00f3ricas que remiten a una idea hoy olvidada: su erudici\u00f3n. Que el incr\u00e9dulo lea su novela <a href=\"http:\/\/www.antonioenrique.com\/El%20Discipulo%20Amado.html\">\u201cEl disc\u00edpulo amado\u201d<\/a>. Es, as\u00ed mismo, un fabuloso creador de atm\u00f3sferas literarias, ambientes a los que sabe dotar de un aura m\u00e1gica pocas veces conseguidas en la novel\u00edstica. Para quien lo dude, una recomendaci\u00f3n: <a href=\"http:\/\/www.antonioenrique.com\/El%20hombre%20de%20tierra.html\">\u201cEl hombre de tierra\u201d<\/a>. Y conoce la Alhambra como la palma de su mano. Quien mantenga dudas al respecto, que consulte su <a href=\"http:\/\/www.casadellibro.com\/libro-tratado-de-la-alhambra-hermetica\/9788489739536\/1077470\">\u201cTratado de la Alhambra herm\u00e9tica\u201d<\/a>, en que nos acerca a los aspectos esot\u00e9ricos del conjunto monumental nazar\u00ed.<\/p>\n<p style=\"text-align: justify;\">\u00a0\u00a0\u00a0\u00a0\u00a0\u00a0 Con estos fundamentos, mi admirado Antonio Enrique acaba de dar a la imprenta su novela \u201cBoabdil, el pr\u00edncipe del d\u00eda y de la noche\u201d (Granada, Dauro, 2016), que recorre desde dos puntos de vista distintos toda la dinast\u00eda nazar\u00ed, centr\u00e1ndose especialmente en la figura de su \u00faltimo sult\u00e1n, el perdedor de la grandeza de su genealog\u00eda.<\/p>\n<p style=\"text-align: justify;\"><a href=\"https:\/\/albertogranados.files.wordpress.com\/2016\/11\/boabdil-portada.jpg\"><img data-recalc-dims=\"1\" decoding=\"async\" class=\"aligncenter size-full wp-image-7702\" src=\"https:\/\/albertogranados.files.wordpress.com\/2016\/11\/boabdil-portada.jpg?w=640\" sizes=\"(max-width: 314px) 100vw, 314px\" srcset=\"https:\/\/albertogranados.files.wordpress.com\/2016\/11\/boabdil-portada.jpg 314w, https:\/\/albertogranados.files.wordpress.com\/2016\/11\/boabdil-portada.jpg?w=105 105w, https:\/\/albertogranados.files.wordpress.com\/2016\/11\/boabdil-portada.jpg?w=210 210w\" alt=\"boabdil-portada\" data-attachment-id=\"7702\" data-permalink=\"https:\/\/albertogranados.wordpress.com\/2016\/11\/17\/antonio-enrique-boabdil-el-principe-del-dia-y-de-la-noche\/boabdil-portada\/\" data-orig-file=\"https:\/\/albertogranados.files.wordpress.com\/2016\/11\/boabdil-portada.jpg?w=560\" data-orig-size=\"314,449\" data-comments-opened=\"1\" data-image-meta=\"{&quot;aperture&quot;:&quot;0&quot;,&quot;credit&quot;:&quot;&quot;,&quot;camera&quot;:&quot;&quot;,&quot;caption&quot;:&quot;&quot;,&quot;created_timestamp&quot;:&quot;0&quot;,&quot;copyright&quot;:&quot;&quot;,&quot;focal_length&quot;:&quot;0&quot;,&quot;iso&quot;:&quot;0&quot;,&quot;shutter_speed&quot;:&quot;0&quot;,&quot;title&quot;:&quot;&quot;,&quot;orientation&quot;:&quot;0&quot;}\" data-image-title=\"boabdil-portada\" data-image-description=\"\" data-medium-file=\"https:\/\/albertogranados.files.wordpress.com\/2016\/11\/boabdil-portada.jpg?w=560?w=210\" data-large-file=\"https:\/\/albertogranados.files.wordpress.com\/2016\/11\/boabdil-portada.jpg?w=560?w=314\" \/><\/a><\/p>\n<p style=\"text-align: justify;\">\u00a0\u00a0\u00a0\u00a0\u00a0\u00a0 La primera parte arranca con una imagen de una enorme plasticidad narrativa: en febrero de 1492, tras haber rendido Granada, Boabdil asiste a la exhumaci\u00f3n de los reyes, reinas, pr\u00edncipes y hasta concubinas de su estirpe. Tiene que llev\u00e1rselos de noche para enterrarlos mirando a La Meca en el apartado rinc\u00f3n de Mond\u00fajar. Con ello evitar\u00e1 que los cristianos profanen a los veinticuatro sultanes que construyeron el \u00faltimo reducto del Islam y el soberbio \u00e1mbito de la Alhambra. La aparici\u00f3n de los distintos cad\u00e1veres permite a Boabdil una larga reflexi\u00f3n sobre la grandeza de su familia. Una gloria construida a base de traiciones, degollinas, ambiciones, batallas, alucinaciones, sexo y riqueza. En efecto, entre los veintitr\u00e9s sultanes que le precedieron, hubo ambiciosos y ab\u00falicos, ensimismados, obsesionados con el poder o con el estudio de la astronom\u00eda, el culto por los caballos, obsesos sexuales\u2026 Boabdil, al codearse con sus muertos recurre inevitablemente al t\u00f3pico barroco del <em>ubi sunt<\/em>: \u00bfd\u00f3nde qued\u00f3 la grandeza de su familia, definitivamente barrida por los Reyes cristianos Isabel de Castilla y Fernando de Arag\u00f3n? \u00bfQu\u00e9 fue de tanta belleza, tanta pompa y tanta majestad una vez llegada la derrota? La larga reflexi\u00f3n adquiere un tono pat\u00e9tico, realmente po\u00e9tico y magn\u00edficamente resuelto, hasta el punto de que el lector paladea la sensaci\u00f3n de la incontestable derrota, la desposesi\u00f3n y la p\u00e9rdida de ese para\u00edso que hab\u00eda sido la Alhambra.<\/p>\n<p style=\"text-align: justify;\">\u00a0\u00a0\u00a0\u00a0\u00a0\u00a0\u00a0 En la segunda parte, un eunuco anciano, que conoci\u00f3 a Boabdil desde que este era un ni\u00f1o, reflexiona sobre los \u00faltimos lances de los nazar\u00edes, la inminente ca\u00edda de la dinast\u00eda (y, con ello, de Granada y la Alhambra), el exilio de la familia real y el abandono a sus propios recuerdos, \u00fanico tesoro que le ha quedado. Las remembranzas de este anciano, que quedar\u00e1 como una fantasmagor\u00eda m\u00e1s entre los que permanecieron en su ciudad, se centran en los \u00faltimos sultanes, en las guerras y traiciones entre ellos, tal vez orquestadas por la propia Castilla para dividir y resquebrajar definitivamente el Islam hispano. El eunuco, que no fue cegado, guarda en su confusa memoria im\u00e1genes del momento en que Boabdil se siente perdido, de la belleza de las mujeres del har\u00e9n, de las incestuosas relaciones entre el sult\u00e1n y su madre, Aixa la-Horra, de Cetti Meriem, de otros mil nombres que nos remiten al romancero fronterizo (Redu\u00e1n, la p\u00e9rdida de Alhama, Aben\u00e1mar, etc.). En su vagar por el pasado, nos pone en contacto con ese mundo definitivamente perdido, sintiendo con la insistencia tozuda del recuerdo, la m\u00e1s infinita nostalgia por un tiempo irrecuperable.<\/p>\n<p class=\"wp-caption aligncenter\" style=\"text-align: justify;\" data-shortcode=\"caption\">\n<p class=\"wp-caption-text\">\n<p style=\"text-align: justify;\">\u00a0\u00a0\u00a0\u00a0\u00a0\u00a0 Este doble recorrido de la historia nazar\u00ed, desde el enfoque de quienes lo han tenido todo y, por contraste, de quien no ha tenido ni siquiera la virilidad intacta, cierra un c\u00edrculo perfecto, un ciclo de historia sentida, llena de un calor ajeno a los postulados cient\u00edficos y fr\u00edos de la Historia. Ese es el gran acierto de Antonio Enrique en esta novela: trascender la frialdad del hecho hist\u00f3rico para dotarlo de un h\u00e1lito de vida, de calor humano, de simpat\u00eda incondicional por parte del lector. No es otra cosa que el permanente milagro de la literatura: la funci\u00f3n po\u00e9tica.<\/p>\n<p style=\"text-align: justify;\">\u00a0\u00a0\u00a0\u00a0\u00a0\u00a0 Si en la primera parte predomina el enfoque historicista, en el segundo, Eleazar al-Sabaj, el viejo eunuco, llena la historia de los nazar\u00edes de sentido humano, al presentarnos en toda su crudeza el momento de la desposesi\u00f3n, de la irrefutable ca\u00edda de una dinast\u00eda gloriosa, de la muerte de Miriam (tambi\u00e9n conocida por Morayma o por Omalfata, la \u00fanica mujer que Boabdil realmente am\u00f3), del momento m\u00e1s dram\u00e1tico, el de la rendici\u00f3n de la ciudad y el reino. En esta segunda parte, Eleazar consigue pasajes verdaderamente inolvidables (la vida del har\u00e9n, la relaci\u00f3n con su se\u00f1or ya derrotado, la enfermedad y muerte de Omalfata, la dureza revanchista de los castellanos, fiel reflejo de la fals\u00eda de Fernando el Cat\u00f3lico, el sufrimiento de Omalfata por haber quedado sus hijos como rehenes de Castilla, la soledad absoluta del derrotado, la figura de Aixa la-Horra\u2026). Y es que el personaje del eunuco tiene una extra\u00f1a solidez literaria, basada en la ambig\u00fcedad. No es ni hombre, ni mujer; no es ni cristiano ni musulm\u00e1n (fue cristiano en su ni\u00f1ez en Cieza, lo convierten al Islam sin preguntarle cuando llega a la Alhambra como esclavo y tras la conquista es obligado a profesar la fe de Cristo); no pasa de la condici\u00f3n de esclavo, pero goza del afecto de Boabdil y del Infantico, el hijo mayor del monarca destronado; conoce como nadie los secretos de la familia real y goza del afecto de unos y del recelo de otros, pero siempre est\u00e1 ah\u00ed, en un segundo plano que le permite narrarnos detalles llenos de perspicacia. Est\u00e1 sin estar\u2026 Todo en \u00e9l es ambiguo, lo que le va a permitir ver el haz y el env\u00e9s de lo que cuenta y asumir estoicamente las contradicciones de la vida, de la historia y de los seres humanos que lo rodean. Me parece un personaje perfectamente construido, admirable desde el punto de vista novel\u00edstico.<\/p>\n<p class=\"wp-caption aligncenter\" style=\"text-align: justify;\" data-shortcode=\"caption\"><a href=\"https:\/\/albertogranados.files.wordpress.com\/2016\/11\/img_9362.jpg\"><img data-recalc-dims=\"1\" loading=\"lazy\" decoding=\"async\" class=\"size-full wp-image-7704\" src=\"https:\/\/albertogranados.files.wordpress.com\/2016\/11\/img_9362.jpg?w=560&#038;h=420&#038;fit=560%2C420&#038;resize=560%2C420\" sizes=\"auto, (max-width: 560px) 100vw, 560px\" srcset=\"https:\/\/albertogranados.files.wordpress.com\/2016\/11\/img_9362.jpg?w=560&amp;h=420 560w, https:\/\/albertogranados.files.wordpress.com\/2016\/11\/img_9362.jpg?w=1120&amp;h=840 1120w, https:\/\/albertogranados.files.wordpress.com\/2016\/11\/img_9362.jpg?w=150&amp;h=113 150w, https:\/\/albertogranados.files.wordpress.com\/2016\/11\/img_9362.jpg?w=300&amp;h=225 300w, https:\/\/albertogranados.files.wordpress.com\/2016\/11\/img_9362.jpg?w=768&amp;h=576 768w, https:\/\/albertogranados.files.wordpress.com\/2016\/11\/img_9362.jpg?w=1024&amp;h=768 1024w\" alt=\"Antonio Enrique durante la presentaci\u00f3n en Guadix del libro de Francisco Gil Craviotto &quot;La mano quemada&quot; (09\/11\/2016)\" width=\"560\" height=\"420\" data-attachment-id=\"7704\" data-permalink=\"https:\/\/albertogranados.wordpress.com\/2016\/11\/17\/antonio-enrique-boabdil-el-principe-del-dia-y-de-la-noche\/img_9362\/\" data-orig-file=\"https:\/\/albertogranados.files.wordpress.com\/2016\/11\/img_9362.jpg?w=560&amp;h=420\" data-orig-size=\"1600,1200\" data-comments-opened=\"1\" data-image-meta=\"{&quot;aperture&quot;:&quot;5&quot;,&quot;credit&quot;:&quot;&quot;,&quot;camera&quot;:&quot;Canon PowerShot SX500 IS&quot;,&quot;caption&quot;:&quot;&quot;,&quot;created_timestamp&quot;:&quot;1478716216&quot;,&quot;copyright&quot;:&quot;&quot;,&quot;focal_length&quot;:&quot;9.05&quot;,&quot;iso&quot;:&quot;400&quot;,&quot;shutter_speed&quot;:&quot;0.066666666666667&quot;,&quot;title&quot;:&quot;&quot;,&quot;orientation&quot;:&quot;1&quot;}\" data-image-title=\"img_9362\" data-image-description=\"&lt;p&gt;Antonio Enrique duante la presentaci\u00f3n en Guadix del libro de Francisco Gil Craviotto \u201cLa mano quemada\u201d (09\/11\/2016)&lt;\/p&gt; \" data-medium-file=\"https:\/\/albertogranados.files.wordpress.com\/2016\/11\/img_9362.jpg?w=560&amp;h=420?w=300\" data-large-file=\"https:\/\/albertogranados.files.wordpress.com\/2016\/11\/img_9362.jpg?w=560&amp;h=420?w=560\" \/><\/a><\/p>\n<p class=\"wp-caption-text\">Antonio Enrique durante la presentaci\u00f3n en Guadix del libro de Francisco Gil Craviotto \u201cLa mano quemada\u201d (09\/11\/2016)<\/p>\n<p style=\"text-align: justify;\">Pero no ser\u00eda justo dejar al margen a otros personajes de la novela: los secundarios de las sucesivas cortes, tanto musulmanas como cristianas. Por la novela aparecen muchos nombres que explican la verdad hist\u00f3rica. No son protagonistas, pero son los ejecutores de la Historia, de forma que el lector sin acusados conocimientos hist\u00f3ricos consigue aprehender las claves de una larga \u00e9poca. Y si se me consiente la licencia de considerarlos personajes, la propia Alhambra, la Sierra Nevada, el agua, las obras p\u00fablicas\u2026. juegan tambi\u00e9n un papel narrativo que a nadie puede dejar indiferente.<\/p>\n<p style=\"text-align: justify;\">\u00a0\u00a0\u00a0\u00a0\u00a0\u00a0 En el cap\u00edtulo de agradecimientos, Antonio Enrique nos pone en contacto con sus fuentes. La primera y fundamental es el profesor granadino Luis Seco de Lucena Paredes, junto a otros arabistas como el recientemente fallecido Emilio de Santiago, Omar Yabir o Miguel Hagerty, junto a otros novelistas o bi\u00f3grafos que se han centrado en la figura de Boabdil (Villena, Antonio Gala, Jos\u00e9 Luis Serrano, Juan Eslava Gal\u00e1n, etc.), junto a un considerable n\u00famero de autores que Antonio Enrique reconoce como influencias directas. Si las fuentes son nombres de reconocido prestigio, el caudal narrativo que mana de ellas no desmerece en absoluto.<\/p>\n<p style=\"text-align: justify;\">\u00a0\u00a0\u00a0\u00a0\u00a0\u00a0 Encuentro dos objeciones al libro. La primera, que junto a otros ap\u00e9ndices (un glosario de t\u00e9rminos \u00e1rabes, un cuadro geneal\u00f3gico de la dinast\u00eda nazar\u00ed, etc.), el autor nos haya privado de un \u00edndice m\u00e1s: el topogr\u00e1fico. A lo largo de la novela aparecen muchos top\u00f3nimos, casi siempre, traducidos y explicados, pero habr\u00eda sido un impagable lujo disfrutar de la sonoridad de tales nombres geogr\u00e1ficos y de su traducci\u00f3n en un ap\u00e9ndice espec\u00edfico que los desligara de la acci\u00f3n novel\u00edstica.<\/p>\n<p style=\"text-align: justify;\">\u00a0\u00a0\u00a0\u00a0\u00a0\u00a0 Y creo que habr\u00eda sido mucho m\u00e1s exacto este otro t\u00edtulo: <em>Boabdil, pr\u00edncipe del ocaso y de la noche<\/em>. Porque a Boabdil no le toc\u00f3 un luminoso d\u00eda de la Historia, sino un declive, una muerte lenta, un ocaso (\u00a1otro elemento barroco!) en la grandeza plagada de canallas de su regia dinast\u00eda.<\/p>\n<p style=\"text-align: justify;\">\u00a0\u00a0\u00a0\u00a0\u00a0\u00a0 La novela interesar\u00e1 a cualquier enamorado de Granada, de la Alhambra, de la cultura desaparecida tras la conquista cristiana. Es decir, a cualquier persona sensible. Hay mucha ternura, mucho sentido admirativo, mucha pasi\u00f3n y una indudable maestr\u00eda para ensamblar todo lo anterior en una trama que nos hechiza, como lo hacen la Alhambra, el Albayz\u00edn u otros cientos de rincones granadinos. Quien no me crea, que lea <em>Boabdil, el pr\u00edncipe del d\u00eda y de la noche<\/em>. Despu\u00e9s hablamos.<\/p>\n<p style=\"text-align: justify;\">\u00a0Alberto Granados<\/p>\n<blockquote class=\"wp-embedded-content\" data-secret=\"46nHnm6H5W\"><p><a href=\"https:\/\/albertogranados.wordpress.com\/2016\/11\/17\/antonio-enrique-boabdil-el-principe-del-dia-y-de-la-noche\/\">Antonio Enrique: \u201cBoabdil, el pr\u00edncipe del d\u00eda y de la&nbsp;noche\u201d<\/a><\/p><\/blockquote>\n<p><iframe loading=\"lazy\" class=\"wp-embedded-content\" sandbox=\"allow-scripts\" security=\"restricted\" style=\"position: absolute; visibility: hidden;\" title=\"\u00abAntonio Enrique: \u201cBoabdil, el pr\u00edncipe del d\u00eda y de la&nbsp;noche\u201d\u00bb \u2014 Alberto Granados\" src=\"https:\/\/albertogranados.wordpress.com\/2016\/11\/17\/antonio-enrique-boabdil-el-principe-del-dia-y-de-la-noche\/embed\/#?secret=KLXmhHXNSC#?secret=46nHnm6H5W\" data-secret=\"46nHnm6H5W\" width=\"600\" height=\"338\" frameborder=\"0\" marginwidth=\"0\" marginheight=\"0\" scrolling=\"no\"><\/iframe><\/p>\n<p>&nbsp;<\/p>\n<p style=\"text-align: justify;\">foto: Antonio Enrique en un acto del Centro Art\u00edstico, Literario y Cient\u00edfico<\/p>\n","protected":false},"excerpt":{"rendered":"<p>La novela rese\u00f1ada se present\u00f3 en el Sal\u00f3n de Plenos del Ayuntamiento de Granada &#8230;.<\/p>\n","protected":false},"author":1,"featured_media":14878,"comment_status":"closed","ping_status":"closed","sticky":false,"template":"","format":"standard","meta":{"_coblocks_attr":"","_coblocks_dimensions":"","_coblocks_responsive_height":"","_coblocks_accordion_ie_support":"","jetpack_post_was_ever_published":false,"_jetpack_newsletter_access":"","_jetpack_dont_email_post_to_subs":false,"_jetpack_newsletter_tier_id":0,"_jetpack_memberships_contains_paywalled_content":false,"_jetpack_memberships_contains_paid_content":false,"footnotes":"","jetpack_publicize_message":"","jetpack_publicize_feature_enabled":true,"jetpack_social_post_already_shared":false,"jetpack_social_options":{"image_generator_settings":{"template":"highway","default_image_id":0,"enabled":false},"version":2}},"categories":[39,12,186,44,15],"tags":[90,198],"class_list":["post-14875","post","type-post","status-publish","format-standard","has-post-thumbnail","hentry","category-opinion-de-alberto-granados","category-cultura","category-instituciones","category-noticias-de-hoy","category-ultimas-noticias","tag-cultura","tag-literatura"],"jetpack_publicize_connections":[],"jetpack_featured_media_url":"https:\/\/i0.wp.com\/miradordeatarfe.es\/wp-content\/uploads\/2017\/03\/img_5898.jpg?fit=768%2C576&ssl=1","jetpack_likes_enabled":true,"jetpack_sharing_enabled":true,"_links":{"self":[{"href":"https:\/\/miradordeatarfe.es\/index.php?rest_route=\/wp\/v2\/posts\/14875","targetHints":{"allow":["GET"]}}],"collection":[{"href":"https:\/\/miradordeatarfe.es\/index.php?rest_route=\/wp\/v2\/posts"}],"about":[{"href":"https:\/\/miradordeatarfe.es\/index.php?rest_route=\/wp\/v2\/types\/post"}],"author":[{"embeddable":true,"href":"https:\/\/miradordeatarfe.es\/index.php?rest_route=\/wp\/v2\/users\/1"}],"replies":[{"embeddable":true,"href":"https:\/\/miradordeatarfe.es\/index.php?rest_route=%2Fwp%2Fv2%2Fcomments&post=14875"}],"version-history":[{"count":4,"href":"https:\/\/miradordeatarfe.es\/index.php?rest_route=\/wp\/v2\/posts\/14875\/revisions"}],"predecessor-version":[{"id":14905,"href":"https:\/\/miradordeatarfe.es\/index.php?rest_route=\/wp\/v2\/posts\/14875\/revisions\/14905"}],"wp:featuredmedia":[{"embeddable":true,"href":"https:\/\/miradordeatarfe.es\/index.php?rest_route=\/wp\/v2\/media\/14878"}],"wp:attachment":[{"href":"https:\/\/miradordeatarfe.es\/index.php?rest_route=%2Fwp%2Fv2%2Fmedia&parent=14875"}],"wp:term":[{"taxonomy":"category","embeddable":true,"href":"https:\/\/miradordeatarfe.es\/index.php?rest_route=%2Fwp%2Fv2%2Fcategories&post=14875"},{"taxonomy":"post_tag","embeddable":true,"href":"https:\/\/miradordeatarfe.es\/index.php?rest_route=%2Fwp%2Fv2%2Ftags&post=14875"}],"curies":[{"name":"wp","href":"https:\/\/api.w.org\/{rel}","templated":true}]}}