{"id":14892,"date":"2017-03-14T07:04:56","date_gmt":"2017-03-14T06:04:56","guid":{"rendered":"http:\/\/miradordeatarfe.es\/?p=14892"},"modified":"2017-03-13T13:09:30","modified_gmt":"2017-03-13T12:09:30","slug":"el-40-de-las-adolescentes-ha-sufrido-algun-tipo-de-violencia-sexual","status":"publish","type":"post","link":"https:\/\/miradordeatarfe.es\/?p=14892","title":{"rendered":"El 40% de las adolescentes ha sufrido alg\u00fan tipo de violencia sexual"},"content":{"rendered":"<p style=\"text-align: justify;\">La investigaci\u00f3n en 20 institutos de la ciudad revela que solo una joven denunci\u00f3 La mayor\u00eda de los chicos justifican la violencia de g\u00e9nero o creen que las chicas \u00abson unas estrechas pero en realidad s\u00ed quieren\u00bb<!--more--><\/p>\n<p style=\"text-align: justify;\">El trabajo de campo es lo suficientemente amplio como para que tenga validez como muestra. La soci\u00f3loga Carmen Ruiz Repullo no se imagin\u00f3 que <strong>cuando consult\u00f3 a chicas adolescentes de 20 institutos de la ciudad de Granada, nada menos que un 40 por ciento de las participantes se\u00f1alase la casilla del s\u00ed al ser cuestionadas sobre si en alg\u00fan momento hab\u00edan sufrido alg\u00fan tipo de violencia sexual, agresi\u00f3n o actitud coercitiva.<\/strong><\/p>\n<p style=\"text-align: justify;\">En el trabajo de campo para la preparaci\u00f3n del libro &#8216;Violencia sexual en adolescentes de Granada&#8217;, editado por el Ayuntamiento de Granada, la autora consult\u00f3 a 1.226 adolescentes de ambos sexos. <strong>El 40 por ciento de las chicas dijo haber sufrido actitudes m\u00e1s all\u00e1 de comentarios machistas. Lo m\u00e1s grave es que solo una de ellas denunci\u00f3.<\/strong><\/p>\n<section id=\"sumario_1|audio\" class=\"sumario audio center\"><a id=\"sumario_1\"><\/a><\/p>\n<div id=\"multimediaPlayer_1488455935_1\" data-hj-ignore-attributes=\"\"><iframe loading=\"lazy\" id=\"AudioPlayer_553173303\" src=\"http:\/\/play.cadenaser.com\/widget\/audio\/1488376384_988421\/81?sec=widget\" width=\"100%\" height=\"92\" frameborder=\"0\" scrolling=\"no\" data-mce-fragment=\"1\"><\/iframe><\/div>\n<\/section>\n<p style=\"text-align: justify;\">Si graves son estos datos no lo son menos los que se derivan de las respuestas de los chicos. <strong>El 90% de los j\u00f3venes varones justifica la violencia sexual poniendo como principal causa de la misma el consumo de alcohol o drogas. Adem\u00e1s, el 80,5% de los muchachos participantes piensa que hay chicas que \u00abvan de estrechas pero en el fondo quieren mantener relaciones sexuales\u00bb.<\/strong><\/p>\n<p style=\"text-align: justify;\">Antes estos datos, presentados este mi\u00e9rcoles en el Ayuntamiento de Granada, t<strong>anto la concejala de Igualdad, Ana Mu\u00f1oz, como la autora del libro han coincidido en la prevenci\u00f3n y la educaci\u00f3n en igualdad, como v\u00edas para erradicar estas actitudes.<\/strong><\/p>\n<p style=\"text-align: justify;\">El trabajo pone de manifiesto \u00abque <strong>la violencia sexual no anda lejos de la poblaci\u00f3n adolescente de nuestra ciudad, que las creencias y mitos sexistas son ampliamente compartidos y que la libertad sexual sigue siendo un terreno masculinizado<\/strong>\u00ab, seg\u00fan ha lamentado la concejala.<\/p>\n<h3 style=\"text-align: justify;\">D\u00eda de la Mujer<\/h3>\n<p style=\"text-align: justify;\"><strong>Una exposici\u00f3n sobre las distintas realidades de las mujeres espa\u00f1olas, sesiones de cine-forum, talleres variados y un concierto gratuito de la artista Sole\u00e1 Morente, son algunas de las actividades<\/strong> que el Ayuntamiento de Granada ha organizado con motivo de la celebraci\u00f3n del <strong>&#8216;D\u00eda Internacional de las Mujeres&#8217;,<\/strong> que tendr\u00e1 lugar el 8 de marzo.<\/p>\n<p style=\"text-align: justify;\"><strong>As\u00ed, a partir del d\u00eda 6 y hasta el 26 de marzo, se podr\u00e1 visitar en el claustro del patio del Ayuntamiento la exposici\u00f3n &#8216;Mujeres Espa\u00f1olas&#8217;,<\/strong> que se basa en las historias reales y situaciones concretas de la vida de las mujeres para realizar una aproximaci\u00f3n a las distintas identidades territoriales, culturales, sociales y profesionales de las mujeres que viven en los pueblos y ciudades espa\u00f1olas.<\/p>\n<p style=\"text-align: justify;\"><strong>Esta exposici\u00f3n,<\/strong> propiedad del Instituto de la Mujer y para la Igualdad de Oportunidades, Ministerio de Sanidad, Servicios Sociales e Igualdad, <strong>recoge historias contadas por periodistas, escritoras y fot\u00f3grafas espa\u00f1olas con el fin de dar visibilidad y reconocimiento a la diversidad<\/strong> y los cambios que han tenido lugar en la realidad cotidiana de la vida de las mujeres.<\/p>\n<p style=\"text-align: justify;\"><strong>Tambi\u00e9n dentro de las actividades previstas en el marco del D\u00eda Internacional de las Mujeres, ha tenido lugar la presentaci\u00f3n del libro &#8216;Violencia sexual en adolescentes de Granada&#8217;.<\/strong><\/p>\n<p style=\"text-align: justify;\">Adem\u00e1s de la manifestaci\u00f3n que se desarroll\u00f3 el 8 de marzo, para la que este a\u00f1o se eligi\u00f3 el lema &#8216;<strong>Dignas, diversas, insumisas y juntas contra todas las violencias&#8217;<\/strong>, el programa de actividades se completa con exposiciones, talleres, visitas guiadas la &#8216;La Granada de Mariana Pineda&#8217; y sesiones de cine que se realizar\u00e1n en los distintos distritos de la ciudad en colaboraci\u00f3n con los Centros Municipales de Servicios Sociales Comunitarios y Centros C\u00edvicos.<\/p>\n","protected":false},"excerpt":{"rendered":"<p>La investigaci\u00f3n en 20 institutos de la ciudad revela que solo una joven denunci\u00f3 La&#8230;<\/p>\n","protected":false},"author":1,"featured_media":14893,"comment_status":"closed","ping_status":"closed","sticky":false,"template":"","format":"standard","meta":{"_coblocks_attr":"","_coblocks_dimensions":"","_coblocks_responsive_height":"","_coblocks_accordion_ie_support":"","jetpack_post_was_ever_published":false,"_jetpack_newsletter_access":"","_jetpack_dont_email_post_to_subs":false,"_jetpack_newsletter_tier_id":0,"_jetpack_memberships_contains_paywalled_content":false,"_jetpack_memberships_contains_paid_content":false,"footnotes":"","jetpack_publicize_message":"","jetpack_publicize_feature_enabled":true,"jetpack_social_post_already_shared":false,"jetpack_social_options":{"image_generator_settings":{"template":"highway","default_image_id":0,"enabled":false},"version":2}},"categories":[186,44,15,10],"tags":[47,1517,3651],"class_list":["post-14892","post","type-post","status-publish","format-standard","has-post-thumbnail","hentry","category-instituciones","category-noticias-de-hoy","category-ultimas-noticias","category-salud","tag-8-de-marzo","tag-exposiciones","tag-publicacion"],"jetpack_publicize_connections":[],"jetpack_featured_media_url":"https:\/\/i0.wp.com\/miradordeatarfe.es\/wp-content\/uploads\/2017\/03\/1488373462_006630_1488376180_noticia_normal.jpg?fit=770%2C608&ssl=1","jetpack_likes_enabled":true,"jetpack_sharing_enabled":true,"_links":{"self":[{"href":"https:\/\/miradordeatarfe.es\/index.php?rest_route=\/wp\/v2\/posts\/14892","targetHints":{"allow":["GET"]}}],"collection":[{"href":"https:\/\/miradordeatarfe.es\/index.php?rest_route=\/wp\/v2\/posts"}],"about":[{"href":"https:\/\/miradordeatarfe.es\/index.php?rest_route=\/wp\/v2\/types\/post"}],"author":[{"embeddable":true,"href":"https:\/\/miradordeatarfe.es\/index.php?rest_route=\/wp\/v2\/users\/1"}],"replies":[{"embeddable":true,"href":"https:\/\/miradordeatarfe.es\/index.php?rest_route=%2Fwp%2Fv2%2Fcomments&post=14892"}],"version-history":[{"count":1,"href":"https:\/\/miradordeatarfe.es\/index.php?rest_route=\/wp\/v2\/posts\/14892\/revisions"}],"predecessor-version":[{"id":14894,"href":"https:\/\/miradordeatarfe.es\/index.php?rest_route=\/wp\/v2\/posts\/14892\/revisions\/14894"}],"wp:featuredmedia":[{"embeddable":true,"href":"https:\/\/miradordeatarfe.es\/index.php?rest_route=\/wp\/v2\/media\/14893"}],"wp:attachment":[{"href":"https:\/\/miradordeatarfe.es\/index.php?rest_route=%2Fwp%2Fv2%2Fmedia&parent=14892"}],"wp:term":[{"taxonomy":"category","embeddable":true,"href":"https:\/\/miradordeatarfe.es\/index.php?rest_route=%2Fwp%2Fv2%2Fcategories&post=14892"},{"taxonomy":"post_tag","embeddable":true,"href":"https:\/\/miradordeatarfe.es\/index.php?rest_route=%2Fwp%2Fv2%2Ftags&post=14892"}],"curies":[{"name":"wp","href":"https:\/\/api.w.org\/{rel}","templated":true}]}}