{"id":14898,"date":"2017-03-14T09:46:26","date_gmt":"2017-03-14T08:46:26","guid":{"rendered":"http:\/\/miradordeatarfe.es\/?p=14898"},"modified":"2017-03-14T09:47:22","modified_gmt":"2017-03-14T08:47:22","slug":"la-liebre-que-sonaba-ganar-la-maraton-para-montar-una-granja","status":"publish","type":"post","link":"https:\/\/miradordeatarfe.es\/?p=14898","title":{"rendered":"La &#8216;liebre&#8217; que so\u00f1aba ganar la marat\u00f3n para montar una granja"},"content":{"rendered":"<p style=\"text-align: justify;\">Hoy abrimos <strong>el desayuno de las 10<\/strong> con la noticia que ayer revolucion\u00f3 la inesperada final de la marat\u00f3n de Barcelona. Cristian Llorens, director deportivo de la <strong>Marat\u00f3n de Barcelona<\/strong>, nos ha contado un poco m\u00e1s acerca de la victoria del keniano paral\u00edmpico Jonah Kipkemoi Chesum<!--more--><\/p>\n<section id=\"sumario_1|audio\" class=\"sumario audio center\"><a id=\"sumario_1\"><\/a><\/p>\n<div id=\"multimediaPlayer_1489406227_1\" data-hj-ignore-attributes=\"\"><iframe loading=\"lazy\" id=\"AudioPlayer_474667957\" src=\"http:\/\/play.cadenaser.com\/widget\/audio\/1489402405_350769\/80?sec=widget\" width=\"100%\" height=\"102\" frameborder=\"0\" scrolling=\"no\" data-mce-fragment=\"1\"><\/iframe><\/div>\n<\/section>\n<div id=\"cadenaser_gpt-INTEXT\" style=\"text-align: justify;\" data-google-query-id=\"CLCK2cbB09ICFQgbaQodaPoGWQ\">\n<div id=\"google_ads_iframe_\/7811748\/cadenaser_web\/programa\/hoy_por_hoy\/el_desayuno_de_las_10\/intext_0__container__\"><iframe id=\"google_ads_iframe_\/7811748\/cadenaser_web\/programa\/hoy_por_hoy\/el_desayuno_de_las_10\/intext_0\" title=\"3rd party ad content\" name=\"google_ads_iframe_\/7811748\/cadenaser_web\/programa\/hoy_por_hoy\/el_desayuno_de_las_10\/intext_0\" width=\"1\" height=\"1\" frameborder=\"0\" marginwidth=\"0\" marginheight=\"0\" scrolling=\"no\" data-integralas-id-1668a979-6c23-5122-7911-75ad6922895c=\"\" data-mce-fragment=\"1\"><\/iframe><\/div>\n<\/div>\n<p style=\"text-align: justify;\">Lo novedoso de este triunfo es que se trata de un corredor &#8216;liebre&#8217;. Las liebres son <strong>contratadas para correr los primeros kil\u00f3metros de la carrera<\/strong> y as\u00ed imponer un ritmo lo bastante alto como para que el atleta estrella consiga completar la carrera con una buena marca \u2013 y ganar a ser posible -. Para esta carrera <strong>se contrataron cuatro liebres<\/strong> y desde la organizaci\u00f3n se les marc\u00f3 un determinado ritmo. Chesum deb\u00eda completar los primeros 35 kil\u00f3metros, sin embargo acab\u00f3 alcanzando los 42 kil\u00f3metros consiguiendo as\u00ed la victoria con una marca de 2:08:59 horas.<\/p>\n<div class=\"cnt-body\">\n<div id=\"cuerpo_noticia_r\" class=\"cuerpo\">\n<p>\u201cNo s\u00f3lo sirve ganar, sino <strong>el tiempo con el que ganas es muy importante a la hora de cobrar<\/strong> un dinero u otro\u201d, dec\u00eda as\u00ed Cristian Llorens quien ha recalcado que no se trata de incumplimiento de contrato de ninguna manera ya que ha cumplido su labor como liebre (3.000 euros de recompensa), y adem\u00e1s, por haber ganado la marat\u00f3n, pasando las 2:09 horas, <strong>el premio se ha traducido en 10.000 euros m\u00e1s<\/strong>. Aunque si hubiese bajado de 2\u201907 el premio habr\u00eda sido el doble.<\/p>\n<p style=\"text-align: justify;\">Es com\u00fan que los corredores provengan de un ambiente rural cuya m\u00e1xima aspiraci\u00f3n es tener una granja con muchos animales. \u00abAlgunos se convierten en grandes estrellas mundiales y hacen otro tipo de negocios, pero <strong>la gran mayor\u00eda que llegan a un nivel medio, corren para tener granjas<\/strong> y animales\u00bb, ha explicado el director deportivo de la Marat\u00f3n porque Chesum contaba a los medios que quer\u00eda <strong>comprar una vaca para alimentar a su hijo de seis meses<\/strong> con el dinero ganado en la carrera.<\/p>\n<p style=\"text-align: justify;\">Los dem\u00e1s corredores reconocen el gran esfuerzo de este corredor y han sabido reconocer la victoria. Porque \u201cgana el que est\u00e1 m\u00e1s fuerte\u201d, afirma el director de la Marat\u00f3n de Barcelona. Desde la direcci\u00f3n deportiva reconocen que \u201cnuestra intenci\u00f3n es conseguir grandes marcas aqu\u00ed en Barcelona\u201d. Aun as\u00ed, Llorens ha se\u00f1alado que \u201crealizar y <strong>acabar toda una marat\u00f3n ya es un gran logro<\/strong> sea cual sea la marca\u201d.<\/p>\n<\/div>\n<\/div>\n","protected":false},"excerpt":{"rendered":"<p>Hoy abrimos el desayuno de las 10 con la noticia que ayer revolucion\u00f3 la inesperada&#8230;<\/p>\n","protected":false},"author":1,"featured_media":14899,"comment_status":"closed","ping_status":"closed","sticky":false,"template":"","format":"standard","meta":{"_coblocks_attr":"","_coblocks_dimensions":"","_coblocks_responsive_height":"","_coblocks_accordion_ie_support":"","jetpack_post_was_ever_published":false,"_jetpack_newsletter_access":"","_jetpack_dont_email_post_to_subs":false,"_jetpack_newsletter_tier_id":0,"_jetpack_memberships_contains_paywalled_content":false,"_jetpack_memberships_contains_paid_content":false,"footnotes":"","jetpack_publicize_message":"","jetpack_publicize_feature_enabled":true,"jetpack_social_post_already_shared":false,"jetpack_social_options":{"image_generator_settings":{"template":"highway","default_image_id":0,"enabled":false},"version":2}},"categories":[182,186,44,15],"tags":[3654,3653,617,1096],"class_list":["post-14898","post","type-post","status-publish","format-standard","has-post-thumbnail","hentry","category-deportes","category-instituciones","category-noticias-de-hoy","category-ultimas-noticias","tag-granja","tag-liebre","tag-maraton","tag-premio"],"jetpack_publicize_connections":[],"jetpack_featured_media_url":"https:\/\/i0.wp.com\/miradordeatarfe.es\/wp-content\/uploads\/2017\/03\/1489397425_105429_1489405232_noticia_normal.jpg?fit=770%2C514&ssl=1","jetpack_likes_enabled":true,"jetpack_sharing_enabled":true,"_links":{"self":[{"href":"https:\/\/miradordeatarfe.es\/index.php?rest_route=\/wp\/v2\/posts\/14898","targetHints":{"allow":["GET"]}}],"collection":[{"href":"https:\/\/miradordeatarfe.es\/index.php?rest_route=\/wp\/v2\/posts"}],"about":[{"href":"https:\/\/miradordeatarfe.es\/index.php?rest_route=\/wp\/v2\/types\/post"}],"author":[{"embeddable":true,"href":"https:\/\/miradordeatarfe.es\/index.php?rest_route=\/wp\/v2\/users\/1"}],"replies":[{"embeddable":true,"href":"https:\/\/miradordeatarfe.es\/index.php?rest_route=%2Fwp%2Fv2%2Fcomments&post=14898"}],"version-history":[{"count":2,"href":"https:\/\/miradordeatarfe.es\/index.php?rest_route=\/wp\/v2\/posts\/14898\/revisions"}],"predecessor-version":[{"id":14901,"href":"https:\/\/miradordeatarfe.es\/index.php?rest_route=\/wp\/v2\/posts\/14898\/revisions\/14901"}],"wp:featuredmedia":[{"embeddable":true,"href":"https:\/\/miradordeatarfe.es\/index.php?rest_route=\/wp\/v2\/media\/14899"}],"wp:attachment":[{"href":"https:\/\/miradordeatarfe.es\/index.php?rest_route=%2Fwp%2Fv2%2Fmedia&parent=14898"}],"wp:term":[{"taxonomy":"category","embeddable":true,"href":"https:\/\/miradordeatarfe.es\/index.php?rest_route=%2Fwp%2Fv2%2Fcategories&post=14898"},{"taxonomy":"post_tag","embeddable":true,"href":"https:\/\/miradordeatarfe.es\/index.php?rest_route=%2Fwp%2Fv2%2Ftags&post=14898"}],"curies":[{"name":"wp","href":"https:\/\/api.w.org\/{rel}","templated":true}]}}