{"id":14906,"date":"2017-03-15T10:30:57","date_gmt":"2017-03-15T09:30:57","guid":{"rendered":"http:\/\/miradordeatarfe.es\/?p=14906"},"modified":"2019-12-28T12:46:52","modified_gmt":"2019-12-28T11:46:52","slug":"los-terremotos-de-atarfe-por-jose-enrique-granados","status":"publish","type":"post","link":"https:\/\/miradordeatarfe.es\/?p=14906","title":{"rendered":"\u00abLOS TERREMOTOS DE ATARFE\u00bbpor Jos\u00e9 Enrique Granados"},"content":{"rendered":"<p style=\"text-align: justify;\">El 27 de Octubre de 1806 se produjo un terremoto que afect\u00f3 a Granada y muchos pueblos de la Vega. Fue seguido de numerosos temblores o replicas. <!--more--><\/p>\n<p style=\"text-align: justify;\">Este hecho llev\u00f3 al capit\u00e1n primero del real cuerpo de ingenieros, D. Nicol\u00e1s Garrido, a escribir una obra para tratar de explicar lo acontecido. \u00c9sta tiene por t\u00edtulo: Memoria que con motivo de los temblores de tierra sentidos en Ganada y sus contornos, desde el 27 de octubre de 1806. Escrib\u00eda don \u2026\u2026. Con licencia en Granada en la <span class=\"text_exposed_show\">imprenta de d. Francisco G\u00f3mez Espinosa de los Monteros. Nos cuenta como \u00e9l padeci\u00f3 aquellos temblores en varios lugares y se vio en una ocasi\u00f3n a punto de perecer al salir huyendo de un cortijo y pasar por debajo del umbral que se desplom\u00f3, estaba cumpliendo \u00f3rdenes de sus superiores en las riberas del Genil. Esto le llev\u00f3 a reflexionar sobre los movimientos s\u00edsmicos y escribi\u00f3 este peque\u00f1o libro en que nos da sus opiniones al respecto.<\/span><\/p>\n<div class=\"text_exposed_show\">\n<p style=\"text-align: justify;\">Cree que la parte inferior del espacio afectado, con detalle el que corresponde a la falda meridional de Sierra Elvira, es la ra\u00edz productora y el manantial de aquellos movimientos s\u00edsmicos, hab\u00eda examinado con atenci\u00f3n aquel lado de la monta\u00f1a. Se remonta al estudio de los sistemas f\u00edsicos antiguos y modernos sobre la causa de los terremotos, su modo de obrar y las circunstancias que los acompa\u00f1an, adem\u00e1s de ofrecer algunos remedios para evitarlos. Realiza una descripci\u00f3n de los acontecidos en 1806 en la Vega a los que acompa\u00f1a con varias reflexiones. Su visi\u00f3n se aparta de la tradicional basada en el castigo divino.<\/p>\n<p style=\"text-align: justify;\">Fotograf\u00eda cortes\u00eda de Jos\u00e9 Manuel Peula Garc\u00eda.<\/p>\n<p style=\"text-align: justify;\">Curiosidades elvirenses.<\/p>\n<\/div>\n","protected":false},"excerpt":{"rendered":"<p>El 27 de Octubre de 1806 se produjo un terremoto que afect\u00f3 a Granada y&#8230;<\/p>\n","protected":false},"author":1,"featured_media":14908,"comment_status":"closed","ping_status":"closed","sticky":false,"template":"","format":"standard","meta":{"_coblocks_attr":"","_coblocks_dimensions":"","_coblocks_responsive_height":"","_coblocks_accordion_ie_support":"","jetpack_post_was_ever_published":false,"_jetpack_newsletter_access":"","_jetpack_dont_email_post_to_subs":false,"_jetpack_newsletter_tier_id":0,"_jetpack_memberships_contains_paywalled_content":false,"_jetpack_memberships_contains_paid_content":false,"footnotes":"","jetpack_publicize_message":"","jetpack_publicize_feature_enabled":true,"jetpack_social_post_already_shared":false,"jetpack_social_options":{"image_generator_settings":{"template":"highway","default_image_id":0,"enabled":false},"version":2}},"categories":[2,1225,186,38,44,15],"tags":[3656,452],"class_list":["post-14906","post","type-post","status-publish","format-standard","has-post-thumbnail","hentry","category-atarfe","category-ha-de-atarfe","category-instituciones","category-opinion-de-jose-enrique-granados","category-noticias-de-hoy","category-ultimas-noticias","tag-nicolas-garrido","tag-terremoto"],"jetpack_publicize_connections":[],"jetpack_featured_media_url":"https:\/\/i0.wp.com\/miradordeatarfe.es\/wp-content\/uploads\/2017\/03\/16865231_1289317367820942_2996556772365745480_n.jpg?fit=480%2C84&ssl=1","jetpack_likes_enabled":true,"jetpack_sharing_enabled":true,"_links":{"self":[{"href":"https:\/\/miradordeatarfe.es\/index.php?rest_route=\/wp\/v2\/posts\/14906","targetHints":{"allow":["GET"]}}],"collection":[{"href":"https:\/\/miradordeatarfe.es\/index.php?rest_route=\/wp\/v2\/posts"}],"about":[{"href":"https:\/\/miradordeatarfe.es\/index.php?rest_route=\/wp\/v2\/types\/post"}],"author":[{"embeddable":true,"href":"https:\/\/miradordeatarfe.es\/index.php?rest_route=\/wp\/v2\/users\/1"}],"replies":[{"embeddable":true,"href":"https:\/\/miradordeatarfe.es\/index.php?rest_route=%2Fwp%2Fv2%2Fcomments&post=14906"}],"version-history":[{"count":2,"href":"https:\/\/miradordeatarfe.es\/index.php?rest_route=\/wp\/v2\/posts\/14906\/revisions"}],"predecessor-version":[{"id":36432,"href":"https:\/\/miradordeatarfe.es\/index.php?rest_route=\/wp\/v2\/posts\/14906\/revisions\/36432"}],"wp:featuredmedia":[{"embeddable":true,"href":"https:\/\/miradordeatarfe.es\/index.php?rest_route=\/wp\/v2\/media\/14908"}],"wp:attachment":[{"href":"https:\/\/miradordeatarfe.es\/index.php?rest_route=%2Fwp%2Fv2%2Fmedia&parent=14906"}],"wp:term":[{"taxonomy":"category","embeddable":true,"href":"https:\/\/miradordeatarfe.es\/index.php?rest_route=%2Fwp%2Fv2%2Fcategories&post=14906"},{"taxonomy":"post_tag","embeddable":true,"href":"https:\/\/miradordeatarfe.es\/index.php?rest_route=%2Fwp%2Fv2%2Ftags&post=14906"}],"curies":[{"name":"wp","href":"https:\/\/api.w.org\/{rel}","templated":true}]}}