{"id":14909,"date":"2017-03-16T11:00:35","date_gmt":"2017-03-16T10:00:35","guid":{"rendered":"http:\/\/miradordeatarfe.es\/?p=14909"},"modified":"2017-03-14T09:45:55","modified_gmt":"2017-03-14T08:45:55","slug":"atarfe-curso-de-ornitologia","status":"publish","type":"post","link":"https:\/\/miradordeatarfe.es\/?p=14909","title":{"rendered":"ATARFE: CURSO DE ORNITOLOG\u00cdA"},"content":{"rendered":"<p>Este s\u00e1bado empieza en el Centro Cultural Medina Elvira un curso gratuito de iniciaci\u00f3n a la ornitolog\u00eda para conocer las aves de nuestro entorno.<!--more--><\/p>\n<p>Son tres d\u00edas de clases te\u00f3ricas y dos de excursi\u00f3n, concretamente de observaci\u00f3n y anillamiento de aves en el embalse del Cubillas. A las excursiones solo podr\u00e1n asistir los que hayan participado en las clases te\u00f3ricas.<\/p>\n<p>Esta iniciativa se enmarca dentro del programa de actividades que se ha puesto en marcha durante estas semanas en torno a Sierra Elvira, con conferencias sobre nuestra historia, el pasado cultural, la carrera de monta\u00f1a CxM Sierra Elvira y charlas relacionadas con la flora y fauna de nuestro enclave natural.<\/p>\n<p>Si est\u00e1is interesados deb\u00e9is inscribiros lo antes posible en el Centro Cultural Medina Elvira.<\/p>\n<p><a href=\"https:\/\/i0.wp.com\/miradordeatarfe.es\/wp-content\/uploads\/2017\/03\/facebook_1489421917156.jpg?ssl=1\"><img data-recalc-dims=\"1\" loading=\"lazy\" decoding=\"async\" class=\"alignnone size-full wp-image-14910\" src=\"https:\/\/i0.wp.com\/miradordeatarfe.es\/wp-content\/uploads\/2017\/03\/facebook_1489421917156.jpg?resize=640%2C860&#038;ssl=1\" alt=\"\" width=\"640\" height=\"860\" srcset=\"https:\/\/i0.wp.com\/miradordeatarfe.es\/wp-content\/uploads\/2017\/03\/facebook_1489421917156.jpg?w=720&amp;ssl=1 720w, https:\/\/i0.wp.com\/miradordeatarfe.es\/wp-content\/uploads\/2017\/03\/facebook_1489421917156.jpg?resize=223%2C300&amp;ssl=1 223w, https:\/\/i0.wp.com\/miradordeatarfe.es\/wp-content\/uploads\/2017\/03\/facebook_1489421917156.jpg?resize=600%2C807&amp;ssl=1 600w\" sizes=\"auto, (max-width: 640px) 100vw, 640px\" \/><\/a><\/p>\n<p>&nbsp;<\/p>\n","protected":false},"excerpt":{"rendered":"<p>Este s\u00e1bado empieza en el Centro Cultural Medina Elvira un curso gratuito de iniciaci\u00f3n a&#8230;<\/p>\n","protected":false},"author":1,"featured_media":14911,"comment_status":"closed","ping_status":"closed","sticky":false,"template":"","format":"standard","meta":{"_coblocks_attr":"","_coblocks_dimensions":"","_coblocks_responsive_height":"","_coblocks_accordion_ie_support":"","jetpack_post_was_ever_published":false,"_jetpack_newsletter_access":"","_jetpack_dont_email_post_to_subs":false,"_jetpack_newsletter_tier_id":0,"_jetpack_memberships_contains_paywalled_content":false,"_jetpack_memberships_contains_paid_content":false,"footnotes":"","jetpack_publicize_message":"","jetpack_publicize_feature_enabled":true,"jetpack_social_post_already_shared":false,"jetpack_social_options":{"image_generator_settings":{"template":"highway","default_image_id":0,"enabled":false},"version":2}},"categories":[2,186,44,15],"tags":[81,99,3658],"class_list":["post-14909","post","type-post","status-publish","format-standard","has-post-thumbnail","hentry","category-atarfe","category-instituciones","category-noticias-de-hoy","category-ultimas-noticias","tag-atarfe","tag-medio-ambiente","tag-ornitologia"],"jetpack_publicize_connections":[],"jetpack_featured_media_url":"https:\/\/i0.wp.com\/miradordeatarfe.es\/wp-content\/uploads\/2017\/03\/1449842740_867112_1449845025_noticia_normal.jpg?fit=560%2C416&ssl=1","jetpack_likes_enabled":true,"jetpack_sharing_enabled":true,"_links":{"self":[{"href":"https:\/\/miradordeatarfe.es\/index.php?rest_route=\/wp\/v2\/posts\/14909","targetHints":{"allow":["GET"]}}],"collection":[{"href":"https:\/\/miradordeatarfe.es\/index.php?rest_route=\/wp\/v2\/posts"}],"about":[{"href":"https:\/\/miradordeatarfe.es\/index.php?rest_route=\/wp\/v2\/types\/post"}],"author":[{"embeddable":true,"href":"https:\/\/miradordeatarfe.es\/index.php?rest_route=\/wp\/v2\/users\/1"}],"replies":[{"embeddable":true,"href":"https:\/\/miradordeatarfe.es\/index.php?rest_route=%2Fwp%2Fv2%2Fcomments&post=14909"}],"version-history":[{"count":1,"href":"https:\/\/miradordeatarfe.es\/index.php?rest_route=\/wp\/v2\/posts\/14909\/revisions"}],"predecessor-version":[{"id":14912,"href":"https:\/\/miradordeatarfe.es\/index.php?rest_route=\/wp\/v2\/posts\/14909\/revisions\/14912"}],"wp:featuredmedia":[{"embeddable":true,"href":"https:\/\/miradordeatarfe.es\/index.php?rest_route=\/wp\/v2\/media\/14911"}],"wp:attachment":[{"href":"https:\/\/miradordeatarfe.es\/index.php?rest_route=%2Fwp%2Fv2%2Fmedia&parent=14909"}],"wp:term":[{"taxonomy":"category","embeddable":true,"href":"https:\/\/miradordeatarfe.es\/index.php?rest_route=%2Fwp%2Fv2%2Fcategories&post=14909"},{"taxonomy":"post_tag","embeddable":true,"href":"https:\/\/miradordeatarfe.es\/index.php?rest_route=%2Fwp%2Fv2%2Ftags&post=14909"}],"curies":[{"name":"wp","href":"https:\/\/api.w.org\/{rel}","templated":true}]}}