{"id":14916,"date":"2017-03-19T09:12:11","date_gmt":"2017-03-19T08:12:11","guid":{"rendered":"http:\/\/miradordeatarfe.es\/?p=14916"},"modified":"2017-03-16T18:52:01","modified_gmt":"2017-03-16T17:52:01","slug":"colabora-en-la-elaboracion-de-la-agenda-21-de-atarfe","status":"publish","type":"post","link":"https:\/\/miradordeatarfe.es\/?p=14916","title":{"rendered":"Colabora en la elaboraci\u00f3n de la Agenda 21 de Atarfe"},"content":{"rendered":"<p>El Centro Cultural Medina Elvira acoge el<strong> mi\u00e9rcoles 22 de marzo<\/strong> un encuentro con los colectivos sociales y ciudadanos de Atarfe que quieran colaborar de forma activa en el diagn\u00f3stico del municipio.<!--more-->La Diputaci\u00f3n de Granada, en colaboraci\u00f3n con el Ayuntamiento de Atarfe y la Cooperativa Pasos Participaci\u00f3n, est\u00e1 trabajando en el diagn\u00f3stico de la situaci\u00f3n del municipio para lo cual se est\u00e1 haciendo un an\u00e1lisis detallado de la realidad de Atarfe desde distintos \u00e1mbitos de actuaci\u00f3n.<\/p>\n<p>En los pr\u00f3ximos d\u00edas se celebrar\u00e1n una serie de reuniones abiertas convocadas por <a href=\"http:\/\/pasos.coop\/\"><strong>Pasos Participaci\u00f3n<\/strong><\/a>, la asociaci\u00f3n encargada por la Diputaci\u00f3n de Granada de elaborar la <strong>Agenda 21 de Atarfe<\/strong>, para recoger de primera mano cu\u00e1les son las necesidades y problem\u00e1ticas de los atarfe\u00f1os.<\/p>\n<p>Ya han elaborado unos estudios previos que dar\u00e1n a conocer en varios encuentros donde reflejan la situaci\u00f3n social, cultural, econ\u00f3mica, ambiental y pol\u00edtica. <strong><u>La primera de estas citas tendr\u00e1 lugar en el Centro Cultural Medina Elvira el mi\u00e9rcoles 22 de marzo, de 18.30 a 20.00 horas<\/u><\/strong>. Todos los colectivos sociales y ciudadanos que desean aportar su visi\u00f3n del municipio podr\u00e1n hacerlo en las reuniones que se convocar\u00e1n en las pr\u00f3ximas semanas, cuyas aportaciones se recoger\u00e1n en el diagn\u00f3stico final del municipio.<\/p>\n<p>Unos d\u00edas antes, <strong><u>el viernes 17 de marzo, acudir\u00e1n al mercadillo y al pabell\u00f3n polideportivo municipal<\/u><\/strong> para que todo aquel que quiera pueda aportar su visi\u00f3n de la situaci\u00f3n de Atarfe desde distintos \u00e1mbitos de trabajo.<\/p>\n<p>El principal objetivo de la implantaci\u00f3n de la Agenda 21 en el municipio de Atarfe es la necesidad de fomentar una participaci\u00f3n activa de los diferentes sectores sociales del municipio para que sus necesidades sean atendidas por la administraci\u00f3n.<\/p>\n<p>M\u00e1s informaci\u00f3n: <a href=\"https:\/\/www.facebook.com\/Agenda21Atarfe\/?fref=ts\"><strong>Agenda 21 Atarfe<\/strong><\/a><\/p>\n","protected":false},"excerpt":{"rendered":"<p>El Centro Cultural Medina Elvira acoge el mi\u00e9rcoles 22 de marzo un encuentro con los&#8230;<\/p>\n","protected":false},"author":1,"featured_media":14917,"comment_status":"closed","ping_status":"closed","sticky":false,"template":"","format":"standard","meta":{"_coblocks_attr":"","_coblocks_dimensions":"","_coblocks_responsive_height":"","_coblocks_accordion_ie_support":"","jetpack_post_was_ever_published":false,"_jetpack_newsletter_access":"","_jetpack_dont_email_post_to_subs":false,"_jetpack_newsletter_tier_id":0,"_jetpack_memberships_contains_paywalled_content":false,"_jetpack_memberships_contains_paid_content":false,"footnotes":"","jetpack_publicize_message":"","jetpack_publicize_feature_enabled":true,"jetpack_social_post_already_shared":false,"jetpack_social_options":{"image_generator_settings":{"template":"highway","default_image_id":0,"enabled":false},"version":2}},"categories":[2,186,44,15],"tags":[3657,1227,81],"class_list":["post-14916","post","type-post","status-publish","format-standard","has-post-thumbnail","hentry","category-atarfe","category-instituciones","category-noticias-de-hoy","category-ultimas-noticias","tag-agenda-21","tag-asociaciones","tag-atarfe"],"jetpack_publicize_connections":[],"jetpack_featured_media_url":"https:\/\/i0.wp.com\/miradordeatarfe.es\/wp-content\/uploads\/2017\/03\/1686_2005_20170313105900.jpg?fit=442%2C232&ssl=1","jetpack_likes_enabled":true,"jetpack_sharing_enabled":true,"_links":{"self":[{"href":"https:\/\/miradordeatarfe.es\/index.php?rest_route=\/wp\/v2\/posts\/14916","targetHints":{"allow":["GET"]}}],"collection":[{"href":"https:\/\/miradordeatarfe.es\/index.php?rest_route=\/wp\/v2\/posts"}],"about":[{"href":"https:\/\/miradordeatarfe.es\/index.php?rest_route=\/wp\/v2\/types\/post"}],"author":[{"embeddable":true,"href":"https:\/\/miradordeatarfe.es\/index.php?rest_route=\/wp\/v2\/users\/1"}],"replies":[{"embeddable":true,"href":"https:\/\/miradordeatarfe.es\/index.php?rest_route=%2Fwp%2Fv2%2Fcomments&post=14916"}],"version-history":[{"count":1,"href":"https:\/\/miradordeatarfe.es\/index.php?rest_route=\/wp\/v2\/posts\/14916\/revisions"}],"predecessor-version":[{"id":14918,"href":"https:\/\/miradordeatarfe.es\/index.php?rest_route=\/wp\/v2\/posts\/14916\/revisions\/14918"}],"wp:featuredmedia":[{"embeddable":true,"href":"https:\/\/miradordeatarfe.es\/index.php?rest_route=\/wp\/v2\/media\/14917"}],"wp:attachment":[{"href":"https:\/\/miradordeatarfe.es\/index.php?rest_route=%2Fwp%2Fv2%2Fmedia&parent=14916"}],"wp:term":[{"taxonomy":"category","embeddable":true,"href":"https:\/\/miradordeatarfe.es\/index.php?rest_route=%2Fwp%2Fv2%2Fcategories&post=14916"},{"taxonomy":"post_tag","embeddable":true,"href":"https:\/\/miradordeatarfe.es\/index.php?rest_route=%2Fwp%2Fv2%2Ftags&post=14916"}],"curies":[{"name":"wp","href":"https:\/\/api.w.org\/{rel}","templated":true}]}}