{"id":14926,"date":"2017-03-16T06:24:21","date_gmt":"2017-03-16T05:24:21","guid":{"rendered":"http:\/\/miradordeatarfe.es\/?p=14926"},"modified":"2017-03-14T10:26:56","modified_gmt":"2017-03-14T09:26:56","slug":"el-aeropuerto-gana-viajeros-en-febrero-por-el-impulso-de-los-vuelos-a-londres","status":"publish","type":"post","link":"https:\/\/miradordeatarfe.es\/?p=14926","title":{"rendered":"El Aeropuerto gana viajeros en febrero por el impulso de los vuelos a Londres"},"content":{"rendered":"<p class=\"entradilla_noticia\">La infraestructura granadina super\u00f3 los 57.000 viajeros durante febrero<!--more--><\/p>\n<p>El Aeropuerto Federico Garc\u00eda Lorca Granada-Ja\u00e9n termin\u00f3 febrero con 57.590 pasajeros, lo que supone un alza del 6,4% respecto a la misma fecha de 2016. Este ascenso, teniendo en cuenta que el a\u00f1o pasado febrero tuvo un d\u00eda m\u00e1s, obedeci\u00f3 al buen comportamiento que siguieron tanto el tr\u00e1fico dom\u00e9stico como el internacional.<\/p>\n<div class=\"contenedor\">\n<p>El grueso de los viajeros se movi\u00f3 en conexiones comerciales (se excluye aviaci\u00f3n general y ejecutiva), ya que sumaron 57.376. De esa cifra, 53.354 volaron con origen o destino en alguna ciudad espa\u00f1ola, mientras que el resto opt\u00f3 por operaciones con el extranjero.<\/p>\n<p>Especialmente significativa fue la evoluci\u00f3n de la actividad internacional. <strong>La inauguraci\u00f3n de la nueva ruta con Londres operada por Easyjet <\/strong>y los buenos \u00edndices de ocupaci\u00f3n de los vuelos propiciaron una subida del 187,1% en relaci\u00f3n con el a\u00f1o anterior.<\/p>\n<p>En cuanto al tr\u00e1fico nacional, que mejor\u00f3 un 1,5%, todas las rutas tuvieron un comportamiento favorable, destacando el caso de las conexiones con Madrid (un 10,8% m\u00e1s de pasajeros) y Palma de Mallorca (11%).<\/p>\n<p>En lo que a las operaciones se refiere, el Aeropuerto FGL Granada-Ja\u00e9n atendi\u00f3 durante el mes pasado 908 aterrizajes y despegues (un 5,1% m\u00e1s), de los que 553 fueron comerciales.<\/p>\n<p>La tendencia al alza del tr\u00e1fico en febrero contribuy\u00f3 a que el dato acumulado de usuarios en los dos primeros meses de 2017 haya resultado muy positivo. La cifra de viajeros que transitaron por el aeropuerto en ese periodo ascendi\u00f3 a 113.591, lo que supone una subida del 5,4% en comparaci\u00f3n con el a\u00f1o anterior.<\/p>\n<p>De los 113.076 pasajeros comerciales registrados, 107.971 viajaron desde o hacia territorio nacional (un 3,3% m\u00e1s) y 5.105 lo hicieron con el extranjero (un 73,7% m\u00e1s).<\/p>\n<p>El n\u00famero de vuelos, por su parte, se increment\u00f3 un 17,3%, al registrarse 1.935 operaciones (1.122 de ellas, comerciales).<\/p>\n<\/div>\n","protected":false},"excerpt":{"rendered":"<p>La infraestructura granadina super\u00f3 los 57.000 viajeros durante febrero<\/p>\n","protected":false},"author":1,"featured_media":14927,"comment_status":"closed","ping_status":"closed","sticky":false,"template":"","format":"standard","meta":{"_coblocks_attr":"","_coblocks_dimensions":"","_coblocks_responsive_height":"","_coblocks_accordion_ie_support":"","jetpack_post_was_ever_published":false,"_jetpack_newsletter_access":"","_jetpack_dont_email_post_to_subs":false,"_jetpack_newsletter_tier_id":0,"_jetpack_memberships_contains_paywalled_content":false,"_jetpack_memberships_contains_paid_content":false,"footnotes":"","jetpack_publicize_message":"","jetpack_publicize_feature_enabled":true,"jetpack_social_post_already_shared":false,"jetpack_social_options":{"image_generator_settings":{"template":"highway","default_image_id":0,"enabled":false},"version":2}},"categories":[186,44,15],"tags":[3662,129],"class_list":["post-14926","post","type-post","status-publish","format-standard","has-post-thumbnail","hentry","category-instituciones","category-noticias-de-hoy","category-ultimas-noticias","tag-aeropuerto","tag-granada"],"jetpack_publicize_connections":[],"jetpack_featured_media_url":"https:\/\/i0.wp.com\/miradordeatarfe.es\/wp-content\/uploads\/2017\/03\/descarga-1.jpg?fit=290%2C174&ssl=1","jetpack_likes_enabled":true,"jetpack_sharing_enabled":true,"_links":{"self":[{"href":"https:\/\/miradordeatarfe.es\/index.php?rest_route=\/wp\/v2\/posts\/14926","targetHints":{"allow":["GET"]}}],"collection":[{"href":"https:\/\/miradordeatarfe.es\/index.php?rest_route=\/wp\/v2\/posts"}],"about":[{"href":"https:\/\/miradordeatarfe.es\/index.php?rest_route=\/wp\/v2\/types\/post"}],"author":[{"embeddable":true,"href":"https:\/\/miradordeatarfe.es\/index.php?rest_route=\/wp\/v2\/users\/1"}],"replies":[{"embeddable":true,"href":"https:\/\/miradordeatarfe.es\/index.php?rest_route=%2Fwp%2Fv2%2Fcomments&post=14926"}],"version-history":[{"count":1,"href":"https:\/\/miradordeatarfe.es\/index.php?rest_route=\/wp\/v2\/posts\/14926\/revisions"}],"predecessor-version":[{"id":14928,"href":"https:\/\/miradordeatarfe.es\/index.php?rest_route=\/wp\/v2\/posts\/14926\/revisions\/14928"}],"wp:featuredmedia":[{"embeddable":true,"href":"https:\/\/miradordeatarfe.es\/index.php?rest_route=\/wp\/v2\/media\/14927"}],"wp:attachment":[{"href":"https:\/\/miradordeatarfe.es\/index.php?rest_route=%2Fwp%2Fv2%2Fmedia&parent=14926"}],"wp:term":[{"taxonomy":"category","embeddable":true,"href":"https:\/\/miradordeatarfe.es\/index.php?rest_route=%2Fwp%2Fv2%2Fcategories&post=14926"},{"taxonomy":"post_tag","embeddable":true,"href":"https:\/\/miradordeatarfe.es\/index.php?rest_route=%2Fwp%2Fv2%2Ftags&post=14926"}],"curies":[{"name":"wp","href":"https:\/\/api.w.org\/{rel}","templated":true}]}}