{"id":14935,"date":"2017-03-16T13:00:27","date_gmt":"2017-03-16T12:00:27","guid":{"rendered":"http:\/\/miradordeatarfe.es\/?p=14935"},"modified":"2017-03-16T12:45:59","modified_gmt":"2017-03-16T11:45:59","slug":"la-agenda-21-local-llega-a-atarfe","status":"publish","type":"post","link":"https:\/\/miradordeatarfe.es\/?p=14935","title":{"rendered":"La Agenda 21 Local llega a Atarfe"},"content":{"rendered":"<p>A simple vista parece otro proyecto m\u00e1s de la Diputaci\u00f3n y el Ayuntamiento para decir que hacer y qu\u00e9 es lo mejor para el municipio.<!--more--><\/p>\n<p>Pero la principal caracter\u00edstica de un proceso de desarrollo e implantaci\u00f3n de una Agenda 21 en una Corporaci\u00f3n Local es la necesidad de fomentar una participaci\u00f3n activa de los diferentes sectores sociales del municipio, con el fin de poder garantizar la veracidad de las conclusiones extra\u00eddas, as\u00ed como el grado de aceptaci\u00f3n de las propuestas y estrategias definidas tras su ejecuci\u00f3n.<\/p>\n<p align=\"JUSTIFY\"><span style=\"color: #000000;\"><span style=\"font-family: Arial, serif;\">Es por ello que desde la asociaci\u00f3n PASOS, contratada para este menester hasta junio, estamos contactando con todos los perfiles socioculturales para recoger de primera mano cuales son las necesidades y problem\u00e1ticas de los atarfe\u00f1os y atarfe\u00f1as.<\/span><\/span><\/p>\n<p align=\"JUSTIFY\"><span style=\"color: #000000;\"><span style=\"font-family: Arial, serif;\">Tras unos primeros contactos y una recogida de informaci\u00f3n previa, podemos destacar varios aspectos de Atarfe. Pero \u00bfSon reales estas primeras impresiones? Para reflexionar sobre ellas y seguir profundizando nos disponemos a realizar varias reuniones abiertas, la primera el <\/span><\/span><span style=\"color: #000000;\"><span style=\"font-family: Arial, serif;\"><i><b>mi\u00e9rcoles 22 de marzo de 18.30 a 20.00 en el Centro Cultural Medina Elvira<\/b><\/i><\/span><\/span><span style=\"color: #000000;\"><span style=\"font-family: Arial, serif;\"> donde abordaremos estas y otras problem\u00e1ticas\/necesidades. Adem\u00e1s, en la calle nos veremos el <\/span><\/span><span style=\"color: #000000;\"><span style=\"font-family: Arial, serif;\"><i><b>viernes 17 de marzo en el mercadillo y en el polideportivo<\/b><\/i><\/span><\/span><span style=\"color: #000000;\"><span style=\"font-family: Arial, serif;\">, para que todo aquel que quiera pueda aportar su visi\u00f3n. <\/span><\/span><\/p>\n<p align=\"JUSTIFY\"><span style=\"color: #000000;\"><span style=\"font-family: Arial, serif;\">Podemos hacer alusi\u00f3n en primer lugar a la<\/span><\/span><b> <\/b><span style=\"color: #000000;\"><span style=\"font-family: Arial, serif;\">dispersi\u00f3n de la poblaci\u00f3n atarfe\u00f1a, con la construcci\u00f3n de nuevos barrios en la periferia del casco hist\u00f3rico y de varias zonas de urbanizaciones alejadas del n\u00facleo urbano. Este tipo de edificaciones y de concepci\u00f3n y desarrollo del espacio p\u00fablico hace que las relaciones y la uni\u00f3n de la ciudadan\u00eda se vea perjudicada y por tanto que la <\/span><\/span><span style=\"color: #000000;\"><span style=\"font-family: Arial, serif;\"><b>identidad territorial con el municipio<\/b><\/span><\/span><span style=\"color: #000000;\"><span style=\"font-family: Arial, serif;\"> sea <\/span><\/span><span style=\"color: #000000;\"><span style=\"font-family: Arial, serif;\"><b>bastante baja<\/b><\/span><\/span><span style=\"color: #000000;\"><span style=\"font-family: Arial, serif;\"> por parte de un amplio n\u00famero de vecinas y vecinos.<\/span><\/span><\/p>\n<p align=\"JUSTIFY\"><span style=\"color: #000000;\"><span style=\"font-family: Arial, serif;\">De igual modo se aprecia tambi\u00e9n muy <\/span><\/span><span style=\"color: #000000;\"><span style=\"font-family: Arial, serif;\"><b>poca relaci\u00f3n con la poblaci\u00f3n extranjera y con la comunidad gitana<\/b><\/span><\/span><span style=\"color: #000000;\"><span style=\"font-family: Arial, serif;\"> que supone el 15% de la poblaci\u00f3n total de Atarfe, siendo patente, aunque sea en la mayor\u00eda de casos de forma sutil, que existen pocas relaciones y puntos de encuentro, persistiendo de forma muy significativa estereotipos que hacen que las interacciones sean muy bajas.<\/span><\/span><\/p>\n<p align=\"JUSTIFY\"><span style=\"color: #000000;\"><span style=\"font-family: Arial, serif;\">Uno de los temas que se percibe con mayor preocupaci\u00f3n es el econ\u00f3mico, sobre todo relacionado con la<\/span><\/span><span style=\"color: #000000;\"><span style=\"font-family: Arial, serif;\"><b> falta de trabajo<\/b><\/span><\/span><span style=\"color: #000000;\"><span style=\"font-family: Arial, serif;\"> y la a\u00f1oranza de tiempos pasados, cuando Atarfe era uno de los pueblos m\u00e1s pr\u00f3speros de la zona, con mucha actividad industrial que se ha ido perdiendo. Asunto que genera cierta controversia, ya que por parte de algunos vecinos y vecinas se echa de menos y por otro lado se pone m\u00e1s en valor un municipio libre de la contaminaci\u00f3n y repercusiones que genera este tipo de actividad. <\/span><\/span><\/p>\n<p align=\"JUSTIFY\"><span style=\"color: #000000;\"><span style=\"font-family: Arial, serif;\">Tambi\u00e9n llama la atenci\u00f3n, en lo referente a la econom\u00eda, la alusi\u00f3n repetida por parte de los atarfe\u00f1os y atarfe\u00f1as, que <\/span><\/span><span style=\"color: #000000;\"><span style=\"font-family: Arial, serif;\"><b>en Atarfe no se compra ni tampoco se consume<\/b><\/span><\/span><span style=\"color: #000000;\"><span style=\"font-family: Arial, serif;\">, sobre todo en el peque\u00f1o comercio. Las explicaciones son variadas, pero sobre todo atienden por un lado, a que la gente prefiere ir a Granada o a Albolote porque hay m\u00e1s vida, y por otro a la inseguridad y al incivismo. Adem\u00e1s, aunque poco comentado en las entrevistas, a nuestro parecer es significativo tambi\u00e9n el crecimiento de la econom\u00eda sumergida, que de igual modo crea enfrentamiento y desuni\u00f3n.<\/span><\/span><\/p>\n<p align=\"JUSTIFY\">\n<p align=\"JUSTIFY\"><span style=\"color: #000000;\"><span style=\"font-family: Arial, serif;\">Algo que s\u00ed genera entre los atarfe\u00f1os y atarfe\u00f1as identificaci\u00f3n es sobre todo su sierra, <\/span><\/span><span style=\"color: #000000;\"><span style=\"font-family: Arial, serif;\"><b>Sierra Elvira<\/b><\/span><\/span><span style=\"color: #000000;\"><span style=\"font-family: Arial, serif;\">. En general muy apreciada y con posibilidades de generar m\u00e1s riqueza para el municipio de forma sostenible a trav\u00e9s sobre todo de sus yacimientos y sus aguas termales, espacios muy poco conocidos y que son percibidos como un valor muy importante del municipio. En contra, tanto la zona de vega como la zona del pantano de cubillas no suponen ese est\u00edmulo. En el primer caso se ve como una guerra perdida, ya que el espacio de cultivo se ha visto ocupado en un primer momento por los pol\u00edgonos industriales, despu\u00e9s por las viviendas y en \u00faltima instancia por las autov\u00edas y las infraestructuras ferroviarias. En el caso del pantano, puede que por su lejan\u00eda, no se siente ni siquiera como propio, ni con posibilidades de ser un espacio que aporte mucho a la localidad.<\/span><\/span><\/p>\n<p align=\"JUSTIFY\"><span style=\"color: #000000;\"><span style=\"font-family: Arial, serif;\">En lo referente a la din\u00e1mica de vida en el n\u00facleo urbano es muy notable la <\/span><\/span><span style=\"color: #000000;\"><span style=\"font-family: Arial, serif;\"><b>utilizaci\u00f3n del veh\u00edculo privado<\/b><\/span><\/span><span style=\"color: #000000;\"><span style=\"font-family: Arial, serif;\">, destaca en las entrevistas realizadas siendo uno de los puntos m\u00e1s comentados por las consecuencias y problemas de circulaci\u00f3n que acarrea y por el aparcamiento. Hay que se\u00f1alar que la extensi\u00f3n de Atarfe es relativamente corta, menos de un kil\u00f3metro desde el centro a los barrios m\u00e1s alejados y pr\u00e1cticamente llana, sin cuestas pronunciadas, por lo que su tr\u00e1nsito a pie es totalmente factible por la mayor\u00eda de poblaci\u00f3n, por tanto, podr\u00edamos aventurar que se trata m\u00e1s de un h\u00e1bito que se ha asumido como normal m\u00e1s que como una necesidad. En este sentido tambi\u00e9n se habla del aparcamiento, argumentando que no se va al centro porque no se puede aparcar y que la gente se va a otros sitios a comprar y pasar el rato, algo contradictorio, adem\u00e1s de por lo comentado anteriormente sobre las distancias, porque existen varios sitios habilitados y gratuitos en Atarfe para aparcar. <\/span><\/span><\/p>\n<p align=\"JUSTIFY\"><a name=\"_GoBack\"><\/a> <span style=\"color: #000000;\"><span style=\"font-family: Arial, serif;\">Por \u00faltimo, en lo referente a los <\/span><\/span><span style=\"color: #000000;\"><span style=\"font-family: Arial, serif;\"><b>servicios p\u00fablicos<\/b><\/span><\/span><span style=\"color: #000000;\"><span style=\"font-family: Arial, serif;\"> podemos hacer referencia a modo de ejemplo de algunas de las problem\u00e1ticas y necesidades. Sobre el transporte p\u00fablico se echa en falta la llegada del metro. Las percepciones acerca de la limpieza del pueblo es que es uno de los puntos m\u00e1s d\u00e9biles del mismo, hay una opini\u00f3n un\u00e1nime referente a lo sucio que est\u00e1 por lo general. La gente focaliza la ra\u00edz de este problema en la falta de civismo, es decir, la falta de concienciaci\u00f3n de las personas sobre los bienes comunes. En cuanto a los residuos destaca la falta de un punto limpio y la falta de medidas compensatorias y de fomento del reciclaje. El alcantarillado y canalizaci\u00f3n del agua tambi\u00e9n supone un problema para algunas zonas del pueblo, ya que se ven inundadas con la lluvia. Tambi\u00e9n la accesibilidad supone un importante reto a mejorar, existiendo varias zonas del municipio y dependencias poco viables.<\/span><\/span><\/p>\n<p align=\"JUSTIFY\"><span style=\"font-family: 'Times New Roman', serif;\"><span style=\"font-size: medium;\"><br \/>\n<\/span><\/span><span style=\"color: #000000;\"><span style=\"font-family: Arial, serif;\">Para saber m\u00e1s pod\u00e9is seguir el desarrollo de la Agenda 21 de Atarfe a trav\u00e9s de Facebook, buscando Agenda21Atarfe, escribiendo un correo a info@pasos.coop o a trav\u00e9s del Ayuntamiento por la Concejal\u00eda de Medioambiente.<\/span><\/span><\/p>\n<p align=\"JUSTIFY\"><a href=\"https:\/\/i0.wp.com\/miradordeatarfe.es\/wp-content\/uploads\/2017\/03\/1.jpg?ssl=1\"><img data-recalc-dims=\"1\" loading=\"lazy\" decoding=\"async\" class=\"alignnone size-full wp-image-14937\" src=\"https:\/\/i0.wp.com\/miradordeatarfe.es\/wp-content\/uploads\/2017\/03\/1.jpg?resize=623%2C881&#038;ssl=1\" alt=\"\" width=\"623\" height=\"881\" srcset=\"https:\/\/i0.wp.com\/miradordeatarfe.es\/wp-content\/uploads\/2017\/03\/1.jpg?w=623&amp;ssl=1 623w, https:\/\/i0.wp.com\/miradordeatarfe.es\/wp-content\/uploads\/2017\/03\/1.jpg?resize=212%2C300&amp;ssl=1 212w, https:\/\/i0.wp.com\/miradordeatarfe.es\/wp-content\/uploads\/2017\/03\/1.jpg?resize=600%2C848&amp;ssl=1 600w\" sizes=\"auto, (max-width: 623px) 100vw, 623px\" \/><\/a><\/p>\n","protected":false},"excerpt":{"rendered":"<p>A simple vista parece otro proyecto m\u00e1s de la Diputaci\u00f3n y el Ayuntamiento para decir&#8230;<\/p>\n","protected":false},"author":1,"featured_media":14938,"comment_status":"closed","ping_status":"closed","sticky":false,"template":"","format":"standard","meta":{"_coblocks_attr":"","_coblocks_dimensions":"","_coblocks_responsive_height":"","_coblocks_accordion_ie_support":"","jetpack_post_was_ever_published":false,"_jetpack_newsletter_access":"","_jetpack_dont_email_post_to_subs":false,"_jetpack_newsletter_tier_id":0,"_jetpack_memberships_contains_paywalled_content":false,"_jetpack_memberships_contains_paid_content":false,"footnotes":"","jetpack_publicize_message":"","jetpack_publicize_feature_enabled":true,"jetpack_social_post_already_shared":false,"jetpack_social_options":{"image_generator_settings":{"template":"highway","default_image_id":0,"enabled":false},"version":2}},"categories":[2,1161,44,15],"tags":[3657,81,3667],"class_list":["post-14935","post","type-post","status-publish","format-standard","has-post-thumbnail","hentry","category-atarfe","category-ciudadania","category-noticias-de-hoy","category-ultimas-noticias","tag-agenda-21","tag-atarfe","tag-muniicipio"],"jetpack_publicize_connections":[],"jetpack_featured_media_url":"https:\/\/i0.wp.com\/miradordeatarfe.es\/wp-content\/uploads\/2017\/03\/16681775_1744144515915185_4627773279285869789_n.jpg?fit=952%2C500&ssl=1","jetpack_likes_enabled":true,"jetpack_sharing_enabled":true,"_links":{"self":[{"href":"https:\/\/miradordeatarfe.es\/index.php?rest_route=\/wp\/v2\/posts\/14935","targetHints":{"allow":["GET"]}}],"collection":[{"href":"https:\/\/miradordeatarfe.es\/index.php?rest_route=\/wp\/v2\/posts"}],"about":[{"href":"https:\/\/miradordeatarfe.es\/index.php?rest_route=\/wp\/v2\/types\/post"}],"author":[{"embeddable":true,"href":"https:\/\/miradordeatarfe.es\/index.php?rest_route=\/wp\/v2\/users\/1"}],"replies":[{"embeddable":true,"href":"https:\/\/miradordeatarfe.es\/index.php?rest_route=%2Fwp%2Fv2%2Fcomments&post=14935"}],"version-history":[{"count":1,"href":"https:\/\/miradordeatarfe.es\/index.php?rest_route=\/wp\/v2\/posts\/14935\/revisions"}],"predecessor-version":[{"id":14939,"href":"https:\/\/miradordeatarfe.es\/index.php?rest_route=\/wp\/v2\/posts\/14935\/revisions\/14939"}],"wp:featuredmedia":[{"embeddable":true,"href":"https:\/\/miradordeatarfe.es\/index.php?rest_route=\/wp\/v2\/media\/14938"}],"wp:attachment":[{"href":"https:\/\/miradordeatarfe.es\/index.php?rest_route=%2Fwp%2Fv2%2Fmedia&parent=14935"}],"wp:term":[{"taxonomy":"category","embeddable":true,"href":"https:\/\/miradordeatarfe.es\/index.php?rest_route=%2Fwp%2Fv2%2Fcategories&post=14935"},{"taxonomy":"post_tag","embeddable":true,"href":"https:\/\/miradordeatarfe.es\/index.php?rest_route=%2Fwp%2Fv2%2Ftags&post=14935"}],"curies":[{"name":"wp","href":"https:\/\/api.w.org\/{rel}","templated":true}]}}