{"id":14948,"date":"2017-03-16T12:55:20","date_gmt":"2017-03-16T11:55:20","guid":{"rendered":"http:\/\/miradordeatarfe.es\/?p=14948"},"modified":"2017-03-16T13:44:03","modified_gmt":"2017-03-16T12:44:03","slug":"escuela-de-familiacomo-prevenir-malas-posturas-de-los-ninos-en-la-escuela-y-el-hogar","status":"publish","type":"post","link":"https:\/\/miradordeatarfe.es\/?p=14948","title":{"rendered":"ESCUELA DE FAMILIA:c\u00f3mo prevenir malas posturas de los ni\u00f1os en la escuela y el hogar"},"content":{"rendered":"<p>MA\u00d1ANA VIERNES tendr\u00e1 lugar una nueva conferencia de la ESCUELA DE FAMILIA \u00a0EN EL CENTRO CULTURAL MEDINA ELVIRA DE 17 A 19H.<!--more--><\/p>\n<p>\u00a1Atenci\u00f3n madres y padres! El viernes se retoma el ciclo &#8216;Escuela de Familia&#8217; con una interesante charla a cargo de la fisioterapeuta Cristina Fern\u00e1ndez sobre c\u00f3mo prevenir malas posturas de los ni\u00f1os en la escuela y el hogar.<\/p>\n<p>Como viene siendo habitual se habilitar\u00e1 un servicio de guarder\u00eda para facilitar la presencia de p\u00fablico<\/p>\n<p>&nbsp;<\/p>\n<p><a href=\"https:\/\/i0.wp.com\/miradordeatarfe.es\/wp-content\/uploads\/2017\/03\/17310261_1365979810132552_346403460706087476_o.jpg?ssl=1\"><img data-recalc-dims=\"1\" loading=\"lazy\" decoding=\"async\" class=\"alignnone size-full wp-image-14949\" src=\"https:\/\/i0.wp.com\/miradordeatarfe.es\/wp-content\/uploads\/2017\/03\/17310261_1365979810132552_346403460706087476_o.jpg?resize=480%2C695&#038;ssl=1\" alt=\"\" width=\"480\" height=\"695\" srcset=\"https:\/\/i0.wp.com\/miradordeatarfe.es\/wp-content\/uploads\/2017\/03\/17310261_1365979810132552_346403460706087476_o.jpg?w=480&amp;ssl=1 480w, https:\/\/i0.wp.com\/miradordeatarfe.es\/wp-content\/uploads\/2017\/03\/17310261_1365979810132552_346403460706087476_o.jpg?resize=207%2C300&amp;ssl=1 207w\" sizes=\"auto, (max-width: 480px) 100vw, 480px\" \/><\/a><\/p>\n","protected":false},"excerpt":{"rendered":"<p>MA\u00d1ANA VIERNES tendr\u00e1 lugar una nueva conferencia de la ESCUELA DE FAMILIA \u00a0EN EL CENTRO&#8230;<\/p>\n","protected":false},"author":1,"featured_media":14950,"comment_status":"closed","ping_status":"closed","sticky":false,"template":"","format":"standard","meta":{"_coblocks_attr":"","_coblocks_dimensions":"","_coblocks_responsive_height":"","_coblocks_accordion_ie_support":"","jetpack_post_was_ever_published":false,"_jetpack_newsletter_access":"","_jetpack_dont_email_post_to_subs":false,"_jetpack_newsletter_tier_id":0,"_jetpack_memberships_contains_paywalled_content":false,"_jetpack_memberships_contains_paid_content":false,"footnotes":"","jetpack_publicize_message":"","jetpack_publicize_feature_enabled":true,"jetpack_social_post_already_shared":false,"jetpack_social_options":{"image_generator_settings":{"template":"highway","default_image_id":0,"enabled":false},"version":2}},"categories":[2,44,15],"tags":[3668],"class_list":["post-14948","post","type-post","status-publish","format-standard","has-post-thumbnail","hentry","category-atarfe","category-noticias-de-hoy","category-ultimas-noticias","tag-escuela-de-familia"],"jetpack_publicize_connections":[],"jetpack_featured_media_url":"https:\/\/i0.wp.com\/miradordeatarfe.es\/wp-content\/uploads\/2017\/03\/images-7.jpeg?fit=258%2C195&ssl=1","jetpack_likes_enabled":true,"jetpack_sharing_enabled":true,"_links":{"self":[{"href":"https:\/\/miradordeatarfe.es\/index.php?rest_route=\/wp\/v2\/posts\/14948","targetHints":{"allow":["GET"]}}],"collection":[{"href":"https:\/\/miradordeatarfe.es\/index.php?rest_route=\/wp\/v2\/posts"}],"about":[{"href":"https:\/\/miradordeatarfe.es\/index.php?rest_route=\/wp\/v2\/types\/post"}],"author":[{"embeddable":true,"href":"https:\/\/miradordeatarfe.es\/index.php?rest_route=\/wp\/v2\/users\/1"}],"replies":[{"embeddable":true,"href":"https:\/\/miradordeatarfe.es\/index.php?rest_route=%2Fwp%2Fv2%2Fcomments&post=14948"}],"version-history":[{"count":1,"href":"https:\/\/miradordeatarfe.es\/index.php?rest_route=\/wp\/v2\/posts\/14948\/revisions"}],"predecessor-version":[{"id":14951,"href":"https:\/\/miradordeatarfe.es\/index.php?rest_route=\/wp\/v2\/posts\/14948\/revisions\/14951"}],"wp:featuredmedia":[{"embeddable":true,"href":"https:\/\/miradordeatarfe.es\/index.php?rest_route=\/wp\/v2\/media\/14950"}],"wp:attachment":[{"href":"https:\/\/miradordeatarfe.es\/index.php?rest_route=%2Fwp%2Fv2%2Fmedia&parent=14948"}],"wp:term":[{"taxonomy":"category","embeddable":true,"href":"https:\/\/miradordeatarfe.es\/index.php?rest_route=%2Fwp%2Fv2%2Fcategories&post=14948"},{"taxonomy":"post_tag","embeddable":true,"href":"https:\/\/miradordeatarfe.es\/index.php?rest_route=%2Fwp%2Fv2%2Ftags&post=14948"}],"curies":[{"name":"wp","href":"https:\/\/api.w.org\/{rel}","templated":true}]}}