{"id":14953,"date":"2017-03-17T11:17:51","date_gmt":"2017-03-17T10:17:51","guid":{"rendered":"http:\/\/miradordeatarfe.es\/?p=14953"},"modified":"2017-03-16T18:57:03","modified_gmt":"2017-03-16T17:57:03","slug":"de-pequenos-genios-a-grandes-cientificos-viii-feria-de-la-ciencia-de-atarfe","status":"publish","type":"post","link":"https:\/\/miradordeatarfe.es\/?p=14953","title":{"rendered":"\u2018DE PEQUE\u00d1OS GENIOS A GRANDES CIENT\u00cdFICOS\u2019. VIII FERIA DE LA CIENCIA DE ATARFE"},"content":{"rendered":"<div class=\"post-meta\">Del 4 al 6 de abril se celebra la <a href=\"http:\/\/feriacienciaatarfe.blogspot.com.es\/\" target=\"_blank\">VIII Feria de la Ciencia de Atarfe<\/a>, uno de esos peque\u00f1os municipios que circunscriben a la ciudad de Granada.<\/div>\n<p><!--more--><\/p>\n<div class=\"post-meta\">Durante estos d\u00edas el <strong>Centro Cultural Medina Elvira<\/strong> ser\u00e1 el escenario de multitud de experimentos realizados por alumnos de todas las edades (desde infantil a escuela de adultos), adem\u00e1s de charlas, talleres y exhibiciones.<\/div>\n<p>Aunque con este nombre puede parecer un show de experimentos cient\u00edficos realizado por simp\u00e1ticos alumnos, en realidad es el resultado final de un trabajo que hab\u00eda comenzado a principio de curso, cuando los coordinadores designados por los distintos centros se re\u00fanen para definir las caracter\u00edsticas del evento de ese a\u00f1o, y da cuerpo al <strong>proyecto docente<\/strong> \u201cde peque\u00f1os genios a grandes cient\u00edficos\u201d, aprobado por todos los consejos escolares.<\/p>\n<p>A diferencia de otros eventos de similares caracter\u00edsticas, la mayor\u00eda de los docentes no son cient\u00edficos de formaci\u00f3n. La gran parte de los 3500 alumnos cursa educaci\u00f3n infantil y primaria, y por desgracia sus maestros no han contado, en general, con una buena formaci\u00f3n cient\u00edfica. Curiosamente, este hecho hace que estos profesionales quieran participar de forma activa, sin importar su especialidad; objetivo que no se ha conseguido, todav\u00eda, en la mayor\u00eda de centros de secundaria, donde solo el profesorado de los departamentos de ciencias se involucra de forma adecuada.<\/p>\n<p><a href=\"http:\/\/i0.wp.com\/www.aecomunicacioncientifica.org\/wp-content\/uploads\/IMG_0207.jpg\"><img loading=\"lazy\" decoding=\"async\" class=\"alignright size-medium wp-image-19997\" src=\"http:\/\/i1.wp.com\/www.aecomunicacioncientifica.org\/wp-content\/uploads\/IMG_0207.jpg?zoom=1.25&amp;resize=300%2C200\" srcset=\"http:\/\/i1.wp.com\/www.aecomunicacioncientifica.org\/wp-content\/uploads\/IMG_0207.jpg?zoom=1.25&amp;resize=300%2C200\" alt=\"IMG_0207\" width=\"300\" height=\"200\" \/><\/a>Se da la circunstancia de que Atarfe es uno de los n\u00facleos del \u00e1rea metropolitana de Granada con m\u00e1s alumnos en educaci\u00f3n compensatoria. A la amalgama que forman los centros de infantil, primaria, secundaria y adultos se a\u00f1ade que algunos son p\u00fablicos y otros privados (con o sin concertar). Si a esto unimos el esfuerzo del Ayuntamiento de la ciudad (con muy pocos recursos), y la participaci\u00f3n de otros agentes sociales, puedo decir que la Feria de la Ciencia de Atarfe es una experiencia con nombre propio dentro de la <strong>Red de Ferias de la Ciencia y la Innovaci\u00f3n de Andaluc\u00eda<\/strong>.<\/p>\n<p>Con el concurso de carteles se da el pistoletazo de salida. Participan los alumnos de todos los centros, y en esta edici\u00f3n la dedicamos al agua, los oc\u00e9anos y su uso responsable, ya que 2017 es en el a\u00f1o internacional del turismo sostenible para el desarrollo.<\/p>\n<p><a href=\"http:\/\/i2.wp.com\/www.aecomunicacioncientifica.org\/wp-content\/uploads\/DSC_0140_.jpg\"><img loading=\"lazy\" decoding=\"async\" class=\"size-medium wp-image-19998 alignleft\" src=\"http:\/\/i2.wp.com\/www.aecomunicacioncientifica.org\/wp-content\/uploads\/DSC_0140_.jpg?zoom=1.25&amp;resize=300%2C169\" srcset=\"http:\/\/i2.wp.com\/www.aecomunicacioncientifica.org\/wp-content\/uploads\/DSC_0140_.jpg?zoom=1.25&amp;resize=300%2C169\" alt=\"DSC_0140_\" width=\"300\" height=\"169\" \/><\/a>El acto de presentaci\u00f3n se concibe como una jornada de convivencia entre los docentes. Tuvo lugar el pasado 6 de marzo. Es dif\u00edcil llamar la atenci\u00f3n de personas que no suelen trabajar dentro del \u00e1mbito cient\u00edfico, pero la actividad programada para este a\u00f1o, una <strong>cata cient\u00edfica<\/strong> de cerveza, consigui\u00f3 lo que se esperaba: Un centenar de personas alrededor de una mesa oyendo al bioqu\u00edmico <a href=\"http:\/\/www.laniakeacommunication.com\/\" target=\"_blank\">\u00d3scar Huertas<\/a> y al restaurador V\u00edctor Ochoa mezclar palabras como l\u00fapulo, temperatura, maridaje, o alcalinidad mientras disfrutaban de un original almuerzo.<\/p>\n<p>Nos vemos del 4 al 6 de abril en el Centro Cultural Medina Elvira. Adem\u00e1s de poder contemplar los resultados de los trabajos de los escolares de Atarfe, habr\u00e1 talleres, charlas y teatros. Durante esa semana la ciudad girar\u00e1 en torno a la ciencia.<\/p>\n<div class=\"ssba ssba-wrap\">Fr\u00edas Perles, Jorge J.<\/div>\n","protected":false},"excerpt":{"rendered":"<p>Del 4 al 6 de abril se celebra la VIII Feria de la Ciencia de&#8230;<\/p>\n","protected":false},"author":1,"featured_media":0,"comment_status":"closed","ping_status":"closed","sticky":false,"template":"","format":"standard","meta":{"_coblocks_attr":"","_coblocks_dimensions":"","_coblocks_responsive_height":"","_coblocks_accordion_ie_support":"","jetpack_post_was_ever_published":false,"_jetpack_newsletter_access":"","_jetpack_dont_email_post_to_subs":false,"_jetpack_newsletter_tier_id":0,"_jetpack_memberships_contains_paywalled_content":false,"_jetpack_memberships_contains_paid_content":false,"footnotes":"","jetpack_publicize_message":"","jetpack_publicize_feature_enabled":true,"jetpack_social_post_already_shared":false,"jetpack_social_options":{"image_generator_settings":{"template":"highway","default_image_id":0,"enabled":false},"version":2}},"categories":[2,187,186,44,15],"tags":[526,247],"class_list":["post-14953","post","type-post","status-publish","format-standard","hentry","category-atarfe","category-centros-educativos","category-instituciones","category-noticias-de-hoy","category-ultimas-noticias","tag-centros-educativos","tag-feria-de-la-ciencia"],"jetpack_publicize_connections":[],"jetpack_featured_media_url":"","jetpack_likes_enabled":true,"jetpack_sharing_enabled":true,"_links":{"self":[{"href":"https:\/\/miradordeatarfe.es\/index.php?rest_route=\/wp\/v2\/posts\/14953","targetHints":{"allow":["GET"]}}],"collection":[{"href":"https:\/\/miradordeatarfe.es\/index.php?rest_route=\/wp\/v2\/posts"}],"about":[{"href":"https:\/\/miradordeatarfe.es\/index.php?rest_route=\/wp\/v2\/types\/post"}],"author":[{"embeddable":true,"href":"https:\/\/miradordeatarfe.es\/index.php?rest_route=\/wp\/v2\/users\/1"}],"replies":[{"embeddable":true,"href":"https:\/\/miradordeatarfe.es\/index.php?rest_route=%2Fwp%2Fv2%2Fcomments&post=14953"}],"version-history":[{"count":1,"href":"https:\/\/miradordeatarfe.es\/index.php?rest_route=\/wp\/v2\/posts\/14953\/revisions"}],"predecessor-version":[{"id":14954,"href":"https:\/\/miradordeatarfe.es\/index.php?rest_route=\/wp\/v2\/posts\/14953\/revisions\/14954"}],"wp:attachment":[{"href":"https:\/\/miradordeatarfe.es\/index.php?rest_route=%2Fwp%2Fv2%2Fmedia&parent=14953"}],"wp:term":[{"taxonomy":"category","embeddable":true,"href":"https:\/\/miradordeatarfe.es\/index.php?rest_route=%2Fwp%2Fv2%2Fcategories&post=14953"},{"taxonomy":"post_tag","embeddable":true,"href":"https:\/\/miradordeatarfe.es\/index.php?rest_route=%2Fwp%2Fv2%2Ftags&post=14953"}],"curies":[{"name":"wp","href":"https:\/\/api.w.org\/{rel}","templated":true}]}}