{"id":14966,"date":"2017-03-17T10:00:46","date_gmt":"2017-03-17T09:00:46","guid":{"rendered":"http:\/\/miradordeatarfe.es\/?p=14966"},"modified":"2017-03-16T18:57:29","modified_gmt":"2017-03-16T17:57:29","slug":"el-impuesto-al-sol-seguira-gracias-al-partido-de-albert-rivera","status":"publish","type":"post","link":"https:\/\/miradordeatarfe.es\/?p=14966","title":{"rendered":"El &#8216;Impuesto al Sol&#8217; seguir\u00e1 gracias al partido de Albert Rivera"},"content":{"rendered":"<div>El principal argumento esgrimido por el Ejecutivo para tumbar dicha proposici\u00f3n es el aumento que, a su juicio, supondr\u00eda para los Presupuestos Generales del Estado (PGE) ya que se dejar\u00edan de recaudar 162 millones de euros anuales v\u00eda impuestos<\/div>\n<p><!--more--><\/p>\n<div>Las organizacionessociales y el sector renovable rechazanla decisi\u00f3n de Ciudadanos de no forzar en la Mesa del Congreso el levantamiento del veto del Gobierno a la Proposici\u00f3n de Leyde medidas para el fomento del autoconsumo el\u00e9ctrico, que fuepresentada a finales de eneropor todos los grupos parlamentarios, excepto PP y Foro Asturias.<\/div>\n<div><\/div>\n<div>Esta propuesta, que pretend\u00eda eliminar el llamado&#8217;Impuesto al Sol\u2019 y el resto de trabas parael autoabastecimiento con energ\u00edas renovables en Espa\u00f1a, fue vetada por el Gobierno .<\/div>\n<div><\/div>\n<div>El principal argumento esgrimido por el Ejecutivo para tumbar dicha proposici\u00f3n es el aumento que, a su juicio, supondr\u00eda para los Presupuestos Generales del Estado (PGE) ya que se dejar\u00edan de recaudar 162millones de euros anuales v\u00eda impuestos.<\/div>\n<div><\/div>\n<div>El informe del Gobierno,lejos de ser un an\u00e1lisis en profundidad sobre los costes reales, presenta consideraciones carentes de justificaci\u00f3n legislativa y se basa en juicios de valor subjetivos que sustituyen cualquier argumentaci\u00f3n objetiva y contrastada. En contra de lo que se refleja, el autoconsumo el\u00e9ctrico no supondr\u00eda un coste presupuestario ya que, al favorecerse las inversiones y eliminarse las barreras, se generar\u00eda un IVA superior al que se dejar\u00eda de ingresar por el recibo de la luz.<\/div>\n<div><\/div>\n<div>Adem\u00e1s, promover el autoconsumo como hacen el resto de pa\u00edses de Europa, generar\u00eda actividad y empleo, con los consiguientes ingresos fiscales que han sido obviados en el informe delGobierno. Entre otras consideraciones, la Secretar\u00eda de Estado de Energ\u00eda (SEE) sostiene que el autoconsumo supondr\u00eda una bajada directa del precio del pool, un hecho evidentemente positivo que aporta beneficios para toda la ciudadan\u00eda espa\u00f1ola, que ha visto aumentar la factura el\u00e9ctrica de manera muy significativa en los \u00faltimos a\u00f1os, y que sin embargo utilizan como argumento para oponerse al mismo.<\/div>\n<div><\/div>\n<div>Lo mismo ocurre con los efectos de la simplificaci\u00f3n administrativa, el no gravamen a las instalaciones de autoconsumo y la reducci\u00f3n del r\u00e9gimen sancionador, los cuales, para el Gobierno, conllevar\u00edan simplemente una reducci\u00f3n de las recaudaciones asociadas a las sanciones administrativas.<\/div>\n<div><\/div>\n<div>La Comisi\u00f3n Europea critic\u00f3 las trabas administrativas que desde Espa\u00f1a se ponen al autoconsumo. Debido a la arbitrariedad de los argumentos empleados, se esperaba que la mesa del Congreso, con el apoyo de todos los grupos, levantara el veto del Gobierno.Sin embargo,Ciudadanos se ech\u00f3 atr\u00e1s y decidi\u00f3 no forzar el levantamiento del veto,empeorando las perspectivas a corto plazo de aprobar una normativa espa\u00f1ola de autoconsumo en l\u00ednea con las adoptadas por el resto de pa\u00edses de la Uni\u00f3n Europea.<\/div>\n<div><\/div>\n<div>Esta \u00faltima maniobra del Gobierno no es m\u00e1s que la continuidad a su clara pol\u00edtica de penalizaci\u00f3n de las energ\u00edas renovables, el ahorro y la eficiencia energ\u00e9tica. En un pa\u00eds como Espa\u00f1a, con alt\u00edsima dependencia energ\u00e9tica, reducir las facturas energ\u00e9ticas utilizando para ello fuentes renovables y aut\u00f3ctonas deber\u00eda ser objetivo prioritario de cualquier gobierno, con independencia de su orientaci\u00f3n pol\u00edtica, para demostrar su compromiso con la lucha contra el cambio clim\u00e1tico.<\/div>\n<div><\/div>\n<div>Para ello,es necesariosustituir cuanto antes la actual normativa por una que promueva, y no penalice, el autoconsumo. Por ello las organizaciones firmantes piden a Ciudadanos que reconsidere su voto en la pr\u00f3xima reuni\u00f3n de la Mesa del Congreso y as\u00ed permita seguir con la tramitaci\u00f3n de la Proposici\u00f3n de Ley de Autoconsumo. Organizaciones firmantes (en orden alfab\u00e9tico):<\/div>\n<div>Asociaciones de Consumidores: FACUA-Consumidores en Acci\u00f3n ; OCU (Organizaci\u00f3n de Consumidores y Usuarios)<\/div>\n<div><\/div>\n<div>Asociaciones ecologistas: Amigos de la Tierra Ecologistas en Acci\u00f3n; Greenpeace ; SEO\/BirdLife; WWF<\/div>\n<div><\/div>\n<div>Asociaciones empresariales: Asociaci\u00f3n Empresarial de Energ\u00edas Renovables y Eficiencia Energ\u00e9tica de Murcia (AREMUR);Asociaci\u00f3n Nacional de Productores de Energ\u00eda Fotovoltaica (ANPIER);\u00a0 European Association for Renewable Energy (EUROSOLAR); Uni\u00f3n Espa\u00f1ola Fotovoltaica (UNEF)<\/div>\n<div><\/div>\n<div>Movimientos sociales: Emigrados Sin Fronteras ; Fundaci\u00f3n Renovables;\u00a0 Plataforma por un Nuevo Modelo Energ\u00e9tico<\/div>\n<div>Organizaciones sindicales: CCOO<\/p>\n<p>Fuente: <a title=\"Energ\u00edas Renovables\" href=\"http:\/\/www.ecoticias.com\/energias-renovables\">Energ\u00edas Renovables<\/a><\/div>\n<div><\/div>\n<div><\/div>\n<div><\/div>\n<div>\n<p>Fuente: <a title=\"Energ\u00edas Renovables\" href=\"http:\/\/www.ecoticias.com\/energias-renovables\">Energ\u00edas Renovables<\/a><\/div>\n<p>&nbsp;<\/p>\n<p>&nbsp;<\/p>\n<p>&nbsp;<\/p>\n<p>&nbsp;<\/p>\n","protected":false},"excerpt":{"rendered":"<p>El principal argumento esgrimido por el Ejecutivo para tumbar dicha proposici\u00f3n es el aumento que,&#8230;<\/p>\n","protected":false},"author":1,"featured_media":14967,"comment_status":"closed","ping_status":"closed","sticky":false,"template":"","format":"standard","meta":{"_coblocks_attr":"","_coblocks_dimensions":"","_coblocks_responsive_height":"","_coblocks_accordion_ie_support":"","jetpack_post_was_ever_published":false,"_jetpack_newsletter_access":"","_jetpack_dont_email_post_to_subs":false,"_jetpack_newsletter_tier_id":0,"_jetpack_memberships_contains_paywalled_content":false,"_jetpack_memberships_contains_paid_content":false,"footnotes":"","jetpack_publicize_message":"","jetpack_publicize_feature_enabled":true,"jetpack_social_post_already_shared":false,"jetpack_social_options":{"image_generator_settings":{"template":"highway","default_image_id":0,"enabled":false},"version":2}},"categories":[186,44,15,10],"tags":[208,3671],"class_list":["post-14966","post","type-post","status-publish","format-standard","has-post-thumbnail","hentry","category-instituciones","category-noticias-de-hoy","category-ultimas-noticias","category-salud","tag-energia-renovable","tag-impuesto-al-sol"],"jetpack_publicize_connections":[],"jetpack_featured_media_url":"https:\/\/i0.wp.com\/miradordeatarfe.es\/wp-content\/uploads\/2017\/03\/%C3%ADndice-4.jpg?fit=290%2C174&ssl=1","jetpack_likes_enabled":true,"jetpack_sharing_enabled":true,"_links":{"self":[{"href":"https:\/\/miradordeatarfe.es\/index.php?rest_route=\/wp\/v2\/posts\/14966","targetHints":{"allow":["GET"]}}],"collection":[{"href":"https:\/\/miradordeatarfe.es\/index.php?rest_route=\/wp\/v2\/posts"}],"about":[{"href":"https:\/\/miradordeatarfe.es\/index.php?rest_route=\/wp\/v2\/types\/post"}],"author":[{"embeddable":true,"href":"https:\/\/miradordeatarfe.es\/index.php?rest_route=\/wp\/v2\/users\/1"}],"replies":[{"embeddable":true,"href":"https:\/\/miradordeatarfe.es\/index.php?rest_route=%2Fwp%2Fv2%2Fcomments&post=14966"}],"version-history":[{"count":1,"href":"https:\/\/miradordeatarfe.es\/index.php?rest_route=\/wp\/v2\/posts\/14966\/revisions"}],"predecessor-version":[{"id":14968,"href":"https:\/\/miradordeatarfe.es\/index.php?rest_route=\/wp\/v2\/posts\/14966\/revisions\/14968"}],"wp:featuredmedia":[{"embeddable":true,"href":"https:\/\/miradordeatarfe.es\/index.php?rest_route=\/wp\/v2\/media\/14967"}],"wp:attachment":[{"href":"https:\/\/miradordeatarfe.es\/index.php?rest_route=%2Fwp%2Fv2%2Fmedia&parent=14966"}],"wp:term":[{"taxonomy":"category","embeddable":true,"href":"https:\/\/miradordeatarfe.es\/index.php?rest_route=%2Fwp%2Fv2%2Fcategories&post=14966"},{"taxonomy":"post_tag","embeddable":true,"href":"https:\/\/miradordeatarfe.es\/index.php?rest_route=%2Fwp%2Fv2%2Ftags&post=14966"}],"curies":[{"name":"wp","href":"https:\/\/api.w.org\/{rel}","templated":true}]}}