{"id":14976,"date":"2017-03-17T10:30:55","date_gmt":"2017-03-17T09:30:55","guid":{"rendered":"http:\/\/miradordeatarfe.es\/?p=14976"},"modified":"2017-03-16T18:57:17","modified_gmt":"2017-03-16T17:57:17","slug":"andalucia-ya-tiene-ley-de-memoria-historica-un-dia-grande-para-las-victimas-del-franquismo","status":"publish","type":"post","link":"https:\/\/miradordeatarfe.es\/?p=14976","title":{"rendered":"Andaluc\u00eda ya tiene ley de Memoria Hist\u00f3rica: \u00abun d\u00eda grande\u00bb para las v\u00edctimas del franquismo"},"content":{"rendered":"<div class=\"subtitle bkn mce sk2\">\n<p style=\"text-align: justify;\">El marco legal andaluz queda aprobado con los votos a favor de PSOE, Podemos e IU y la abstenci\u00f3n de PP y Ciudadanos.Para la izquierda parlamentaria regional se trata de un d\u00eda \u00abhist\u00f3rico\u00bb que trae \u00abverdad, justicia y reparaci\u00f3n\u00bb para las v\u00edctimas del franquismo<\/p>\n<\/div>\n<p style=\"text-align: justify;\"><!--more-->Los partidos conservadores afean que el marco legal toque aspectos clave como la Transici\u00f3n, la ley de Amnist\u00eda o la entrada de la Memoria en las aulas.<\/p>\n<div id=\"edi-body\" class=\"mce-body mce no-sticky-adv-socios\">\n<p class=\"mce\" style=\"text-align: justify;\">La aprobaci\u00f3n de la ley de Memoria Hist\u00f3rica y Democr\u00e1tica de Andaluc\u00eda ha sido ratificada en el debate final en el Parlamento regional.\u00a0<a class=\"mce\" href=\"http:\/\/www.eldiario.es\/andalucia\/Democratica-Andalucia-PSOE-Podemos-IU_0_622238834.html\" target=\"_blank\"> Cumplidas las quinielas,<\/a> el texto que trae \u00abverdad, justicia y reparaci\u00f3n\u00bb a las v\u00edctimas del franquismo sale adelante con los votos a favor de PSOE, Podemos e IU y las abstenciones de PP y Ciudadanos.<\/p>\n<p class=\"mce\" style=\"text-align: justify;\">El acuerdo entre los partidos de izquierda deja fuera de juego a las formaciones conservadoras. Los primeros han solicitado consenso, hasta el \u00faltimo momento, mientras el arco parlamentario popular y naranja ha apelado a razones casi calcadas para no apoyar el marco legal.<\/p>\n<section id=\"edi-ad-slot-intext\" class=\"md-advertisement md hspace no-adv-socios\" data-google-query-id=\"CNbmqMTK29ICFZytUQod8-ALBg\">\n<div id=\"google_ads_iframe_\/34616581\/eldiario.es\/noticia_intext_0__container__\"><iframe id=\"google_ads_iframe_\/34616581\/eldiario.es\/noticia_intext_0\" title=\"3rd party ad content\" name=\"google_ads_iframe_\/34616581\/eldiario.es\/noticia_intext_0\" width=\"1\" height=\"1\" frameborder=\"0\" marginwidth=\"0\" marginheight=\"0\" scrolling=\"no\" data-mce-fragment=\"1\"><\/iframe><\/div>\n<\/section>\n<p class=\"mce\" style=\"text-align: justify;\">Para PP y Ciudadanos aparecen como intocables aspectos clave: caso de la Transici\u00f3n y la ley de Amnist\u00eda, la entrada de la Memoria en las aulas o el marco temporal de aplicaci\u00f3n de la ley. Tampoco les ha parecido bien a estos partidos que todas sus enmiendas (suman 78 de 100) fueran rechazadas.<\/p>\n<p class=\"mce\" style=\"text-align: justify;\">Desde PSOE, Podemos e IU, en cambio, no han ahorrado en calificar la jornada de \u00abd\u00eda grande\u00bb e \u00abhist\u00f3rico\u00bb para Andaluc\u00eda. Con una ley que deja a la regi\u00f3n como \u00abvanguardia\u00bb de la recuperaci\u00f3n memorialista y \u00abque no parte de cero sino que acumula la experiencia de casi 20 a\u00f1os de pol\u00edticas de memoria por parte de la Junta de Andaluc\u00eda\u00bb, en palabras de la Consejera de Cultura, Rosa Aguilar. <strong class=\"mce\"> Todos los partidos han coincidido en el apoyo un\u00e1nime a la exhumaci\u00f3n de las fosas comunes<\/strong> y en agradecer a los movimientos memorialistas el trabajo realizado durante a\u00f1os.<\/p>\n<div class=\"inset cf width643\" style=\"text-align: justify;\">\n<figure class=\"media-holder\">\n<div class=\"mg \"><img data-recalc-dims=\"1\" loading=\"lazy\" decoding=\"async\" src=\"https:\/\/i0.wp.com\/images.eldiario.es\/fotos\/Mujeres-victimas-estudios-franquismo-buscar_EDIIMA20170308_0984_4.jpg?resize=640%2C360\" alt=\"Mujeres v\u00edctimas de los estudios del franquismo para buscar el 'gen rojo'.\" width=\"640\" height=\"360\" \/><\/div><figcaption class=\"caption-inside\">Mujeres v\u00edctimas de los estudios del franquismo para buscar el &#8216;gen rojo&#8217;.<\/p>\n<\/figcaption><\/figure>\n<\/div>\n<h3 style=\"text-align: justify;\">De la \u201cverdad\u201d a la \u201cjustificaci\u00f3n pol\u00edtica\u201d<\/h3>\n<p class=\"mce\" style=\"text-align: justify;\">\u00abD\u00eda grande para Andaluc\u00eda\u00bb, ha comenzado la parlamentaria socialista <strong class=\"mce\"> Mar\u00eda M\u00e1rquez.<\/strong> \u00abLa ley no ofende a nadie\u00bb y viene a garantizar los derechos humanos \u00abpara gente que lleva media vida pidiendo verdad, justicia y reparaci\u00f3n\u00bb y el reconocimiento a quienes \u00absembraron los valores de la libertad y la democracia\u00bb. Una apuesta en la que critica la ausencia de PP y Ciudadanos: \u00ablamentamos que no se sumen\u00bb. Y que usen la acci\u00f3n de otros partidos como \u00abjustificaci\u00f3n pol\u00edtica\u00bb a su voto y para ocultar \u00abla verdadera raz\u00f3n por la que la derecha no es capaz de votar a favor de una ley de Memoria Democr\u00e1tica de Andaluc\u00eda\u00bb, sostiene M\u00e1rquez.<\/p>\n<p class=\"mce\" style=\"text-align: justify;\">\u00abPensaba que \u00edbamos a ser capaces de entendernos\u00bb, seg\u00fan el portavoz popular, Juan Ram\u00f3n Ferreira. El PP \u00abrespalda los derechos de las v\u00edctimas y sus familias\u00bb, ha continuado, subrayando la unanimidad al defender la exhumaci\u00f3n de las fosas comunes. \u00abLa sociedad tiene la obligaci\u00f3n moral de apoyar la identificaci\u00f3n de todas las v\u00edctimas desaparecidas en la guerra civil y la dictadura franquista y las instituciones deben apoyar\u00bb, ha remarcado. Pero las \u00abdiferencias\u00bb evitan el \u00abconsenso\u00bb.<\/p>\n<p class=\"mce\" style=\"text-align: justify;\">\u201cRazones para la abstenci\u00f3n\u201d calcadas casi por completo con Ciudadanos, como ha descrito el portavoz naranja, Sergio Romero. Ambos partidos han sido muy cr\u00edticos con que la ley ponga en tela de juicio la Transici\u00f3n y la ley de Amnist\u00eda, as\u00ed como la entrada de la memoria hist\u00f3rica en el curr\u00edculo educativo, el marco temporal de actuaci\u00f3n de la normativa o la creaci\u00f3n de organismos como el Instituto de Memoria Democr\u00e1tica. Y que la ley \u00abes de IU\u00bb, han coincidido PP y C\u2019s.<\/p>\n<h3 style=\"text-align: justify;\">Apuesta un\u00e1nime por la exhumaci\u00f3n de fosas comunes<\/h3>\n<p class=\"mce\" style=\"text-align: justify;\">Desde Podemos, Jes\u00fas de Manuel ha arrancado \u201cpidiendo perd\u00f3n porque llegamos muy tarde\u201d, en alusi\u00f3n a la aprobaci\u00f3n de la ley. \u00abEl olvido es una herida abierta para miles de familias andaluzas\u00bb y la consecuencia es una sociedad que vive \u201csobre m\u00e1s de 700 fosas y 48000 v\u00edctimas\u201d, calcula. \u201cEs urgente exhumarlas\u201d, para lo que pide compromiso institucional: \u201cel pr\u00f3ximo presupuesto debe ser consecuente con esto\u201d.<\/p>\n<p class=\"mce\" style=\"text-align: justify;\">\u201cUn d\u00eda profundamente hist\u00f3rico\u201d, ha arrancado su intervenci\u00f3n Antonio Ma\u00edllo, coordinador general de IU Andaluc\u00eda. El marco \u201cde normalidad y validez democr\u00e1tica\u201d del que se dota la regi\u00f3n \u201cabre un camino a nivel estatal\u201d, ha destacado. Con una ley \u201cde futuro\u201d y que se aleja \u201cde una injusta equidistancia\u201d atada \u201cal impulso de los nietos que se unen en el movimiento memorialistas\u201d. Una lucha que Ma\u00edllo resume en dos personajes hist\u00f3ricos: \u201cde Blas Infante a Manuel Jos\u00e9 Garc\u00eda Caparr\u00f3s\u201d. Y una ley, ha ratificado, que sirve \u201cpara vincular la verdad al conocimiento\u201d, \u201cque dice que no es aceptable que los libros de texto digan que Lorca muri\u00f3 en Granada o que Machado falleci\u00f3 en Colliure\u201d.<\/p>\n<p class=\"mce\" style=\"text-align: justify;\">En la intervenci\u00f3n que ha rubricado la aprobaci\u00f3n de la ley de Memoria Hist\u00f3rica y Democr\u00e1tica de Andaluc\u00eda, la Consejera de Cultura ha recordado a Jos\u00e9 Saramago. Dec\u00eda el escritor portugu\u00e9s, sobre la necesidad de Memoria: \u201cse empieza por el olvido y se termina por la indiferencia\u201d. <strong class=\"mce\"> Andaluc\u00eda, coinciden todos los partidos, se dota de una herramienta al servicio de los derechos humanos, de los principios universales de \u201cverdad, justicia y reparaci\u00f3n\u201d.<\/strong><\/p>\n<\/div>\n","protected":false},"excerpt":{"rendered":"<p>El marco legal andaluz queda aprobado con los votos a favor de PSOE, Podemos e&#8230;<\/p>\n","protected":false},"author":1,"featured_media":14977,"comment_status":"closed","ping_status":"closed","sticky":false,"template":"","format":"standard","meta":{"_coblocks_attr":"","_coblocks_dimensions":"","_coblocks_responsive_height":"","_coblocks_accordion_ie_support":"","jetpack_post_was_ever_published":false,"_jetpack_newsletter_access":"","_jetpack_dont_email_post_to_subs":false,"_jetpack_newsletter_tier_id":0,"_jetpack_memberships_contains_paywalled_content":false,"_jetpack_memberships_contains_paid_content":false,"footnotes":"","jetpack_publicize_message":"","jetpack_publicize_feature_enabled":true,"jetpack_social_post_already_shared":false,"jetpack_social_options":{"image_generator_settings":{"template":"highway","default_image_id":0,"enabled":false},"version":2}},"categories":[1161,186,44,15],"tags":[764,455],"class_list":["post-14976","post","type-post","status-publish","format-standard","has-post-thumbnail","hentry","category-ciudadania","category-instituciones","category-noticias-de-hoy","category-ultimas-noticias","tag-franquismo","tag-memoria-historica"],"jetpack_publicize_connections":[],"jetpack_featured_media_url":"https:\/\/i0.wp.com\/miradordeatarfe.es\/wp-content\/uploads\/2017\/03\/evidencian-humanidad-JUAN-MIGUEL-BAQUERO_EDIIMA20160122_0699_31.jpg?fit=394%2C233&ssl=1","jetpack_likes_enabled":true,"jetpack_sharing_enabled":true,"_links":{"self":[{"href":"https:\/\/miradordeatarfe.es\/index.php?rest_route=\/wp\/v2\/posts\/14976","targetHints":{"allow":["GET"]}}],"collection":[{"href":"https:\/\/miradordeatarfe.es\/index.php?rest_route=\/wp\/v2\/posts"}],"about":[{"href":"https:\/\/miradordeatarfe.es\/index.php?rest_route=\/wp\/v2\/types\/post"}],"author":[{"embeddable":true,"href":"https:\/\/miradordeatarfe.es\/index.php?rest_route=\/wp\/v2\/users\/1"}],"replies":[{"embeddable":true,"href":"https:\/\/miradordeatarfe.es\/index.php?rest_route=%2Fwp%2Fv2%2Fcomments&post=14976"}],"version-history":[{"count":1,"href":"https:\/\/miradordeatarfe.es\/index.php?rest_route=\/wp\/v2\/posts\/14976\/revisions"}],"predecessor-version":[{"id":14978,"href":"https:\/\/miradordeatarfe.es\/index.php?rest_route=\/wp\/v2\/posts\/14976\/revisions\/14978"}],"wp:featuredmedia":[{"embeddable":true,"href":"https:\/\/miradordeatarfe.es\/index.php?rest_route=\/wp\/v2\/media\/14977"}],"wp:attachment":[{"href":"https:\/\/miradordeatarfe.es\/index.php?rest_route=%2Fwp%2Fv2%2Fmedia&parent=14976"}],"wp:term":[{"taxonomy":"category","embeddable":true,"href":"https:\/\/miradordeatarfe.es\/index.php?rest_route=%2Fwp%2Fv2%2Fcategories&post=14976"},{"taxonomy":"post_tag","embeddable":true,"href":"https:\/\/miradordeatarfe.es\/index.php?rest_route=%2Fwp%2Fv2%2Ftags&post=14976"}],"curies":[{"name":"wp","href":"https:\/\/api.w.org\/{rel}","templated":true}]}}