{"id":14986,"date":"2017-03-19T10:09:36","date_gmt":"2017-03-19T09:09:36","guid":{"rendered":"http:\/\/miradordeatarfe.es\/?p=14986"},"modified":"2017-03-19T10:14:38","modified_gmt":"2017-03-19T09:14:38","slug":"atarfe-i-marcha-contra-el-cancer","status":"publish","type":"post","link":"https:\/\/miradordeatarfe.es\/?p=14986","title":{"rendered":"ATARFE: I MARCHA CONTRA EL CANCER"},"content":{"rendered":"<p style=\"text-align: justify;\">No te quedes en casa y participa el 2 de ABRIL\u00a0 en la I MARCHA Contra el C\u00e1ncer. <!--more--><\/p>\n<p style=\"text-align: justify;\">Sin duda, enfrentarse a un diagn\u00f3stico de c\u00e1ncer es una\u00a0dif\u00edcil situaci\u00f3n, pero hay muchas cosas que se pueden hacer. Si eres enfermo o tienes una persona allegada con la enfermedad te interesa conocer las pautas para sentirte mejor.<\/p>\n<p style=\"text-align: justify;\">El c\u00e1ncer no es s\u00f3lo una enfermedad f\u00edsica. Para la mayor\u00eda de las personas el c\u00e1ncer es la primera enfermedad grave ante la que se enfrentan. Conocer como te puedes sentir ante esta situaci\u00f3n y qu\u00e9 puedes hacer para sentirte mejor te puede resultar de mucha ayuda.<\/p>\n<p style=\"text-align: justify;\">Si una persona querida tiene c\u00e1ncer, es posible que te est\u00e9s sintiendo o que te hayas sentido mal. Es normal que a veces tengas miedo o preocupaci\u00f3n.<\/p>\n<p style=\"text-align: justify;\">No obstante, debes saber que si\u00a0el enfermo es tu pareja, tu madre, hermano, familiar o amigo, t\u00fa puedes hacer mucho para ayudarle. Muchos estudios indican que los pacientes de c\u00e1ncer que perciben un apoyo importante por parte de su entorno encuentran menos dificultades para afrontar la enfermedad.\u00a0 A veces, bastar\u00e1 con hacerle saber que est\u00e1s ah\u00ed. En otros momentos, podr\u00e1s ayudar en cuestiones pr\u00e1cticas (haciendo gestiones, cuidando a los ni\u00f1os,\u2026), escuch\u00e1ndole o ayud\u00e1ndole a tomar una decisi\u00f3n.<\/p>\n<p style=\"text-align: justify;\">Si deseas ayudar, es importante que est\u00e9s informado y que contribuyas a afrontar la enfermedad con naturalidad, sin dramatismos innecesarios, y atendiendo a las necesidades de la paciente en cada etapa de la enfermedad.<\/p>\n<p style=\"text-align: justify;\">Conocer qu\u00e9 podemos hacer para ayudar y para sentirnos mejor es de vital importancia para vivir esta situaci\u00f3n del mejor modo posible.<\/p>\n<p style=\"text-align: justify;\">Por eso no te quedes parado y PONTE EN MARCHA\u00a0 el dia 2 de abril de 2017. Te esperamos en la Plaza de Toros de Atarfe a las 12 de la ma\u00f1ana donde contaremos con Inmaculada Jimenez y To\u00f1i Moreno ( Gente maravillosa de Canal Sur).<\/p>\n<p style=\"text-align: justify;\">Las incripciones valen 5\u20ac y se pueden realizar eln el Centro Cultural Medina Elvira de AStarfe y por Online en <a href=\"http:\/\/www.dorsalchip.es\/carrera\/2017\/4\/2\/Marcha_contra_el_Cancer_Atarfe.aspx\">DORSALCHIP<\/a><\/p>\n<p style=\"text-align: justify;\"><b>PLAZO DE INSCRIPCI\u00d3N ONLINE ABIERTO HASTA EL 31\/03\/2017 a las 23:55<\/b><\/p>\n","protected":false},"excerpt":{"rendered":"<p>No te quedes en casa y participa el 2 de ABRIL\u00a0 en la I MARCHA&#8230;<\/p>\n","protected":false},"author":1,"featured_media":14987,"comment_status":"closed","ping_status":"closed","sticky":false,"template":"","format":"standard","meta":{"_coblocks_attr":"","_coblocks_dimensions":"","_coblocks_responsive_height":"","_coblocks_accordion_ie_support":"","jetpack_post_was_ever_published":false,"_jetpack_newsletter_access":"","_jetpack_dont_email_post_to_subs":false,"_jetpack_newsletter_tier_id":0,"_jetpack_memberships_contains_paywalled_content":false,"_jetpack_memberships_contains_paid_content":false,"footnotes":"","jetpack_publicize_message":"","jetpack_publicize_feature_enabled":true,"jetpack_social_post_already_shared":false,"jetpack_social_options":{"image_generator_settings":{"template":"highway","default_image_id":0,"enabled":false},"version":2}},"categories":[2,1161,44,15,10],"tags":[],"class_list":["post-14986","post","type-post","status-publish","format-standard","has-post-thumbnail","hentry","category-atarfe","category-ciudadania","category-noticias-de-hoy","category-ultimas-noticias","category-salud"],"jetpack_publicize_connections":[],"jetpack_featured_media_url":"https:\/\/i0.wp.com\/miradordeatarfe.es\/wp-content\/uploads\/2017\/03\/%C3%ADndice-6.jpg?fit=345%2C146&ssl=1","jetpack_likes_enabled":true,"jetpack_sharing_enabled":true,"_links":{"self":[{"href":"https:\/\/miradordeatarfe.es\/index.php?rest_route=\/wp\/v2\/posts\/14986","targetHints":{"allow":["GET"]}}],"collection":[{"href":"https:\/\/miradordeatarfe.es\/index.php?rest_route=\/wp\/v2\/posts"}],"about":[{"href":"https:\/\/miradordeatarfe.es\/index.php?rest_route=\/wp\/v2\/types\/post"}],"author":[{"embeddable":true,"href":"https:\/\/miradordeatarfe.es\/index.php?rest_route=\/wp\/v2\/users\/1"}],"replies":[{"embeddable":true,"href":"https:\/\/miradordeatarfe.es\/index.php?rest_route=%2Fwp%2Fv2%2Fcomments&post=14986"}],"version-history":[{"count":2,"href":"https:\/\/miradordeatarfe.es\/index.php?rest_route=\/wp\/v2\/posts\/14986\/revisions"}],"predecessor-version":[{"id":14992,"href":"https:\/\/miradordeatarfe.es\/index.php?rest_route=\/wp\/v2\/posts\/14986\/revisions\/14992"}],"wp:featuredmedia":[{"embeddable":true,"href":"https:\/\/miradordeatarfe.es\/index.php?rest_route=\/wp\/v2\/media\/14987"}],"wp:attachment":[{"href":"https:\/\/miradordeatarfe.es\/index.php?rest_route=%2Fwp%2Fv2%2Fmedia&parent=14986"}],"wp:term":[{"taxonomy":"category","embeddable":true,"href":"https:\/\/miradordeatarfe.es\/index.php?rest_route=%2Fwp%2Fv2%2Fcategories&post=14986"},{"taxonomy":"post_tag","embeddable":true,"href":"https:\/\/miradordeatarfe.es\/index.php?rest_route=%2Fwp%2Fv2%2Ftags&post=14986"}],"curies":[{"name":"wp","href":"https:\/\/api.w.org\/{rel}","templated":true}]}}