{"id":14989,"date":"2017-03-18T09:56:41","date_gmt":"2017-03-18T08:56:41","guid":{"rendered":"http:\/\/miradordeatarfe.es\/?p=14989"},"modified":"2017-03-18T09:56:41","modified_gmt":"2017-03-18T08:56:41","slug":"pillan-al-ladron-de-parejas-en-la-ermita-de-los-tres-juanes","status":"publish","type":"post","link":"https:\/\/miradordeatarfe.es\/?p=14989","title":{"rendered":"Pillan al ladr\u00f3n de parejas en la Ermita de los Tres Juanes"},"content":{"rendered":"<ul class=\"unstyled subhead\">\n<li>El hombre se acercaba sigiloso hasta el veh\u00edculo de sus v\u00edctimas, romp\u00eda los cristales y les amenazaba con una navaja<\/li>\n<\/ul>\n<p><!--more--><\/p>\n<section class=\"offset1 contenido\">\n<div id=\"ccronica\">\n<p style=\"text-align: justify;\">La <a title=\"Guardia Civil\" href=\"http:\/\/www.ideal.es\/temas\/entidades\/guardia-civil.html\" target=\"_blank\">Guardia Civil<\/a> ha puesto a disposici\u00f3n judicial a un individuo de veintiocho a\u00f1os de edad, vecino de Atarfe, sin antecedentes policiales, como presunto autor de dos robos con violencia e intimidaci\u00f3n perpetrados contra parejas a las que asalt\u00f3 dentro de sus coches en el entorno de la Ermita de los Tres Juanes en Sierra Elvira.<\/p>\n<p style=\"text-align: justify;\">Ambos atracos se produjeron de noche. El investigado <span id=\"U212863203693OHG\">se acercaba sigiloso hasta el veh\u00edculo de sus v\u00edctimas<\/span> para que a estas no les diera tiempo a huir. Cuando estaba junto al veh\u00edculo encend\u00eda la linterna, romp\u00eda uno de los cristales y <span id=\"U212863203693go\">amenazaba a la pareja con una navaja<\/span> para que le entregasen el dinero que llevaran encima. Despu\u00e9s hu\u00eda r\u00e1pidamente.<\/p>\n<p style=\"text-align: justify;\">Los atracos se produjeron en febrero. En el segundo de ellos el detenido, antes de marcharse, <span id=\"U212863203693XGH\">roci\u00f3 el coche de sus v\u00edctimas con un espray de pimienta<\/span>.<\/p>\n<div id=\"layer-inpage\" style=\"text-align: justify;\">\n<div id=\"google_ads_iframe_\/4900\/vocento.ideal\/granada\/\/provincia_11__container__\">El equipo de Polic\u00eda Judicial de la Guardia Civil de Maracena se hizo cargo de la investigaci\u00f3n. Las \u00fanicas pistas con la que los agentes trabajaban eran que se trataba de <span id=\"U212863203693wxD\">un individuo muy moreno, de unos treinta a\u00f1os y de aproximadamente 1,70 de estatura<\/span>.<\/div>\n<\/div>\n<p style=\"text-align: justify;\">Los agentes de este equipo de Polic\u00eda Judicial establecieron un dispositivo de vigilancia en la zona y tras varias semanas acudiendo noche tras noche, consiguieron identificar a un posible sospechoso que a la postre result\u00f3 ser el presunto autor de los atracos, despu\u00e9s de que las v\u00edctimas as\u00ed lo confirmaran tras reconocerlo en una composici\u00f3n fotogr\u00e1fica.<\/p>\n<\/div>\n<\/section>\n","protected":false},"excerpt":{"rendered":"<p>El hombre se acercaba sigiloso hasta el veh\u00edculo de sus v\u00edctimas, romp\u00eda los cristales y&#8230;<\/p>\n","protected":false},"author":1,"featured_media":14990,"comment_status":"closed","ping_status":"closed","sticky":false,"template":"","format":"standard","meta":{"_coblocks_attr":"","_coblocks_dimensions":"","_coblocks_responsive_height":"","_coblocks_accordion_ie_support":"","jetpack_post_was_ever_published":false,"_jetpack_newsletter_access":"","_jetpack_dont_email_post_to_subs":false,"_jetpack_newsletter_tier_id":0,"_jetpack_memberships_contains_paywalled_content":false,"_jetpack_memberships_contains_paid_content":false,"footnotes":"","jetpack_publicize_message":"","jetpack_publicize_feature_enabled":true,"jetpack_social_post_already_shared":false,"jetpack_social_options":{"image_generator_settings":{"template":"highway","default_image_id":0,"enabled":false},"version":2}},"categories":[2,1161,186,44,15],"tags":[81,168],"class_list":["post-14989","post","type-post","status-publish","format-standard","has-post-thumbnail","hentry","category-atarfe","category-ciudadania","category-instituciones","category-noticias-de-hoy","category-ultimas-noticias","tag-atarfe","tag-robo"],"jetpack_publicize_connections":[],"jetpack_featured_media_url":"https:\/\/i0.wp.com\/miradordeatarfe.es\/wp-content\/uploads\/2017\/03\/ermita-kDKH-U212863203693jbD-575x323%40Ideal.jpg?fit=570%2C323&ssl=1","jetpack_likes_enabled":true,"jetpack_sharing_enabled":true,"_links":{"self":[{"href":"https:\/\/miradordeatarfe.es\/index.php?rest_route=\/wp\/v2\/posts\/14989","targetHints":{"allow":["GET"]}}],"collection":[{"href":"https:\/\/miradordeatarfe.es\/index.php?rest_route=\/wp\/v2\/posts"}],"about":[{"href":"https:\/\/miradordeatarfe.es\/index.php?rest_route=\/wp\/v2\/types\/post"}],"author":[{"embeddable":true,"href":"https:\/\/miradordeatarfe.es\/index.php?rest_route=\/wp\/v2\/users\/1"}],"replies":[{"embeddable":true,"href":"https:\/\/miradordeatarfe.es\/index.php?rest_route=%2Fwp%2Fv2%2Fcomments&post=14989"}],"version-history":[{"count":1,"href":"https:\/\/miradordeatarfe.es\/index.php?rest_route=\/wp\/v2\/posts\/14989\/revisions"}],"predecessor-version":[{"id":14991,"href":"https:\/\/miradordeatarfe.es\/index.php?rest_route=\/wp\/v2\/posts\/14989\/revisions\/14991"}],"wp:featuredmedia":[{"embeddable":true,"href":"https:\/\/miradordeatarfe.es\/index.php?rest_route=\/wp\/v2\/media\/14990"}],"wp:attachment":[{"href":"https:\/\/miradordeatarfe.es\/index.php?rest_route=%2Fwp%2Fv2%2Fmedia&parent=14989"}],"wp:term":[{"taxonomy":"category","embeddable":true,"href":"https:\/\/miradordeatarfe.es\/index.php?rest_route=%2Fwp%2Fv2%2Fcategories&post=14989"},{"taxonomy":"post_tag","embeddable":true,"href":"https:\/\/miradordeatarfe.es\/index.php?rest_route=%2Fwp%2Fv2%2Ftags&post=14989"}],"curies":[{"name":"wp","href":"https:\/\/api.w.org\/{rel}","templated":true}]}}