{"id":14996,"date":"2017-03-20T09:45:55","date_gmt":"2017-03-20T08:45:55","guid":{"rendered":"http:\/\/miradordeatarfe.es\/?p=14996"},"modified":"2017-03-20T09:38:24","modified_gmt":"2017-03-20T08:38:24","slug":"14996","status":"publish","type":"post","link":"https:\/\/miradordeatarfe.es\/?p=14996","title":{"rendered":"MIERCOLES 21 PRIMERA REUNI\u00d3N DE AGENDA 21 DE ATARFE"},"content":{"rendered":"<p><span style=\"font-family: 'Times New Roman', Times, serif;\">Estimadas\/os vecinas\/os, les invitamos a formar parte del primer foro de la Agenda 21, un proyecto implantado en Atarfe para conocer en esta primera fase cuales son las necesidades, problem\u00e1ticas, motivaciones y puntos positivos del municipio.<br \/>\n<\/span><!--more--><\/p>\n<p><span style=\"font-family: 'Times New Roman', Times, serif;\">Es por ello que desde la asociaci\u00f3n PASOS junto con ASITEC, contratadas para este menester hasta junio, estamos contactando con todos los perfiles socioculturales para recoger de primera mano cuales son las necesidades y problem\u00e1ticas de los atarfe\u00f1os y atarfe\u00f1as. Tras unos primeros contactos y una recogida de informaci\u00f3n previa, podemos destacar varios aspectos de Atarfe. Pero \u00bfson reales estas primeras impresiones? Para reflexionar sobre ellas y seguir profundizando nos disponemos a realizar varias reuniones abiertas, la primera el mi\u00e9rcoles 22 de marzo de 18.30 a 20.00 en el Centro Cultural Medina Elvira donde abordaremos el primer an\u00e1lisis realizado.<\/span><\/p>\n<p><span style=\"font-family: 'Times New Roman', Times, serif;\">Para saber m\u00e1s pod\u00e9is seguir el desarrollo de la Agenda 21 de Atarfe a trav\u00e9s de Facebook, escribiendo un correo a <a class=\"m_-44091017863407409moz-txt-link-abbreviated\" href=\"mailto:info@pasos.coop\" target=\"_blank\">info@pasos.coop<\/a> o a trav\u00e9s del Ayuntamiento por la Concejal\u00eda de Medioambiente.<\/span><\/p>\n<p><span style=\"font-family: 'Times New Roman', Times, serif;\">Asociaci\u00f3n PASOS<br \/>\nASITEC<br \/>\nAyuntamiento de Atarfe<br \/>\nDiputaci\u00f3n de Granada<\/span><\/p>\n<p><a href=\"https:\/\/i0.wp.com\/miradordeatarfe.es\/wp-content\/uploads\/2017\/03\/unnamed-1.jpg?ssl=1\"><img data-recalc-dims=\"1\" loading=\"lazy\" decoding=\"async\" class=\"alignnone size-full wp-image-14997\" src=\"https:\/\/i0.wp.com\/miradordeatarfe.es\/wp-content\/uploads\/2017\/03\/unnamed-1.jpg?resize=640%2C905&#038;ssl=1\" alt=\"\" width=\"640\" height=\"905\" srcset=\"https:\/\/i0.wp.com\/miradordeatarfe.es\/wp-content\/uploads\/2017\/03\/unnamed-1.jpg?w=1508&amp;ssl=1 1508w, https:\/\/i0.wp.com\/miradordeatarfe.es\/wp-content\/uploads\/2017\/03\/unnamed-1.jpg?resize=212%2C300&amp;ssl=1 212w, https:\/\/i0.wp.com\/miradordeatarfe.es\/wp-content\/uploads\/2017\/03\/unnamed-1.jpg?resize=768%2C1086&amp;ssl=1 768w, https:\/\/i0.wp.com\/miradordeatarfe.es\/wp-content\/uploads\/2017\/03\/unnamed-1.jpg?resize=724%2C1024&amp;ssl=1 724w, https:\/\/i0.wp.com\/miradordeatarfe.es\/wp-content\/uploads\/2017\/03\/unnamed-1.jpg?resize=600%2C848&amp;ssl=1 600w, https:\/\/i0.wp.com\/miradordeatarfe.es\/wp-content\/uploads\/2017\/03\/unnamed-1.jpg?w=1280&amp;ssl=1 1280w\" sizes=\"auto, (max-width: 640px) 100vw, 640px\" \/><\/a><\/p>\n","protected":false},"excerpt":{"rendered":"<p>Estimadas\/os vecinas\/os, les invitamos a formar parte del primer foro de la Agenda 21, un&#8230;<\/p>\n","protected":false},"author":1,"featured_media":14998,"comment_status":"closed","ping_status":"closed","sticky":false,"template":"","format":"standard","meta":{"_coblocks_attr":"","_coblocks_dimensions":"","_coblocks_responsive_height":"","_coblocks_accordion_ie_support":"","jetpack_post_was_ever_published":false,"_jetpack_newsletter_access":"","_jetpack_dont_email_post_to_subs":false,"_jetpack_newsletter_tier_id":0,"_jetpack_memberships_contains_paywalled_content":false,"_jetpack_memberships_contains_paid_content":false,"footnotes":"","jetpack_publicize_message":"","jetpack_publicize_feature_enabled":true,"jetpack_social_post_already_shared":false,"jetpack_social_options":{"image_generator_settings":{"template":"highway","default_image_id":0,"enabled":false},"version":2}},"categories":[2,1161,44,15],"tags":[65,99,2262],"class_list":["post-14996","post","type-post","status-publish","format-standard","has-post-thumbnail","hentry","category-atarfe","category-ciudadania","category-noticias-de-hoy","category-ultimas-noticias","tag-economia","tag-medio-ambiente","tag-transportes"],"jetpack_publicize_connections":[],"jetpack_featured_media_url":"https:\/\/i0.wp.com\/miradordeatarfe.es\/wp-content\/uploads\/2017\/03\/16681775_1744144515915185_4627773279285869789_n-1.jpg?fit=952%2C500&ssl=1","jetpack_likes_enabled":true,"jetpack_sharing_enabled":true,"_links":{"self":[{"href":"https:\/\/miradordeatarfe.es\/index.php?rest_route=\/wp\/v2\/posts\/14996","targetHints":{"allow":["GET"]}}],"collection":[{"href":"https:\/\/miradordeatarfe.es\/index.php?rest_route=\/wp\/v2\/posts"}],"about":[{"href":"https:\/\/miradordeatarfe.es\/index.php?rest_route=\/wp\/v2\/types\/post"}],"author":[{"embeddable":true,"href":"https:\/\/miradordeatarfe.es\/index.php?rest_route=\/wp\/v2\/users\/1"}],"replies":[{"embeddable":true,"href":"https:\/\/miradordeatarfe.es\/index.php?rest_route=%2Fwp%2Fv2%2Fcomments&post=14996"}],"version-history":[{"count":2,"href":"https:\/\/miradordeatarfe.es\/index.php?rest_route=\/wp\/v2\/posts\/14996\/revisions"}],"predecessor-version":[{"id":15000,"href":"https:\/\/miradordeatarfe.es\/index.php?rest_route=\/wp\/v2\/posts\/14996\/revisions\/15000"}],"wp:featuredmedia":[{"embeddable":true,"href":"https:\/\/miradordeatarfe.es\/index.php?rest_route=\/wp\/v2\/media\/14998"}],"wp:attachment":[{"href":"https:\/\/miradordeatarfe.es\/index.php?rest_route=%2Fwp%2Fv2%2Fmedia&parent=14996"}],"wp:term":[{"taxonomy":"category","embeddable":true,"href":"https:\/\/miradordeatarfe.es\/index.php?rest_route=%2Fwp%2Fv2%2Fcategories&post=14996"},{"taxonomy":"post_tag","embeddable":true,"href":"https:\/\/miradordeatarfe.es\/index.php?rest_route=%2Fwp%2Fv2%2Ftags&post=14996"}],"curies":[{"name":"wp","href":"https:\/\/api.w.org\/{rel}","templated":true}]}}